{"id":814,"date":"2022-11-03T07:53:04","date_gmt":"2022-11-03T05:53:04","guid":{"rendered":"https:\/\/www.cabinet-jvl.fr\/site\/?p=814"},"modified":"2022-11-10T19:33:03","modified_gmt":"2022-11-10T17:33:03","slug":"quatre-jours-a-paris-autour-des-notions-dabus-et-de-traumas","status":"publish","type":"post","link":"https:\/\/www.cabinet-jvl.fr\/site\/2022\/11\/03\/quatre-jours-a-paris-autour-des-notions-dabus-et-de-traumas\/","title":{"rendered":"Quatre jours \u00e0 Paris autour des notions &#8220;d&#8217;abus&#8221; et de &#8220;traumas&#8221;"},"content":{"rendered":"\n<p>Aujourd&#8217;hui commence une session de quatre jours qui promet d&#8217;\u00eatre intense. Quatre journ\u00e9es d\u00e9di\u00e9es sp\u00e9cifiquement \u00e0 l&#8217;accompagnement des victimes d&#8217;abus et aux traumas&#8230;<\/p>\n\n\n\n<!--more-->\n\n\n\n<p>C&#8217;est en compagnie de <a href=\"https:\/\/alainheril.com\/\" target=\"_blank\" rel=\"noreferrer noopener\">Alain H\u00e9ril<\/a>, psychanalyste et sexoth\u00e9rapeute ; de <a href=\"https:\/\/lepeuch.fr\/\" target=\"_blank\" rel=\"noreferrer noopener\">Isabelle Le Peu&#8217;ch<\/a>, Gestalt th\u00e9rapeute ; Patrick Lherbier, Psychologue clinicien, et <a href=\"https:\/\/www.linkedin.com\/in\/marie-gabrielle-bernard-61a583164\" target=\"_blank\" rel=\"noreferrer noopener\">Marie-Gabrielle Bernard<\/a>, Praticienne en psychoth\u00e9rapie int\u00e9grative et Directrice de <a href=\"https:\/\/indigo-formations.fr\/\" target=\"_blank\" rel=\"noreferrer noopener\">Indigo Formations<\/a>,  que ce programme va s&#8217;explorer au sein d&#8217;un groupe de travail qui promet d&#8217;\u00eatre, comme \u00e0 l&#8217;habitude, dense et dynamique. <\/p>\n\n\n\n<p>Il s&#8217;agit l\u00e0 d&#8217;une belle occasion de requisitionner le sujet, d&#8217;apprendre potentiellement de nouvelles choses et d&#8217;int\u00e9grer de nouveaux outils afin d&#8217;accueillir ces situations, souvent sensibles et complexes, de fa\u00e7on encore plus sp\u00e9cifiques.<\/p>\n\n\n\n<figure class=\"wp-block-image size-full\"><img loading=\"lazy\" decoding=\"async\" width=\"600\" height=\"584\" src=\"https:\/\/www.cabinet-jvl.fr\/site\/wp-content\/uploads\/depositphotos_7812091-stock-photo-brain-disease.webp\" alt=\"\" class=\"wp-image-816\" srcset=\"https:\/\/www.cabinet-jvl.fr\/site\/wp-content\/uploads\/depositphotos_7812091-stock-photo-brain-disease.webp 600w, https:\/\/www.cabinet-jvl.fr\/site\/wp-content\/uploads\/depositphotos_7812091-stock-photo-brain-disease-300x292.webp 300w\" sizes=\"auto, (max-width: 600px) 100vw, 600px\" \/><\/figure>\n\n\n\n<figure class=\"wp-block-image size-full is-resized\"><img loading=\"lazy\" decoding=\"async\" src=\"https:\/\/www.cabinet-jvl.fr\/site\/wp-content\/uploads\/depositphotos_57737265-stock-photo-brain-disease-therapy-e1667463272634.webp\" alt=\"\" class=\"wp-image-815\" width=\"334\" height=\"334\" srcset=\"https:\/\/www.cabinet-jvl.fr\/site\/wp-content\/uploads\/depositphotos_57737265-stock-photo-brain-disease-therapy-e1667463272634.webp 598w, https:\/\/www.cabinet-jvl.fr\/site\/wp-content\/uploads\/depositphotos_57737265-stock-photo-brain-disease-therapy-e1667463272634-300x300.webp 300w, https:\/\/www.cabinet-jvl.fr\/site\/wp-content\/uploads\/depositphotos_57737265-stock-photo-brain-disease-therapy-e1667463272634-100x100.webp 100w, https:\/\/www.cabinet-jvl.fr\/site\/wp-content\/uploads\/depositphotos_57737265-stock-photo-brain-disease-therapy-e1667463272634-150x150.webp 150w\" sizes=\"auto, (max-width: 334px) 100vw, 334px\" \/><\/figure>\n\n\n\n<p>Une d\u00e9marche qui permettra \u00e9galement de travailler la question de la &#8220;relation&#8221; au sein de la th\u00e9rapie, un sujet central pour les accompagnement realis\u00e9s au cabinet. <\/p>\n\n\n\n<p>Ce passage Parisien sera \u00e9videmment et \u00e9galement l&#8217;occasion de voir et prendre du temps avec des coll\u00e8gues et ami\u2022e\u2022s essentiel\u2022le\u2022s pour moi, de parler projets et collaborations mais \u00e9galement de r\u00e9aliser quelques s\u00e9ances d&#8217;accompagnement.<\/p>\n\n\n\n<figure class=\"wp-block-image size-large\"><img loading=\"lazy\" decoding=\"async\" width=\"1024\" height=\"1024\" src=\"https:\/\/www.cabinet-jvl.fr\/site\/wp-content\/uploads\/IMG_20221106_185827_427-1024x1024.jpg\" alt=\"\" class=\"wp-image-827\" srcset=\"https:\/\/www.cabinet-jvl.fr\/site\/wp-content\/uploads\/IMG_20221106_185827_427-1024x1024.jpg 1024w, https:\/\/www.cabinet-jvl.fr\/site\/wp-content\/uploads\/IMG_20221106_185827_427-300x300.jpg 300w, https:\/\/www.cabinet-jvl.fr\/site\/wp-content\/uploads\/IMG_20221106_185827_427-100x100.jpg 100w, https:\/\/www.cabinet-jvl.fr\/site\/wp-content\/uploads\/IMG_20221106_185827_427-600x600.jpg 600w, https:\/\/www.cabinet-jvl.fr\/site\/wp-content\/uploads\/IMG_20221106_185827_427-150x150.jpg 150w, https:\/\/www.cabinet-jvl.fr\/site\/wp-content\/uploads\/IMG_20221106_185827_427-768x768.jpg 768w, https:\/\/www.cabinet-jvl.fr\/site\/wp-content\/uploads\/IMG_20221106_185827_427-1536x1536.jpg 1536w, https:\/\/www.cabinet-jvl.fr\/site\/wp-content\/uploads\/IMG_20221106_185827_427-2048x2048.jpg 2048w\" sizes=\"auto, (max-width: 1024px) 100vw, 1024px\" \/><figcaption class=\"wp-element-caption\">A. H\u00e9ril en ma\u00eetre de c\u00e9r\u00e9monie pour 4 jours intenses et riches.<\/figcaption><\/figure>\n\n\n\n<p> <\/p>\n","protected":false},"excerpt":{"rendered":"<p>Aujourd&#8217;hui commence une session de quatre jours qui promet d&#8217;\u00eatre intense. Quatre journ\u00e9es d\u00e9di\u00e9es sp\u00e9cifiquement \u00e0 l&#8217;accompagnement des victimes d&#8217;abus et aux traumas&#8230;<\/p>\n","protected":false},"author":2,"featured_media":816,"comment_status":"open","ping_status":"open","sticky":false,"template":"","format":"standard","meta":{"footnotes":""},"categories":[7,3,4],"tags":[],"class_list":["post-814","post","type-post","status-publish","format-standard","has-post-thumbnail","hentry","category-a-la-une","category-formation","category-therapie"],"yoast_head":"<!-- This site is optimized with the Yoast SEO plugin v23.6 - https:\/\/yoast.com\/wordpress\/plugins\/seo\/ -->\n<title>Quatre jours \u00e0 Paris autour des notions &quot;d&#039;abus&quot; et de &quot;traumas&quot; - Cabinet JVL<\/title>\n<meta name=\"robots\" content=\"index, follow, max-snippet:-1, max-image-preview:large, max-video-preview:-1\" \/>\n<link rel=\"canonical\" href=\"https:\/\/www.cabinet-jvl.fr\/site\/2022\/11\/03\/quatre-jours-a-paris-autour-des-notions-dabus-et-de-traumas\/\" \/>\n<meta property=\"og:locale\" content=\"fr_FR\" \/>\n<meta property=\"og:type\" content=\"article\" \/>\n<meta property=\"og:title\" content=\"Quatre jours \u00e0 Paris autour des notions &quot;d&#039;abus&quot; et de &quot;traumas&quot; - Cabinet JVL\" \/>\n<meta property=\"og:description\" content=\"Aujourd&#8217;hui commence une session de quatre jours qui promet d&#8217;\u00eatre intense. Quatre journ\u00e9es d\u00e9di\u00e9es sp\u00e9cifiquement \u00e0 l&#8217;accompagnement des victimes d&#8217;abus et aux traumas&#8230;\" \/>\n<meta property=\"og:url\" content=\"https:\/\/www.cabinet-jvl.fr\/site\/2022\/11\/03\/quatre-jours-a-paris-autour-des-notions-dabus-et-de-traumas\/\" \/>\n<meta property=\"og:site_name\" content=\"Cabinet JVL\" \/>\n<meta property=\"article:publisher\" content=\"https:\/\/www.facebook.com\/CabinetJVL\" \/>\n<meta property=\"article:published_time\" content=\"2022-11-03T05:53:04+00:00\" \/>\n<meta property=\"article:modified_time\" content=\"2022-11-10T17:33:03+00:00\" \/>\n<meta property=\"og:image\" content=\"https:\/\/www.cabinet-jvl.fr\/site\/wp-content\/uploads\/SilhouettePapierScotch.png\" \/>\n\t<meta property=\"og:image:width\" content=\"596\" \/>\n\t<meta property=\"og:image:height\" content=\"595\" \/>\n\t<meta property=\"og:image:type\" content=\"image\/png\" \/>\n<meta name=\"author\" content=\"J\u00e9r\u00f4me Valentin-L\u00e9autaud\" \/>\n<meta name=\"twitter:card\" content=\"summary_large_image\" \/>\n<meta name=\"twitter:creator\" content=\"@lamethodejvl\" \/>\n<meta name=\"twitter:site\" content=\"@lamethodejvl\" \/>\n<meta name=\"twitter:label1\" content=\"\u00c9crit par\" \/>\n\t<meta name=\"twitter:data1\" content=\"J\u00e9r\u00f4me Valentin-L\u00e9autaud\" \/>\n\t<meta name=\"twitter:label2\" content=\"Dur\u00e9e de lecture estim\u00e9e\" \/>\n\t<meta name=\"twitter:data2\" content=\"2 minutes\" \/>\n<script type=\"application\/ld+json\" class=\"yoast-schema-graph\">{\"@context\":\"https:\/\/schema.org\",\"@graph\":[{\"@type\":\"Article\",\"@id\":\"https:\/\/www.cabinet-jvl.fr\/site\/2022\/11\/03\/quatre-jours-a-paris-autour-des-notions-dabus-et-de-traumas\/#article\",\"isPartOf\":{\"@id\":\"https:\/\/www.cabinet-jvl.fr\/site\/2022\/11\/03\/quatre-jours-a-paris-autour-des-notions-dabus-et-de-traumas\/\"},\"author\":{\"name\":\"J\u00e9r\u00f4me Valentin-L\u00e9autaud\",\"@id\":\"https:\/\/www.cabinet-jvl.fr\/site\/#\/schema\/person\/6e5b1c6b96e0d0add241b04222fc3c70\"},\"headline\":\"Quatre jours \u00e0 Paris autour des notions &#8220;d&#8217;abus&#8221; et de &#8220;traumas&#8221;\",\"datePublished\":\"2022-11-03T05:53:04+00:00\",\"dateModified\":\"2022-11-10T17:33:03+00:00\",\"mainEntityOfPage\":{\"@id\":\"https:\/\/www.cabinet-jvl.fr\/site\/2022\/11\/03\/quatre-jours-a-paris-autour-des-notions-dabus-et-de-traumas\/\"},\"wordCount\":230,\"commentCount\":0,\"publisher\":{\"@id\":\"https:\/\/www.cabinet-jvl.fr\/site\/#organization\"},\"image\":{\"@id\":\"https:\/\/www.cabinet-jvl.fr\/site\/2022\/11\/03\/quatre-jours-a-paris-autour-des-notions-dabus-et-de-traumas\/#primaryimage\"},\"thumbnailUrl\":\"https:\/\/www.cabinet-jvl.fr\/site\/wp-content\/uploads\/depositphotos_7812091-stock-photo-brain-disease.webp\",\"articleSection\":[\"A la Une\",\"Formation\",\"Th\u00e9rapie\"],\"inLanguage\":\"fr-FR\",\"potentialAction\":[{\"@type\":\"CommentAction\",\"name\":\"Comment\",\"target\":[\"https:\/\/www.cabinet-jvl.fr\/site\/2022\/11\/03\/quatre-jours-a-paris-autour-des-notions-dabus-et-de-traumas\/#respond\"]}]},{\"@type\":\"WebPage\",\"@id\":\"https:\/\/www.cabinet-jvl.fr\/site\/2022\/11\/03\/quatre-jours-a-paris-autour-des-notions-dabus-et-de-traumas\/\",\"url\":\"https:\/\/www.cabinet-jvl.fr\/site\/2022\/11\/03\/quatre-jours-a-paris-autour-des-notions-dabus-et-de-traumas\/\",\"name\":\"Quatre jours \u00e0 Paris autour des notions \\\"d'abus\\\" et de \\\"traumas\\\" - Cabinet JVL\",\"isPartOf\":{\"@id\":\"https:\/\/www.cabinet-jvl.fr\/site\/#website\"},\"primaryImageOfPage\":{\"@id\":\"https:\/\/www.cabinet-jvl.fr\/site\/2022\/11\/03\/quatre-jours-a-paris-autour-des-notions-dabus-et-de-traumas\/#primaryimage\"},\"image\":{\"@id\":\"https:\/\/www.cabinet-jvl.fr\/site\/2022\/11\/03\/quatre-jours-a-paris-autour-des-notions-dabus-et-de-traumas\/#primaryimage\"},\"thumbnailUrl\":\"https:\/\/www.cabinet-jvl.fr\/site\/wp-content\/uploads\/depositphotos_7812091-stock-photo-brain-disease.webp\",\"datePublished\":\"2022-11-03T05:53:04+00:00\",\"dateModified\":\"2022-11-10T17:33:03+00:00\",\"breadcrumb\":{\"@id\":\"https:\/\/www.cabinet-jvl.fr\/site\/2022\/11\/03\/quatre-jours-a-paris-autour-des-notions-dabus-et-de-traumas\/#breadcrumb\"},\"inLanguage\":\"fr-FR\",\"potentialAction\":[{\"@type\":\"ReadAction\",\"target\":[\"https:\/\/www.cabinet-jvl.fr\/site\/2022\/11\/03\/quatre-jours-a-paris-autour-des-notions-dabus-et-de-traumas\/\"]}]},{\"@type\":\"ImageObject\",\"inLanguage\":\"fr-FR\",\"@id\":\"https:\/\/www.cabinet-jvl.fr\/site\/2022\/11\/03\/quatre-jours-a-paris-autour-des-notions-dabus-et-de-traumas\/#primaryimage\",\"url\":\"https:\/\/www.cabinet-jvl.fr\/site\/wp-content\/uploads\/depositphotos_7812091-stock-photo-brain-disease.webp\",\"contentUrl\":\"https:\/\/www.cabinet-jvl.fr\/site\/wp-content\/uploads\/depositphotos_7812091-stock-photo-brain-disease.webp\",\"width\":600,\"height\":584},{\"@type\":\"BreadcrumbList\",\"@id\":\"https:\/\/www.cabinet-jvl.fr\/site\/2022\/11\/03\/quatre-jours-a-paris-autour-des-notions-dabus-et-de-traumas\/#breadcrumb\",\"itemListElement\":[{\"@type\":\"ListItem\",\"position\":1,\"name\":\"Accueil\",\"item\":\"https:\/\/www.cabinet-jvl.fr\/site\/\"},{\"@type\":\"ListItem\",\"position\":2,\"name\":\"Quatre jours \u00e0 Paris autour des notions &#8220;d&#8217;abus&#8221; et de &#8220;traumas&#8221;\"}]},{\"@type\":\"WebSite\",\"@id\":\"https:\/\/www.cabinet-jvl.fr\/site\/#website\",\"url\":\"https:\/\/www.cabinet-jvl.fr\/site\/\",\"name\":\"Cabinet JVL\",\"description\":\"J\u00e9r\u00f4me Valentin-L\u00e9autaud, Th\u00e9rapeute Consultant et Formateur \u00e0 Nice\",\"publisher\":{\"@id\":\"https:\/\/www.cabinet-jvl.fr\/site\/#organization\"},\"potentialAction\":[{\"@type\":\"SearchAction\",\"target\":{\"@type\":\"EntryPoint\",\"urlTemplate\":\"https:\/\/www.cabinet-jvl.fr\/site\/?s={search_term_string}\"},\"query-input\":{\"@type\":\"PropertyValueSpecification\",\"valueRequired\":true,\"valueName\":\"search_term_string\"}}],\"inLanguage\":\"fr-FR\"},{\"@type\":\"Organization\",\"@id\":\"https:\/\/www.cabinet-jvl.fr\/site\/#organization\",\"name\":\"Cabinet J\u00e9r\u00f4me Valentin-L\u00e9autaud\",\"url\":\"https:\/\/www.cabinet-jvl.fr\/site\/\",\"logo\":{\"@type\":\"ImageObject\",\"inLanguage\":\"fr-FR\",\"@id\":\"https:\/\/www.cabinet-jvl.fr\/site\/#\/schema\/logo\/image\/\",\"url\":\"https:\/\/www.cabinet-jvl.fr\/site\/wp-content\/uploads\/logo-cabinet-jvl-s.png\",\"contentUrl\":\"https:\/\/www.cabinet-jvl.fr\/site\/wp-content\/uploads\/logo-cabinet-jvl-s.png\",\"width\":1044,\"height\":638,\"caption\":\"Cabinet J\u00e9r\u00f4me Valentin-L\u00e9autaud\"},\"image\":{\"@id\":\"https:\/\/www.cabinet-jvl.fr\/site\/#\/schema\/logo\/image\/\"},\"sameAs\":[\"https:\/\/www.facebook.com\/CabinetJVL\",\"https:\/\/x.com\/lamethodejvl\"]},{\"@type\":\"Person\",\"@id\":\"https:\/\/www.cabinet-jvl.fr\/site\/#\/schema\/person\/6e5b1c6b96e0d0add241b04222fc3c70\",\"name\":\"J\u00e9r\u00f4me Valentin-L\u00e9autaud\",\"image\":{\"@type\":\"ImageObject\",\"inLanguage\":\"fr-FR\",\"@id\":\"https:\/\/www.cabinet-jvl.fr\/site\/#\/schema\/person\/image\/\",\"url\":\"https:\/\/secure.gravatar.com\/avatar\/320546516242fa092184253c303851dd20d5830010cdcfb81d184d8abb5d1eed?s=96&d=mm&r=g\",\"contentUrl\":\"https:\/\/secure.gravatar.com\/avatar\/320546516242fa092184253c303851dd20d5830010cdcfb81d184d8abb5d1eed?s=96&d=mm&r=g\",\"caption\":\"J\u00e9r\u00f4me Valentin-L\u00e9autaud\"},\"url\":\"https:\/\/www.cabinet-jvl.fr\/site\/author\/jeromevl\/\"}]}<\/script>\n<!-- \/ Yoast SEO plugin. -->","yoast_head_json":{"title":"Quatre jours \u00e0 Paris autour des notions \"d'abus\" et de \"traumas\" - Cabinet JVL","robots":{"index":"index","follow":"follow","max-snippet":"max-snippet:-1","max-image-preview":"max-image-preview:large","max-video-preview":"max-video-preview:-1"},"canonical":"https:\/\/www.cabinet-jvl.fr\/site\/2022\/11\/03\/quatre-jours-a-paris-autour-des-notions-dabus-et-de-traumas\/","og_locale":"fr_FR","og_type":"article","og_title":"Quatre jours \u00e0 Paris autour des notions \"d'abus\" et de \"traumas\" - Cabinet JVL","og_description":"Aujourd&#8217;hui commence une session de quatre jours qui promet d&#8217;\u00eatre intense. Quatre journ\u00e9es d\u00e9di\u00e9es sp\u00e9cifiquement \u00e0 l&#8217;accompagnement des victimes d&#8217;abus et aux traumas&#8230;","og_url":"https:\/\/www.cabinet-jvl.fr\/site\/2022\/11\/03\/quatre-jours-a-paris-autour-des-notions-dabus-et-de-traumas\/","og_site_name":"Cabinet JVL","article_publisher":"https:\/\/www.facebook.com\/CabinetJVL","article_published_time":"2022-11-03T05:53:04+00:00","article_modified_time":"2022-11-10T17:33:03+00:00","og_image":[{"width":596,"height":595,"url":"https:\/\/www.cabinet-jvl.fr\/site\/wp-content\/uploads\/SilhouettePapierScotch.png","type":"image\/png"}],"author":"J\u00e9r\u00f4me Valentin-L\u00e9autaud","twitter_card":"summary_large_image","twitter_creator":"@lamethodejvl","twitter_site":"@lamethodejvl","twitter_misc":{"\u00c9crit par":"J\u00e9r\u00f4me Valentin-L\u00e9autaud","Dur\u00e9e de lecture estim\u00e9e":"2 minutes"},"schema":{"@context":"https:\/\/schema.org","@graph":[{"@type":"Article","@id":"https:\/\/www.cabinet-jvl.fr\/site\/2022\/11\/03\/quatre-jours-a-paris-autour-des-notions-dabus-et-de-traumas\/#article","isPartOf":{"@id":"https:\/\/www.cabinet-jvl.fr\/site\/2022\/11\/03\/quatre-jours-a-paris-autour-des-notions-dabus-et-de-traumas\/"},"author":{"name":"J\u00e9r\u00f4me Valentin-L\u00e9autaud","@id":"https:\/\/www.cabinet-jvl.fr\/site\/#\/schema\/person\/6e5b1c6b96e0d0add241b04222fc3c70"},"headline":"Quatre jours \u00e0 Paris autour des notions &#8220;d&#8217;abus&#8221; et de &#8220;traumas&#8221;","datePublished":"2022-11-03T05:53:04+00:00","dateModified":"2022-11-10T17:33:03+00:00","mainEntityOfPage":{"@id":"https:\/\/www.cabinet-jvl.fr\/site\/2022\/11\/03\/quatre-jours-a-paris-autour-des-notions-dabus-et-de-traumas\/"},"wordCount":230,"commentCount":0,"publisher":{"@id":"https:\/\/www.cabinet-jvl.fr\/site\/#organization"},"image":{"@id":"https:\/\/www.cabinet-jvl.fr\/site\/2022\/11\/03\/quatre-jours-a-paris-autour-des-notions-dabus-et-de-traumas\/#primaryimage"},"thumbnailUrl":"https:\/\/www.cabinet-jvl.fr\/site\/wp-content\/uploads\/depositphotos_7812091-stock-photo-brain-disease.webp","articleSection":["A la Une","Formation","Th\u00e9rapie"],"inLanguage":"fr-FR","potentialAction":[{"@type":"CommentAction","name":"Comment","target":["https:\/\/www.cabinet-jvl.fr\/site\/2022\/11\/03\/quatre-jours-a-paris-autour-des-notions-dabus-et-de-traumas\/#respond"]}]},{"@type":"WebPage","@id":"https:\/\/www.cabinet-jvl.fr\/site\/2022\/11\/03\/quatre-jours-a-paris-autour-des-notions-dabus-et-de-traumas\/","url":"https:\/\/www.cabinet-jvl.fr\/site\/2022\/11\/03\/quatre-jours-a-paris-autour-des-notions-dabus-et-de-traumas\/","name":"Quatre jours \u00e0 Paris autour des notions \"d'abus\" et de \"traumas\" - Cabinet JVL","isPartOf":{"@id":"https:\/\/www.cabinet-jvl.fr\/site\/#website"},"primaryImageOfPage":{"@id":"https:\/\/www.cabinet-jvl.fr\/site\/2022\/11\/03\/quatre-jours-a-paris-autour-des-notions-dabus-et-de-traumas\/#primaryimage"},"image":{"@id":"https:\/\/www.cabinet-jvl.fr\/site\/2022\/11\/03\/quatre-jours-a-paris-autour-des-notions-dabus-et-de-traumas\/#primaryimage"},"thumbnailUrl":"https:\/\/www.cabinet-jvl.fr\/site\/wp-content\/uploads\/depositphotos_7812091-stock-photo-brain-disease.webp","datePublished":"2022-11-03T05:53:04+00:00","dateModified":"2022-11-10T17:33:03+00:00","breadcrumb":{"@id":"https:\/\/www.cabinet-jvl.fr\/site\/2022\/11\/03\/quatre-jours-a-paris-autour-des-notions-dabus-et-de-traumas\/#breadcrumb"},"inLanguage":"fr-FR","potentialAction":[{"@type":"ReadAction","target":["https:\/\/www.cabinet-jvl.fr\/site\/2022\/11\/03\/quatre-jours-a-paris-autour-des-notions-dabus-et-de-traumas\/"]}]},{"@type":"ImageObject","inLanguage":"fr-FR","@id":"https:\/\/www.cabinet-jvl.fr\/site\/2022\/11\/03\/quatre-jours-a-paris-autour-des-notions-dabus-et-de-traumas\/#primaryimage","url":"https:\/\/www.cabinet-jvl.fr\/site\/wp-content\/uploads\/depositphotos_7812091-stock-photo-brain-disease.webp","contentUrl":"https:\/\/www.cabinet-jvl.fr\/site\/wp-content\/uploads\/depositphotos_7812091-stock-photo-brain-disease.webp","width":600,"height":584},{"@type":"BreadcrumbList","@id":"https:\/\/www.cabinet-jvl.fr\/site\/2022\/11\/03\/quatre-jours-a-paris-autour-des-notions-dabus-et-de-traumas\/#breadcrumb","itemListElement":[{"@type":"ListItem","position":1,"name":"Accueil","item":"https:\/\/www.cabinet-jvl.fr\/site\/"},{"@type":"ListItem","position":2,"name":"Quatre jours \u00e0 Paris autour des notions &#8220;d&#8217;abus&#8221; et de &#8220;traumas&#8221;"}]},{"@type":"WebSite","@id":"https:\/\/www.cabinet-jvl.fr\/site\/#website","url":"https:\/\/www.cabinet-jvl.fr\/site\/","name":"Cabinet JVL","description":"J\u00e9r\u00f4me Valentin-L\u00e9autaud, Th\u00e9rapeute Consultant et Formateur \u00e0 Nice","publisher":{"@id":"https:\/\/www.cabinet-jvl.fr\/site\/#organization"},"potentialAction":[{"@type":"SearchAction","target":{"@type":"EntryPoint","urlTemplate":"https:\/\/www.cabinet-jvl.fr\/site\/?s={search_term_string}"},"query-input":{"@type":"PropertyValueSpecification","valueRequired":true,"valueName":"search_term_string"}}],"inLanguage":"fr-FR"},{"@type":"Organization","@id":"https:\/\/www.cabinet-jvl.fr\/site\/#organization","name":"Cabinet J\u00e9r\u00f4me Valentin-L\u00e9autaud","url":"https:\/\/www.cabinet-jvl.fr\/site\/","logo":{"@type":"ImageObject","inLanguage":"fr-FR","@id":"https:\/\/www.cabinet-jvl.fr\/site\/#\/schema\/logo\/image\/","url":"https:\/\/www.cabinet-jvl.fr\/site\/wp-content\/uploads\/logo-cabinet-jvl-s.png","contentUrl":"https:\/\/www.cabinet-jvl.fr\/site\/wp-content\/uploads\/logo-cabinet-jvl-s.png","width":1044,"height":638,"caption":"Cabinet J\u00e9r\u00f4me Valentin-L\u00e9autaud"},"image":{"@id":"https:\/\/www.cabinet-jvl.fr\/site\/#\/schema\/logo\/image\/"},"sameAs":["https:\/\/www.facebook.com\/CabinetJVL","https:\/\/x.com\/lamethodejvl"]},{"@type":"Person","@id":"https:\/\/www.cabinet-jvl.fr\/site\/#\/schema\/person\/6e5b1c6b96e0d0add241b04222fc3c70","name":"J\u00e9r\u00f4me Valentin-L\u00e9autaud","image":{"@type":"ImageObject","inLanguage":"fr-FR","@id":"https:\/\/www.cabinet-jvl.fr\/site\/#\/schema\/person\/image\/","url":"https:\/\/secure.gravatar.com\/avatar\/320546516242fa092184253c303851dd20d5830010cdcfb81d184d8abb5d1eed?s=96&d=mm&r=g","contentUrl":"https:\/\/secure.gravatar.com\/avatar\/320546516242fa092184253c303851dd20d5830010cdcfb81d184d8abb5d1eed?s=96&d=mm&r=g","caption":"J\u00e9r\u00f4me Valentin-L\u00e9autaud"},"url":"https:\/\/www.cabinet-jvl.fr\/site\/author\/jeromevl\/"}]}},"_links":{"self":[{"href":"https:\/\/www.cabinet-jvl.fr\/site\/wp-json\/wp\/v2\/posts\/814","targetHints":{"allow":["GET"]}}],"collection":[{"href":"https:\/\/www.cabinet-jvl.fr\/site\/wp-json\/wp\/v2\/posts"}],"about":[{"href":"https:\/\/www.cabinet-jvl.fr\/site\/wp-json\/wp\/v2\/types\/post"}],"author":[{"embeddable":true,"href":"https:\/\/www.cabinet-jvl.fr\/site\/wp-json\/wp\/v2\/users\/2"}],"replies":[{"embeddable":true,"href":"https:\/\/www.cabinet-jvl.fr\/site\/wp-json\/wp\/v2\/comments?post=814"}],"version-history":[{"count":8,"href":"https:\/\/www.cabinet-jvl.fr\/site\/wp-json\/wp\/v2\/posts\/814\/revisions"}],"predecessor-version":[{"id":832,"href":"https:\/\/www.cabinet-jvl.fr\/site\/wp-json\/wp\/v2\/posts\/814\/revisions\/832"}],"wp:featuredmedia":[{"embeddable":true,"href":"https:\/\/www.cabinet-jvl.fr\/site\/wp-json\/wp\/v2\/media\/816"}],"wp:attachment":[{"href":"https:\/\/www.cabinet-jvl.fr\/site\/wp-json\/wp\/v2\/media?parent=814"}],"wp:term":[{"taxonomy":"category","embeddable":true,"href":"https:\/\/www.cabinet-jvl.fr\/site\/wp-json\/wp\/v2\/categories?post=814"},{"taxonomy":"post_tag","embeddable":true,"href":"https:\/\/www.cabinet-jvl.fr\/site\/wp-json\/wp\/v2\/tags?post=814"}],"curies":[{"name":"wp","href":"https:\/\/api.w.org\/{rel}","templated":true}]}}