{"id":799,"date":"2022-10-31T12:48:35","date_gmt":"2022-10-31T10:48:35","guid":{"rendered":"https:\/\/www.cabinet-jvl.fr\/site\/?p=799"},"modified":"2022-10-31T13:04:41","modified_gmt":"2022-10-31T11:04:41","slug":"retour-au-cabinet-apres-un-beau-et-constructif-deplacement","status":"publish","type":"post","link":"https:\/\/www.cabinet-jvl.fr\/site\/2022\/10\/31\/retour-au-cabinet-apres-un-beau-et-constructif-deplacement\/","title":{"rendered":"Retour au cabinet, apr\u00e8s un beau et constructif d\u00e9placement!"},"content":{"rendered":"\n<p>Retour aux consultations pr\u00e9sentielles au cabinet apr\u00e8s 15 jours intenses dans le Sud de la France&#8230;<\/p>\n\n\n\n<!--more-->\n\n\n\n<p> &#8230; o\u00f9 il a \u00e9t\u00e9 question notamment de r\u00e9diger, de travailler sur des interventions \u00e0 venir, et d&#8217;assurer les accompagnements quotidiens \u00e0 distance,  c&#8217;est avec plaisir que je retrouve le cabinet pour quelques jours &#8211; avant un nouveau d\u00e9placement qui d\u00e9butera jeudi -.<\/p>\n\n\n\n<p>Dans le sud, ce fut un vrai plaisir  que de passer du temps et d&#8217;observer les convergences et compl\u00e9mentarit\u00e9s qui se r\u00e9v\u00e8lent avec l&#8217;ami et coll\u00e8gue <a href=\"https:\/\/jeandupreformations.thinkific.com\/\" target=\"_blank\" rel=\"noreferrer noopener\">Jean Dupr\u00e9<\/a>.<\/p>\n\n\n\n<figure class=\"wp-block-image size-full\"><img loading=\"lazy\" decoding=\"async\" width=\"1023\" height=\"1023\" src=\"https:\/\/www.cabinet-jvl.fr\/site\/wp-content\/uploads\/received_1191410378141534.jpeg\" alt=\"\" class=\"wp-image-801\" srcset=\"https:\/\/www.cabinet-jvl.fr\/site\/wp-content\/uploads\/received_1191410378141534.jpeg 1023w, https:\/\/www.cabinet-jvl.fr\/site\/wp-content\/uploads\/received_1191410378141534-300x300.jpeg 300w, https:\/\/www.cabinet-jvl.fr\/site\/wp-content\/uploads\/received_1191410378141534-100x100.jpeg 100w, https:\/\/www.cabinet-jvl.fr\/site\/wp-content\/uploads\/received_1191410378141534-600x600.jpeg 600w, https:\/\/www.cabinet-jvl.fr\/site\/wp-content\/uploads\/received_1191410378141534-150x150.jpeg 150w, https:\/\/www.cabinet-jvl.fr\/site\/wp-content\/uploads\/received_1191410378141534-768x768.jpeg 768w\" sizes=\"auto, (max-width: 1023px) 100vw, 1023px\" \/><figcaption>Les multiples temps d&#8217;\u00e9change et de co-r\u00e9daction avec <a href=\"https:\/\/jeandupreformations.thinkific.com\/\" target=\"_blank\" rel=\"noreferrer noopener\">Jean Dupr\u00e9<\/a> dans un cadre pour le moins sympathique.<\/figcaption><\/figure>\n\n\n\n<p>Plaisir \u00e9galement de d\u00e9couvrir de nouvelles personnes qui ne manqueront pas d&#8217;\u00eatre toutes aussi compl\u00e9mentaires et enrichissantes tant en termes de projets qu&#8217;intellectuellement et humainement. <\/p>\n\n\n\n<p>Plaisir aussi de revoir des ami\u2022e\u2022s et d&#8217;avoir le temps d&#8217;\u00e9changer, de rire et d&#8217;\u00eatre tout simplement ensemble.<\/p>\n\n\n\n<p>Plaisir enfin de passer du temps et de d\u00e9couvrir une ville vraiment charmante, sympathique et lumineuse : Nice&#8230;<\/p>\n\n\n\n<figure class=\"wp-block-image size-large\"><img loading=\"lazy\" decoding=\"async\" width=\"1024\" height=\"576\" src=\"https:\/\/www.cabinet-jvl.fr\/site\/wp-content\/uploads\/20221019_183214-1024x576.jpg\" alt=\"\" class=\"wp-image-802\" srcset=\"https:\/\/www.cabinet-jvl.fr\/site\/wp-content\/uploads\/20221019_183214-1024x576.jpg 1024w, https:\/\/www.cabinet-jvl.fr\/site\/wp-content\/uploads\/20221019_183214-300x169.jpg 300w, https:\/\/www.cabinet-jvl.fr\/site\/wp-content\/uploads\/20221019_183214-scaled-600x338.jpg 600w, https:\/\/www.cabinet-jvl.fr\/site\/wp-content\/uploads\/20221019_183214-768x432.jpg 768w, https:\/\/www.cabinet-jvl.fr\/site\/wp-content\/uploads\/20221019_183214-1536x864.jpg 1536w, https:\/\/www.cabinet-jvl.fr\/site\/wp-content\/uploads\/20221019_183214-2048x1152.jpg 2048w\" sizes=\"auto, (max-width: 1024px) 100vw, 1024px\" \/><figcaption>Lors d&#8217;une causerie\/balade de fin de journ\u00e9e&#8230;<\/figcaption><\/figure>\n\n\n\n<p><\/p>\n","protected":false},"excerpt":{"rendered":"<p>Retour aux consultations pr\u00e9sentielles au cabinet apr\u00e8s 15 jours intenses dans le Sud de la France&#8230;<\/p>\n","protected":false},"author":2,"featured_media":804,"comment_status":"open","ping_status":"open","sticky":false,"template":"","format":"standard","meta":{"footnotes":""},"categories":[7,4],"tags":[],"class_list":["post-799","post","type-post","status-publish","format-standard","has-post-thumbnail","hentry","category-a-la-une","category-therapie"],"yoast_head":"<!-- This site is optimized with the Yoast SEO plugin v23.6 - https:\/\/yoast.com\/wordpress\/plugins\/seo\/ -->\n<title>Retour au cabinet, apr\u00e8s un beau et constructif d\u00e9placement! - Cabinet JVL<\/title>\n<meta name=\"robots\" content=\"index, follow, max-snippet:-1, max-image-preview:large, max-video-preview:-1\" \/>\n<link rel=\"canonical\" href=\"https:\/\/www.cabinet-jvl.fr\/site\/2022\/10\/31\/retour-au-cabinet-apres-un-beau-et-constructif-deplacement\/\" \/>\n<meta property=\"og:locale\" content=\"fr_FR\" \/>\n<meta property=\"og:type\" content=\"article\" \/>\n<meta property=\"og:title\" content=\"Retour au cabinet, apr\u00e8s un beau et constructif d\u00e9placement! - Cabinet JVL\" \/>\n<meta property=\"og:description\" content=\"Retour aux consultations pr\u00e9sentielles au cabinet apr\u00e8s 15 jours intenses dans le Sud de la France&#8230;\" \/>\n<meta property=\"og:url\" content=\"https:\/\/www.cabinet-jvl.fr\/site\/2022\/10\/31\/retour-au-cabinet-apres-un-beau-et-constructif-deplacement\/\" \/>\n<meta property=\"og:site_name\" content=\"Cabinet JVL\" \/>\n<meta property=\"article:publisher\" content=\"https:\/\/www.facebook.com\/CabinetJVL\" \/>\n<meta property=\"article:published_time\" content=\"2022-10-31T10:48:35+00:00\" \/>\n<meta property=\"article:modified_time\" content=\"2022-10-31T11:04:41+00:00\" \/>\n<meta property=\"og:image\" content=\"https:\/\/www.cabinet-jvl.fr\/site\/wp-content\/uploads\/IMG_20220524_093246_574.jpg\" \/>\n\t<meta property=\"og:image:width\" content=\"2476\" \/>\n\t<meta property=\"og:image:height\" content=\"2476\" \/>\n\t<meta property=\"og:image:type\" content=\"image\/jpeg\" \/>\n<meta name=\"author\" content=\"J\u00e9r\u00f4me Valentin-L\u00e9autaud\" \/>\n<meta name=\"twitter:card\" content=\"summary_large_image\" \/>\n<meta name=\"twitter:creator\" content=\"@lamethodejvl\" \/>\n<meta name=\"twitter:site\" content=\"@lamethodejvl\" \/>\n<meta name=\"twitter:label1\" content=\"\u00c9crit par\" \/>\n\t<meta name=\"twitter:data1\" content=\"J\u00e9r\u00f4me Valentin-L\u00e9autaud\" \/>\n\t<meta name=\"twitter:label2\" content=\"Dur\u00e9e de lecture estim\u00e9e\" \/>\n\t<meta name=\"twitter:data2\" content=\"2 minutes\" \/>\n<script type=\"application\/ld+json\" class=\"yoast-schema-graph\">{\"@context\":\"https:\/\/schema.org\",\"@graph\":[{\"@type\":\"Article\",\"@id\":\"https:\/\/www.cabinet-jvl.fr\/site\/2022\/10\/31\/retour-au-cabinet-apres-un-beau-et-constructif-deplacement\/#article\",\"isPartOf\":{\"@id\":\"https:\/\/www.cabinet-jvl.fr\/site\/2022\/10\/31\/retour-au-cabinet-apres-un-beau-et-constructif-deplacement\/\"},\"author\":{\"name\":\"J\u00e9r\u00f4me Valentin-L\u00e9autaud\",\"@id\":\"https:\/\/www.cabinet-jvl.fr\/site\/#\/schema\/person\/6e5b1c6b96e0d0add241b04222fc3c70\"},\"headline\":\"Retour au cabinet, apr\u00e8s un beau et constructif d\u00e9placement!\",\"datePublished\":\"2022-10-31T10:48:35+00:00\",\"dateModified\":\"2022-10-31T11:04:41+00:00\",\"mainEntityOfPage\":{\"@id\":\"https:\/\/www.cabinet-jvl.fr\/site\/2022\/10\/31\/retour-au-cabinet-apres-un-beau-et-constructif-deplacement\/\"},\"wordCount\":207,\"commentCount\":0,\"publisher\":{\"@id\":\"https:\/\/www.cabinet-jvl.fr\/site\/#organization\"},\"image\":{\"@id\":\"https:\/\/www.cabinet-jvl.fr\/site\/2022\/10\/31\/retour-au-cabinet-apres-un-beau-et-constructif-deplacement\/#primaryimage\"},\"thumbnailUrl\":\"https:\/\/www.cabinet-jvl.fr\/site\/wp-content\/uploads\/IMG_20220524_093246_574.jpg\",\"articleSection\":[\"A la Une\",\"Th\u00e9rapie\"],\"inLanguage\":\"fr-FR\",\"potentialAction\":[{\"@type\":\"CommentAction\",\"name\":\"Comment\",\"target\":[\"https:\/\/www.cabinet-jvl.fr\/site\/2022\/10\/31\/retour-au-cabinet-apres-un-beau-et-constructif-deplacement\/#respond\"]}]},{\"@type\":\"WebPage\",\"@id\":\"https:\/\/www.cabinet-jvl.fr\/site\/2022\/10\/31\/retour-au-cabinet-apres-un-beau-et-constructif-deplacement\/\",\"url\":\"https:\/\/www.cabinet-jvl.fr\/site\/2022\/10\/31\/retour-au-cabinet-apres-un-beau-et-constructif-deplacement\/\",\"name\":\"Retour au cabinet, apr\u00e8s un beau et constructif d\u00e9placement! - Cabinet JVL\",\"isPartOf\":{\"@id\":\"https:\/\/www.cabinet-jvl.fr\/site\/#website\"},\"primaryImageOfPage\":{\"@id\":\"https:\/\/www.cabinet-jvl.fr\/site\/2022\/10\/31\/retour-au-cabinet-apres-un-beau-et-constructif-deplacement\/#primaryimage\"},\"image\":{\"@id\":\"https:\/\/www.cabinet-jvl.fr\/site\/2022\/10\/31\/retour-au-cabinet-apres-un-beau-et-constructif-deplacement\/#primaryimage\"},\"thumbnailUrl\":\"https:\/\/www.cabinet-jvl.fr\/site\/wp-content\/uploads\/IMG_20220524_093246_574.jpg\",\"datePublished\":\"2022-10-31T10:48:35+00:00\",\"dateModified\":\"2022-10-31T11:04:41+00:00\",\"breadcrumb\":{\"@id\":\"https:\/\/www.cabinet-jvl.fr\/site\/2022\/10\/31\/retour-au-cabinet-apres-un-beau-et-constructif-deplacement\/#breadcrumb\"},\"inLanguage\":\"fr-FR\",\"potentialAction\":[{\"@type\":\"ReadAction\",\"target\":[\"https:\/\/www.cabinet-jvl.fr\/site\/2022\/10\/31\/retour-au-cabinet-apres-un-beau-et-constructif-deplacement\/\"]}]},{\"@type\":\"ImageObject\",\"inLanguage\":\"fr-FR\",\"@id\":\"https:\/\/www.cabinet-jvl.fr\/site\/2022\/10\/31\/retour-au-cabinet-apres-un-beau-et-constructif-deplacement\/#primaryimage\",\"url\":\"https:\/\/www.cabinet-jvl.fr\/site\/wp-content\/uploads\/IMG_20220524_093246_574.jpg\",\"contentUrl\":\"https:\/\/www.cabinet-jvl.fr\/site\/wp-content\/uploads\/IMG_20220524_093246_574.jpg\",\"width\":2476,\"height\":2476},{\"@type\":\"BreadcrumbList\",\"@id\":\"https:\/\/www.cabinet-jvl.fr\/site\/2022\/10\/31\/retour-au-cabinet-apres-un-beau-et-constructif-deplacement\/#breadcrumb\",\"itemListElement\":[{\"@type\":\"ListItem\",\"position\":1,\"name\":\"Accueil\",\"item\":\"https:\/\/www.cabinet-jvl.fr\/site\/\"},{\"@type\":\"ListItem\",\"position\":2,\"name\":\"Retour au cabinet, apr\u00e8s un beau et constructif d\u00e9placement!\"}]},{\"@type\":\"WebSite\",\"@id\":\"https:\/\/www.cabinet-jvl.fr\/site\/#website\",\"url\":\"https:\/\/www.cabinet-jvl.fr\/site\/\",\"name\":\"Cabinet JVL\",\"description\":\"J\u00e9r\u00f4me Valentin-L\u00e9autaud, Th\u00e9rapeute Consultant et Formateur \u00e0 Nice\",\"publisher\":{\"@id\":\"https:\/\/www.cabinet-jvl.fr\/site\/#organization\"},\"potentialAction\":[{\"@type\":\"SearchAction\",\"target\":{\"@type\":\"EntryPoint\",\"urlTemplate\":\"https:\/\/www.cabinet-jvl.fr\/site\/?s={search_term_string}\"},\"query-input\":{\"@type\":\"PropertyValueSpecification\",\"valueRequired\":true,\"valueName\":\"search_term_string\"}}],\"inLanguage\":\"fr-FR\"},{\"@type\":\"Organization\",\"@id\":\"https:\/\/www.cabinet-jvl.fr\/site\/#organization\",\"name\":\"Cabinet J\u00e9r\u00f4me Valentin-L\u00e9autaud\",\"url\":\"https:\/\/www.cabinet-jvl.fr\/site\/\",\"logo\":{\"@type\":\"ImageObject\",\"inLanguage\":\"fr-FR\",\"@id\":\"https:\/\/www.cabinet-jvl.fr\/site\/#\/schema\/logo\/image\/\",\"url\":\"https:\/\/www.cabinet-jvl.fr\/site\/wp-content\/uploads\/logo-cabinet-jvl-s.png\",\"contentUrl\":\"https:\/\/www.cabinet-jvl.fr\/site\/wp-content\/uploads\/logo-cabinet-jvl-s.png\",\"width\":1044,\"height\":638,\"caption\":\"Cabinet J\u00e9r\u00f4me Valentin-L\u00e9autaud\"},\"image\":{\"@id\":\"https:\/\/www.cabinet-jvl.fr\/site\/#\/schema\/logo\/image\/\"},\"sameAs\":[\"https:\/\/www.facebook.com\/CabinetJVL\",\"https:\/\/x.com\/lamethodejvl\"]},{\"@type\":\"Person\",\"@id\":\"https:\/\/www.cabinet-jvl.fr\/site\/#\/schema\/person\/6e5b1c6b96e0d0add241b04222fc3c70\",\"name\":\"J\u00e9r\u00f4me Valentin-L\u00e9autaud\",\"image\":{\"@type\":\"ImageObject\",\"inLanguage\":\"fr-FR\",\"@id\":\"https:\/\/www.cabinet-jvl.fr\/site\/#\/schema\/person\/image\/\",\"url\":\"https:\/\/secure.gravatar.com\/avatar\/320546516242fa092184253c303851dd20d5830010cdcfb81d184d8abb5d1eed?s=96&d=mm&r=g\",\"contentUrl\":\"https:\/\/secure.gravatar.com\/avatar\/320546516242fa092184253c303851dd20d5830010cdcfb81d184d8abb5d1eed?s=96&d=mm&r=g\",\"caption\":\"J\u00e9r\u00f4me Valentin-L\u00e9autaud\"},\"url\":\"https:\/\/www.cabinet-jvl.fr\/site\/author\/jeromevl\/\"}]}<\/script>\n<!-- \/ Yoast SEO plugin. -->","yoast_head_json":{"title":"Retour au cabinet, apr\u00e8s un beau et constructif d\u00e9placement! - Cabinet JVL","robots":{"index":"index","follow":"follow","max-snippet":"max-snippet:-1","max-image-preview":"max-image-preview:large","max-video-preview":"max-video-preview:-1"},"canonical":"https:\/\/www.cabinet-jvl.fr\/site\/2022\/10\/31\/retour-au-cabinet-apres-un-beau-et-constructif-deplacement\/","og_locale":"fr_FR","og_type":"article","og_title":"Retour au cabinet, apr\u00e8s un beau et constructif d\u00e9placement! - Cabinet JVL","og_description":"Retour aux consultations pr\u00e9sentielles au cabinet apr\u00e8s 15 jours intenses dans le Sud de la France&#8230;","og_url":"https:\/\/www.cabinet-jvl.fr\/site\/2022\/10\/31\/retour-au-cabinet-apres-un-beau-et-constructif-deplacement\/","og_site_name":"Cabinet JVL","article_publisher":"https:\/\/www.facebook.com\/CabinetJVL","article_published_time":"2022-10-31T10:48:35+00:00","article_modified_time":"2022-10-31T11:04:41+00:00","og_image":[{"width":2476,"height":2476,"url":"https:\/\/www.cabinet-jvl.fr\/site\/wp-content\/uploads\/IMG_20220524_093246_574.jpg","type":"image\/jpeg"}],"author":"J\u00e9r\u00f4me Valentin-L\u00e9autaud","twitter_card":"summary_large_image","twitter_creator":"@lamethodejvl","twitter_site":"@lamethodejvl","twitter_misc":{"\u00c9crit par":"J\u00e9r\u00f4me Valentin-L\u00e9autaud","Dur\u00e9e de lecture estim\u00e9e":"2 minutes"},"schema":{"@context":"https:\/\/schema.org","@graph":[{"@type":"Article","@id":"https:\/\/www.cabinet-jvl.fr\/site\/2022\/10\/31\/retour-au-cabinet-apres-un-beau-et-constructif-deplacement\/#article","isPartOf":{"@id":"https:\/\/www.cabinet-jvl.fr\/site\/2022\/10\/31\/retour-au-cabinet-apres-un-beau-et-constructif-deplacement\/"},"author":{"name":"J\u00e9r\u00f4me Valentin-L\u00e9autaud","@id":"https:\/\/www.cabinet-jvl.fr\/site\/#\/schema\/person\/6e5b1c6b96e0d0add241b04222fc3c70"},"headline":"Retour au cabinet, apr\u00e8s un beau et constructif d\u00e9placement!","datePublished":"2022-10-31T10:48:35+00:00","dateModified":"2022-10-31T11:04:41+00:00","mainEntityOfPage":{"@id":"https:\/\/www.cabinet-jvl.fr\/site\/2022\/10\/31\/retour-au-cabinet-apres-un-beau-et-constructif-deplacement\/"},"wordCount":207,"commentCount":0,"publisher":{"@id":"https:\/\/www.cabinet-jvl.fr\/site\/#organization"},"image":{"@id":"https:\/\/www.cabinet-jvl.fr\/site\/2022\/10\/31\/retour-au-cabinet-apres-un-beau-et-constructif-deplacement\/#primaryimage"},"thumbnailUrl":"https:\/\/www.cabinet-jvl.fr\/site\/wp-content\/uploads\/IMG_20220524_093246_574.jpg","articleSection":["A la Une","Th\u00e9rapie"],"inLanguage":"fr-FR","potentialAction":[{"@type":"CommentAction","name":"Comment","target":["https:\/\/www.cabinet-jvl.fr\/site\/2022\/10\/31\/retour-au-cabinet-apres-un-beau-et-constructif-deplacement\/#respond"]}]},{"@type":"WebPage","@id":"https:\/\/www.cabinet-jvl.fr\/site\/2022\/10\/31\/retour-au-cabinet-apres-un-beau-et-constructif-deplacement\/","url":"https:\/\/www.cabinet-jvl.fr\/site\/2022\/10\/31\/retour-au-cabinet-apres-un-beau-et-constructif-deplacement\/","name":"Retour au cabinet, apr\u00e8s un beau et constructif d\u00e9placement! - Cabinet JVL","isPartOf":{"@id":"https:\/\/www.cabinet-jvl.fr\/site\/#website"},"primaryImageOfPage":{"@id":"https:\/\/www.cabinet-jvl.fr\/site\/2022\/10\/31\/retour-au-cabinet-apres-un-beau-et-constructif-deplacement\/#primaryimage"},"image":{"@id":"https:\/\/www.cabinet-jvl.fr\/site\/2022\/10\/31\/retour-au-cabinet-apres-un-beau-et-constructif-deplacement\/#primaryimage"},"thumbnailUrl":"https:\/\/www.cabinet-jvl.fr\/site\/wp-content\/uploads\/IMG_20220524_093246_574.jpg","datePublished":"2022-10-31T10:48:35+00:00","dateModified":"2022-10-31T11:04:41+00:00","breadcrumb":{"@id":"https:\/\/www.cabinet-jvl.fr\/site\/2022\/10\/31\/retour-au-cabinet-apres-un-beau-et-constructif-deplacement\/#breadcrumb"},"inLanguage":"fr-FR","potentialAction":[{"@type":"ReadAction","target":["https:\/\/www.cabinet-jvl.fr\/site\/2022\/10\/31\/retour-au-cabinet-apres-un-beau-et-constructif-deplacement\/"]}]},{"@type":"ImageObject","inLanguage":"fr-FR","@id":"https:\/\/www.cabinet-jvl.fr\/site\/2022\/10\/31\/retour-au-cabinet-apres-un-beau-et-constructif-deplacement\/#primaryimage","url":"https:\/\/www.cabinet-jvl.fr\/site\/wp-content\/uploads\/IMG_20220524_093246_574.jpg","contentUrl":"https:\/\/www.cabinet-jvl.fr\/site\/wp-content\/uploads\/IMG_20220524_093246_574.jpg","width":2476,"height":2476},{"@type":"BreadcrumbList","@id":"https:\/\/www.cabinet-jvl.fr\/site\/2022\/10\/31\/retour-au-cabinet-apres-un-beau-et-constructif-deplacement\/#breadcrumb","itemListElement":[{"@type":"ListItem","position":1,"name":"Accueil","item":"https:\/\/www.cabinet-jvl.fr\/site\/"},{"@type":"ListItem","position":2,"name":"Retour au cabinet, apr\u00e8s un beau et constructif d\u00e9placement!"}]},{"@type":"WebSite","@id":"https:\/\/www.cabinet-jvl.fr\/site\/#website","url":"https:\/\/www.cabinet-jvl.fr\/site\/","name":"Cabinet JVL","description":"J\u00e9r\u00f4me Valentin-L\u00e9autaud, Th\u00e9rapeute Consultant et Formateur \u00e0 Nice","publisher":{"@id":"https:\/\/www.cabinet-jvl.fr\/site\/#organization"},"potentialAction":[{"@type":"SearchAction","target":{"@type":"EntryPoint","urlTemplate":"https:\/\/www.cabinet-jvl.fr\/site\/?s={search_term_string}"},"query-input":{"@type":"PropertyValueSpecification","valueRequired":true,"valueName":"search_term_string"}}],"inLanguage":"fr-FR"},{"@type":"Organization","@id":"https:\/\/www.cabinet-jvl.fr\/site\/#organization","name":"Cabinet J\u00e9r\u00f4me Valentin-L\u00e9autaud","url":"https:\/\/www.cabinet-jvl.fr\/site\/","logo":{"@type":"ImageObject","inLanguage":"fr-FR","@id":"https:\/\/www.cabinet-jvl.fr\/site\/#\/schema\/logo\/image\/","url":"https:\/\/www.cabinet-jvl.fr\/site\/wp-content\/uploads\/logo-cabinet-jvl-s.png","contentUrl":"https:\/\/www.cabinet-jvl.fr\/site\/wp-content\/uploads\/logo-cabinet-jvl-s.png","width":1044,"height":638,"caption":"Cabinet J\u00e9r\u00f4me Valentin-L\u00e9autaud"},"image":{"@id":"https:\/\/www.cabinet-jvl.fr\/site\/#\/schema\/logo\/image\/"},"sameAs":["https:\/\/www.facebook.com\/CabinetJVL","https:\/\/x.com\/lamethodejvl"]},{"@type":"Person","@id":"https:\/\/www.cabinet-jvl.fr\/site\/#\/schema\/person\/6e5b1c6b96e0d0add241b04222fc3c70","name":"J\u00e9r\u00f4me Valentin-L\u00e9autaud","image":{"@type":"ImageObject","inLanguage":"fr-FR","@id":"https:\/\/www.cabinet-jvl.fr\/site\/#\/schema\/person\/image\/","url":"https:\/\/secure.gravatar.com\/avatar\/320546516242fa092184253c303851dd20d5830010cdcfb81d184d8abb5d1eed?s=96&d=mm&r=g","contentUrl":"https:\/\/secure.gravatar.com\/avatar\/320546516242fa092184253c303851dd20d5830010cdcfb81d184d8abb5d1eed?s=96&d=mm&r=g","caption":"J\u00e9r\u00f4me Valentin-L\u00e9autaud"},"url":"https:\/\/www.cabinet-jvl.fr\/site\/author\/jeromevl\/"}]}},"_links":{"self":[{"href":"https:\/\/www.cabinet-jvl.fr\/site\/wp-json\/wp\/v2\/posts\/799","targetHints":{"allow":["GET"]}}],"collection":[{"href":"https:\/\/www.cabinet-jvl.fr\/site\/wp-json\/wp\/v2\/posts"}],"about":[{"href":"https:\/\/www.cabinet-jvl.fr\/site\/wp-json\/wp\/v2\/types\/post"}],"author":[{"embeddable":true,"href":"https:\/\/www.cabinet-jvl.fr\/site\/wp-json\/wp\/v2\/users\/2"}],"replies":[{"embeddable":true,"href":"https:\/\/www.cabinet-jvl.fr\/site\/wp-json\/wp\/v2\/comments?post=799"}],"version-history":[{"count":8,"href":"https:\/\/www.cabinet-jvl.fr\/site\/wp-json\/wp\/v2\/posts\/799\/revisions"}],"predecessor-version":[{"id":813,"href":"https:\/\/www.cabinet-jvl.fr\/site\/wp-json\/wp\/v2\/posts\/799\/revisions\/813"}],"wp:featuredmedia":[{"embeddable":true,"href":"https:\/\/www.cabinet-jvl.fr\/site\/wp-json\/wp\/v2\/media\/804"}],"wp:attachment":[{"href":"https:\/\/www.cabinet-jvl.fr\/site\/wp-json\/wp\/v2\/media?parent=799"}],"wp:term":[{"taxonomy":"category","embeddable":true,"href":"https:\/\/www.cabinet-jvl.fr\/site\/wp-json\/wp\/v2\/categories?post=799"},{"taxonomy":"post_tag","embeddable":true,"href":"https:\/\/www.cabinet-jvl.fr\/site\/wp-json\/wp\/v2\/tags?post=799"}],"curies":[{"name":"wp","href":"https:\/\/api.w.org\/{rel}","templated":true}]}}