{"id":633,"date":"2022-10-01T12:36:22","date_gmt":"2022-10-01T10:36:22","guid":{"rendered":"https:\/\/www.cabinet-jvl.fr\/site\/?p=633"},"modified":"2022-10-01T13:16:12","modified_gmt":"2022-10-01T11:16:12","slug":"aines-parler-aider","status":"publish","type":"post","link":"https:\/\/www.cabinet-jvl.fr\/site\/2022\/10\/01\/aines-parler-aider\/","title":{"rendered":"Ain\u00e9s : parler, aider&#8230;"},"content":{"rendered":"\n<p>Avec la <a href=\"https:\/\/semaine-bleue.org\/\" target=\"_blank\" rel=\"noreferrer noopener\">Semaine Bleue<\/a> qui se d\u00e9roule du 3 au 9 octobre, c&#8217;est l&#8217;occasion de parler de l&#8217;age, du vieillissement, de l&#8217;implication et du r\u00f4le social de nos ain\u00e9-e-s, mais \u00e9galement de la perte d&#8217;autonomie et de la fin de vie etc.  <br>&#8220;365 jours pour agir et 7 jours pour le dire&#8221; voil\u00e0 une phrase qui r\u00e9sume parfaitement l&#8217;esprit que porte cette semaine! C&#8217;est pour moi l&#8217;occasion de&#8230;<\/p>\n\n\n\n<!--more-->\n\n\n\n<p>&#8230;vous pr\u00e9senter<strong> 3 niveaux d&#8217;interventions sp\u00e9cifiques que je r\u00e9alise<\/strong> : <\/p>\n\n\n\n<div class=\"wp-block-media-text alignwide is-stacked-on-mobile\" style=\"grid-template-columns:35% auto\"><figure class=\"wp-block-media-text__media\"><img loading=\"lazy\" decoding=\"async\" width=\"707\" height=\"1000\" src=\"https:\/\/www.cabinet-jvl.fr\/site\/wp-content\/uploads\/SemaineBleue2022-1.jpg\" alt=\"\" class=\"wp-image-642 size-full\" srcset=\"https:\/\/www.cabinet-jvl.fr\/site\/wp-content\/uploads\/SemaineBleue2022-1.jpg 707w, https:\/\/www.cabinet-jvl.fr\/site\/wp-content\/uploads\/SemaineBleue2022-1-300x424.jpg 300w, https:\/\/www.cabinet-jvl.fr\/site\/wp-content\/uploads\/SemaineBleue2022-1-600x849.jpg 600w, https:\/\/www.cabinet-jvl.fr\/site\/wp-content\/uploads\/SemaineBleue2022-1-212x300.jpg 212w\" sizes=\"auto, (max-width: 707px) 100vw, 707px\" \/><\/figure><div class=\"wp-block-media-text__content\">\n<ul class=\"wp-block-list\"><li><strong>Accompagner les \u00e9quipes au sein des \u00e9tablissements (EHPAD, maison de retraite)<\/strong> dans une d\u00e9marche : d&#8217;analyse des pratiques, de questionnement des postures \u00e9thiques et d\u00e9ontologiques, de formation, de gestion des \u00e9motions en situations complexes, de techniques de communication non violente qui facilitent les soins, d&#8217;accompagnement des r\u00e9organisations, etc. Par ce type d&#8217;interventions, l&#8217;id\u00e9e est de <strong>rendre encore plus qualitative et sp\u00e9cifique la prise en charge de la personne \u00e2g\u00e9e au sein de l&#8217;institution<\/strong>. Pour voir : <a href=\"https:\/\/www.cabinet-jvl.fr\/site\/2022\/07\/07\/accompagner-une-equipe-apres-une-fusion-detablissement-et-un-demenagement\/\">un exemple d&#8217;intervention<\/a> et pour lire quelques <a href=\"https:\/\/www.cabinet-jvl.fr\/site\/temoignages-clients-et-partenaires\/#FabriceC\">avis<\/a>.<\/li><\/ul>\n<\/div><\/div>\n\n\n\n<ul class=\"wp-block-list\"><li><strong><a href=\"https:\/\/www.cabinet-jvl.fr\/site\/therapie-avancer-ensemble\/\">Accompagner et soutenir les aidants<\/a><\/strong> : on constate que, face \u00e0 la perte d&#8217;autonomie, les aidants connaissent, peu \u00e0 peu, une usure et une fatigue importante et m\u00eame d\u00e9veloppent des probl\u00e9matiques de sant\u00e9 associ\u00e9es notamment au stress, \u00e0 l\u2019anxi\u00e9t\u00e9 et \u00e0 la fatigue. C&#8217;est le cas pour celles et ceux qui accompagnent des personnes souffrant de pathologies chroniques et\/ou d\u00e9g\u00e9n\u00e9ratives. <strong>Les accueillir en s\u00e9ances c&#8217;est leurs permettre d&#8217;exprimer, de verbaliser et de dire ce qui se passe pour eux dans la situation de perte d&#8217;autonomie de la personne qu&#8217;ils accompagnent<\/strong> et face \u00e0 laquelle ils peuvent avoir <strong>tendance \u00e0 s&#8217;oublier eux-m\u00eames<\/strong>. Cette abn\u00e9gation, ce courage et ce d\u00e9passement de soi ont souvent des cons\u00e9quences psychiques et \u00e9motionnelles qu&#8217;il convient d&#8217;accompagner. <\/li><\/ul>\n\n\n\n<ul class=\"wp-block-list\"><li><strong><a href=\"https:\/\/www.cabinet-jvl.fr\/site\/therapie-avancer-ensemble\/\">Accompagner, soutenir la personne \u00e2g\u00e9e dans son chemin de vie<\/a><\/strong> (3\u00e8me &#8211; 4\u00e8me age) <strong>et lutter contre son isolement <\/strong> :  de ce moment particulier que constitue le passage en retraite, en passant par toutes les \u00e9tapes &#8211; parfois joyeuses et parfois moins &#8211;  c&#8217;est accompagner la personne dans sa perte d&#8217;autonomie, sa gestion \u00e9motionnelle de certaines situations de sant\u00e9, la perte de  certains proches, du conjoint ou de la conjointe. La proposition ici est <strong>d&#8217;accompagner toutes \u00e9tapes et de cr\u00e9er un espace de parole et d&#8217;expression afin de cheminer vers une fin de vie apais\u00e9e<\/strong>.<\/li><\/ul>\n\n\n<div class=\"wp-block-image\">\n<figure class=\"aligncenter size-large is-resized\"><img loading=\"lazy\" decoding=\"async\" src=\"https:\/\/www.cabinet-jvl.fr\/site\/wp-content\/uploads\/Happy-rain-387033-1024x683.jpg\" alt=\"\" class=\"wp-image-640\" width=\"501\" height=\"333\" srcset=\"https:\/\/www.cabinet-jvl.fr\/site\/wp-content\/uploads\/Happy-rain-387033-1024x683.jpg 1024w, https:\/\/www.cabinet-jvl.fr\/site\/wp-content\/uploads\/Happy-rain-387033-300x200.jpg 300w, https:\/\/www.cabinet-jvl.fr\/site\/wp-content\/uploads\/Happy-rain-387033-scaled-600x400.jpg 600w, https:\/\/www.cabinet-jvl.fr\/site\/wp-content\/uploads\/Happy-rain-387033-768x512.jpg 768w, https:\/\/www.cabinet-jvl.fr\/site\/wp-content\/uploads\/Happy-rain-387033-1536x1024.jpg 1536w, https:\/\/www.cabinet-jvl.fr\/site\/wp-content\/uploads\/Happy-rain-387033-2048x1365.jpg 2048w\" sizes=\"auto, (max-width: 501px) 100vw, 501px\" \/><figcaption><strong>\u00ab La vie, ce n\u2019est pas d\u2019attendre que les orages passent, c\u2019est d\u2019apprendre comment danser sous la pluie. \u00bb<\/strong>  <strong>S\u00e9n\u00e8que<\/strong><\/figcaption><\/figure>\n<\/div>\n\n\n<p><\/p>\n","protected":false},"excerpt":{"rendered":"<p>Avec la Semaine Bleue qui se d\u00e9roule du 3 au 9 octobre, c&#8217;est l&#8217;occasion de parler de l&#8217;age, du vieillissement, de l&#8217;implication et du r\u00f4le social de nos ain\u00e9-e-s, mais \u00e9galement de la perte d&#8217;autonomie et de la fin de vie etc. &#8220;365 jours pour agir et 7 jours pour le dire&#8221; voil\u00e0 une phrase [&hellip;]<\/p>\n","protected":false},"author":2,"featured_media":643,"comment_status":"open","ping_status":"open","sticky":false,"template":"","format":"standard","meta":{"footnotes":""},"categories":[7,5,4],"tags":[],"class_list":["post-633","post","type-post","status-publish","format-standard","has-post-thumbnail","hentry","category-a-la-une","category-consulting","category-therapie"],"yoast_head":"<!-- This site is optimized with the Yoast SEO plugin v23.6 - https:\/\/yoast.com\/wordpress\/plugins\/seo\/ -->\n<title>Ain\u00e9s : parler, aider... - Cabinet JVL<\/title>\n<meta name=\"robots\" content=\"index, follow, max-snippet:-1, max-image-preview:large, max-video-preview:-1\" \/>\n<link rel=\"canonical\" href=\"https:\/\/www.cabinet-jvl.fr\/site\/2022\/10\/01\/aines-parler-aider\/\" \/>\n<meta property=\"og:locale\" content=\"fr_FR\" \/>\n<meta property=\"og:type\" content=\"article\" \/>\n<meta property=\"og:title\" content=\"Ain\u00e9s : parler, aider... - Cabinet JVL\" \/>\n<meta property=\"og:description\" content=\"Avec la Semaine Bleue qui se d\u00e9roule du 3 au 9 octobre, c&#8217;est l&#8217;occasion de parler de l&#8217;age, du vieillissement, de l&#8217;implication et du r\u00f4le social de nos ain\u00e9-e-s, mais \u00e9galement de la perte d&#8217;autonomie et de la fin de vie etc. &#8220;365 jours pour agir et 7 jours pour le dire&#8221; voil\u00e0 une phrase [&hellip;]\" \/>\n<meta property=\"og:url\" content=\"https:\/\/www.cabinet-jvl.fr\/site\/2022\/10\/01\/aines-parler-aider\/\" \/>\n<meta property=\"og:site_name\" content=\"Cabinet JVL\" \/>\n<meta property=\"article:publisher\" content=\"https:\/\/www.facebook.com\/CabinetJVL\" \/>\n<meta property=\"article:published_time\" content=\"2022-10-01T10:36:22+00:00\" \/>\n<meta property=\"article:modified_time\" content=\"2022-10-01T11:16:12+00:00\" \/>\n<meta property=\"og:image\" content=\"https:\/\/www.cabinet-jvl.fr\/site\/wp-content\/uploads\/Semaine_Bleue_2022-1.jpg\" \/>\n\t<meta property=\"og:image:width\" content=\"640\" \/>\n\t<meta property=\"og:image:height\" content=\"424\" \/>\n\t<meta property=\"og:image:type\" content=\"image\/jpeg\" \/>\n<meta name=\"author\" content=\"J\u00e9r\u00f4me Valentin-L\u00e9autaud\" \/>\n<meta name=\"twitter:card\" content=\"summary_large_image\" \/>\n<meta name=\"twitter:creator\" content=\"@lamethodejvl\" \/>\n<meta name=\"twitter:site\" content=\"@lamethodejvl\" \/>\n<meta name=\"twitter:label1\" content=\"\u00c9crit par\" \/>\n\t<meta name=\"twitter:data1\" content=\"J\u00e9r\u00f4me Valentin-L\u00e9autaud\" \/>\n\t<meta name=\"twitter:label2\" content=\"Dur\u00e9e de lecture estim\u00e9e\" \/>\n\t<meta name=\"twitter:data2\" content=\"3 minutes\" \/>\n<script type=\"application\/ld+json\" class=\"yoast-schema-graph\">{\"@context\":\"https:\/\/schema.org\",\"@graph\":[{\"@type\":\"Article\",\"@id\":\"https:\/\/www.cabinet-jvl.fr\/site\/2022\/10\/01\/aines-parler-aider\/#article\",\"isPartOf\":{\"@id\":\"https:\/\/www.cabinet-jvl.fr\/site\/2022\/10\/01\/aines-parler-aider\/\"},\"author\":{\"name\":\"J\u00e9r\u00f4me Valentin-L\u00e9autaud\",\"@id\":\"https:\/\/www.cabinet-jvl.fr\/site\/#\/schema\/person\/6e5b1c6b96e0d0add241b04222fc3c70\"},\"headline\":\"Ain\u00e9s : parler, aider&#8230;\",\"datePublished\":\"2022-10-01T10:36:22+00:00\",\"dateModified\":\"2022-10-01T11:16:12+00:00\",\"mainEntityOfPage\":{\"@id\":\"https:\/\/www.cabinet-jvl.fr\/site\/2022\/10\/01\/aines-parler-aider\/\"},\"wordCount\":448,\"commentCount\":0,\"publisher\":{\"@id\":\"https:\/\/www.cabinet-jvl.fr\/site\/#organization\"},\"image\":{\"@id\":\"https:\/\/www.cabinet-jvl.fr\/site\/2022\/10\/01\/aines-parler-aider\/#primaryimage\"},\"thumbnailUrl\":\"https:\/\/www.cabinet-jvl.fr\/site\/wp-content\/uploads\/Semaine_Bleue_2022-1.jpg\",\"articleSection\":[\"A la Une\",\"Consulting\",\"Th\u00e9rapie\"],\"inLanguage\":\"fr-FR\",\"potentialAction\":[{\"@type\":\"CommentAction\",\"name\":\"Comment\",\"target\":[\"https:\/\/www.cabinet-jvl.fr\/site\/2022\/10\/01\/aines-parler-aider\/#respond\"]}]},{\"@type\":\"WebPage\",\"@id\":\"https:\/\/www.cabinet-jvl.fr\/site\/2022\/10\/01\/aines-parler-aider\/\",\"url\":\"https:\/\/www.cabinet-jvl.fr\/site\/2022\/10\/01\/aines-parler-aider\/\",\"name\":\"Ain\u00e9s : parler, aider... - Cabinet JVL\",\"isPartOf\":{\"@id\":\"https:\/\/www.cabinet-jvl.fr\/site\/#website\"},\"primaryImageOfPage\":{\"@id\":\"https:\/\/www.cabinet-jvl.fr\/site\/2022\/10\/01\/aines-parler-aider\/#primaryimage\"},\"image\":{\"@id\":\"https:\/\/www.cabinet-jvl.fr\/site\/2022\/10\/01\/aines-parler-aider\/#primaryimage\"},\"thumbnailUrl\":\"https:\/\/www.cabinet-jvl.fr\/site\/wp-content\/uploads\/Semaine_Bleue_2022-1.jpg\",\"datePublished\":\"2022-10-01T10:36:22+00:00\",\"dateModified\":\"2022-10-01T11:16:12+00:00\",\"breadcrumb\":{\"@id\":\"https:\/\/www.cabinet-jvl.fr\/site\/2022\/10\/01\/aines-parler-aider\/#breadcrumb\"},\"inLanguage\":\"fr-FR\",\"potentialAction\":[{\"@type\":\"ReadAction\",\"target\":[\"https:\/\/www.cabinet-jvl.fr\/site\/2022\/10\/01\/aines-parler-aider\/\"]}]},{\"@type\":\"ImageObject\",\"inLanguage\":\"fr-FR\",\"@id\":\"https:\/\/www.cabinet-jvl.fr\/site\/2022\/10\/01\/aines-parler-aider\/#primaryimage\",\"url\":\"https:\/\/www.cabinet-jvl.fr\/site\/wp-content\/uploads\/Semaine_Bleue_2022-1.jpg\",\"contentUrl\":\"https:\/\/www.cabinet-jvl.fr\/site\/wp-content\/uploads\/Semaine_Bleue_2022-1.jpg\",\"width\":640,\"height\":424},{\"@type\":\"BreadcrumbList\",\"@id\":\"https:\/\/www.cabinet-jvl.fr\/site\/2022\/10\/01\/aines-parler-aider\/#breadcrumb\",\"itemListElement\":[{\"@type\":\"ListItem\",\"position\":1,\"name\":\"Accueil\",\"item\":\"https:\/\/www.cabinet-jvl.fr\/site\/\"},{\"@type\":\"ListItem\",\"position\":2,\"name\":\"Ain\u00e9s : parler, aider&#8230;\"}]},{\"@type\":\"WebSite\",\"@id\":\"https:\/\/www.cabinet-jvl.fr\/site\/#website\",\"url\":\"https:\/\/www.cabinet-jvl.fr\/site\/\",\"name\":\"Cabinet JVL\",\"description\":\"J\u00e9r\u00f4me Valentin-L\u00e9autaud, Th\u00e9rapeute Consultant et Formateur \u00e0 Nice\",\"publisher\":{\"@id\":\"https:\/\/www.cabinet-jvl.fr\/site\/#organization\"},\"potentialAction\":[{\"@type\":\"SearchAction\",\"target\":{\"@type\":\"EntryPoint\",\"urlTemplate\":\"https:\/\/www.cabinet-jvl.fr\/site\/?s={search_term_string}\"},\"query-input\":{\"@type\":\"PropertyValueSpecification\",\"valueRequired\":true,\"valueName\":\"search_term_string\"}}],\"inLanguage\":\"fr-FR\"},{\"@type\":\"Organization\",\"@id\":\"https:\/\/www.cabinet-jvl.fr\/site\/#organization\",\"name\":\"Cabinet J\u00e9r\u00f4me Valentin-L\u00e9autaud\",\"url\":\"https:\/\/www.cabinet-jvl.fr\/site\/\",\"logo\":{\"@type\":\"ImageObject\",\"inLanguage\":\"fr-FR\",\"@id\":\"https:\/\/www.cabinet-jvl.fr\/site\/#\/schema\/logo\/image\/\",\"url\":\"https:\/\/www.cabinet-jvl.fr\/site\/wp-content\/uploads\/logo-cabinet-jvl-s.png\",\"contentUrl\":\"https:\/\/www.cabinet-jvl.fr\/site\/wp-content\/uploads\/logo-cabinet-jvl-s.png\",\"width\":1044,\"height\":638,\"caption\":\"Cabinet J\u00e9r\u00f4me Valentin-L\u00e9autaud\"},\"image\":{\"@id\":\"https:\/\/www.cabinet-jvl.fr\/site\/#\/schema\/logo\/image\/\"},\"sameAs\":[\"https:\/\/www.facebook.com\/CabinetJVL\",\"https:\/\/x.com\/lamethodejvl\"]},{\"@type\":\"Person\",\"@id\":\"https:\/\/www.cabinet-jvl.fr\/site\/#\/schema\/person\/6e5b1c6b96e0d0add241b04222fc3c70\",\"name\":\"J\u00e9r\u00f4me Valentin-L\u00e9autaud\",\"image\":{\"@type\":\"ImageObject\",\"inLanguage\":\"fr-FR\",\"@id\":\"https:\/\/www.cabinet-jvl.fr\/site\/#\/schema\/person\/image\/\",\"url\":\"https:\/\/secure.gravatar.com\/avatar\/320546516242fa092184253c303851dd20d5830010cdcfb81d184d8abb5d1eed?s=96&d=mm&r=g\",\"contentUrl\":\"https:\/\/secure.gravatar.com\/avatar\/320546516242fa092184253c303851dd20d5830010cdcfb81d184d8abb5d1eed?s=96&d=mm&r=g\",\"caption\":\"J\u00e9r\u00f4me Valentin-L\u00e9autaud\"},\"url\":\"https:\/\/www.cabinet-jvl.fr\/site\/author\/jeromevl\/\"}]}<\/script>\n<!-- \/ Yoast SEO plugin. -->","yoast_head_json":{"title":"Ain\u00e9s : parler, aider... - Cabinet JVL","robots":{"index":"index","follow":"follow","max-snippet":"max-snippet:-1","max-image-preview":"max-image-preview:large","max-video-preview":"max-video-preview:-1"},"canonical":"https:\/\/www.cabinet-jvl.fr\/site\/2022\/10\/01\/aines-parler-aider\/","og_locale":"fr_FR","og_type":"article","og_title":"Ain\u00e9s : parler, aider... - Cabinet JVL","og_description":"Avec la Semaine Bleue qui se d\u00e9roule du 3 au 9 octobre, c&#8217;est l&#8217;occasion de parler de l&#8217;age, du vieillissement, de l&#8217;implication et du r\u00f4le social de nos ain\u00e9-e-s, mais \u00e9galement de la perte d&#8217;autonomie et de la fin de vie etc. &#8220;365 jours pour agir et 7 jours pour le dire&#8221; voil\u00e0 une phrase [&hellip;]","og_url":"https:\/\/www.cabinet-jvl.fr\/site\/2022\/10\/01\/aines-parler-aider\/","og_site_name":"Cabinet JVL","article_publisher":"https:\/\/www.facebook.com\/CabinetJVL","article_published_time":"2022-10-01T10:36:22+00:00","article_modified_time":"2022-10-01T11:16:12+00:00","og_image":[{"width":640,"height":424,"url":"https:\/\/www.cabinet-jvl.fr\/site\/wp-content\/uploads\/Semaine_Bleue_2022-1.jpg","type":"image\/jpeg"}],"author":"J\u00e9r\u00f4me Valentin-L\u00e9autaud","twitter_card":"summary_large_image","twitter_creator":"@lamethodejvl","twitter_site":"@lamethodejvl","twitter_misc":{"\u00c9crit par":"J\u00e9r\u00f4me Valentin-L\u00e9autaud","Dur\u00e9e de lecture estim\u00e9e":"3 minutes"},"schema":{"@context":"https:\/\/schema.org","@graph":[{"@type":"Article","@id":"https:\/\/www.cabinet-jvl.fr\/site\/2022\/10\/01\/aines-parler-aider\/#article","isPartOf":{"@id":"https:\/\/www.cabinet-jvl.fr\/site\/2022\/10\/01\/aines-parler-aider\/"},"author":{"name":"J\u00e9r\u00f4me Valentin-L\u00e9autaud","@id":"https:\/\/www.cabinet-jvl.fr\/site\/#\/schema\/person\/6e5b1c6b96e0d0add241b04222fc3c70"},"headline":"Ain\u00e9s : parler, aider&#8230;","datePublished":"2022-10-01T10:36:22+00:00","dateModified":"2022-10-01T11:16:12+00:00","mainEntityOfPage":{"@id":"https:\/\/www.cabinet-jvl.fr\/site\/2022\/10\/01\/aines-parler-aider\/"},"wordCount":448,"commentCount":0,"publisher":{"@id":"https:\/\/www.cabinet-jvl.fr\/site\/#organization"},"image":{"@id":"https:\/\/www.cabinet-jvl.fr\/site\/2022\/10\/01\/aines-parler-aider\/#primaryimage"},"thumbnailUrl":"https:\/\/www.cabinet-jvl.fr\/site\/wp-content\/uploads\/Semaine_Bleue_2022-1.jpg","articleSection":["A la Une","Consulting","Th\u00e9rapie"],"inLanguage":"fr-FR","potentialAction":[{"@type":"CommentAction","name":"Comment","target":["https:\/\/www.cabinet-jvl.fr\/site\/2022\/10\/01\/aines-parler-aider\/#respond"]}]},{"@type":"WebPage","@id":"https:\/\/www.cabinet-jvl.fr\/site\/2022\/10\/01\/aines-parler-aider\/","url":"https:\/\/www.cabinet-jvl.fr\/site\/2022\/10\/01\/aines-parler-aider\/","name":"Ain\u00e9s : parler, aider... - Cabinet JVL","isPartOf":{"@id":"https:\/\/www.cabinet-jvl.fr\/site\/#website"},"primaryImageOfPage":{"@id":"https:\/\/www.cabinet-jvl.fr\/site\/2022\/10\/01\/aines-parler-aider\/#primaryimage"},"image":{"@id":"https:\/\/www.cabinet-jvl.fr\/site\/2022\/10\/01\/aines-parler-aider\/#primaryimage"},"thumbnailUrl":"https:\/\/www.cabinet-jvl.fr\/site\/wp-content\/uploads\/Semaine_Bleue_2022-1.jpg","datePublished":"2022-10-01T10:36:22+00:00","dateModified":"2022-10-01T11:16:12+00:00","breadcrumb":{"@id":"https:\/\/www.cabinet-jvl.fr\/site\/2022\/10\/01\/aines-parler-aider\/#breadcrumb"},"inLanguage":"fr-FR","potentialAction":[{"@type":"ReadAction","target":["https:\/\/www.cabinet-jvl.fr\/site\/2022\/10\/01\/aines-parler-aider\/"]}]},{"@type":"ImageObject","inLanguage":"fr-FR","@id":"https:\/\/www.cabinet-jvl.fr\/site\/2022\/10\/01\/aines-parler-aider\/#primaryimage","url":"https:\/\/www.cabinet-jvl.fr\/site\/wp-content\/uploads\/Semaine_Bleue_2022-1.jpg","contentUrl":"https:\/\/www.cabinet-jvl.fr\/site\/wp-content\/uploads\/Semaine_Bleue_2022-1.jpg","width":640,"height":424},{"@type":"BreadcrumbList","@id":"https:\/\/www.cabinet-jvl.fr\/site\/2022\/10\/01\/aines-parler-aider\/#breadcrumb","itemListElement":[{"@type":"ListItem","position":1,"name":"Accueil","item":"https:\/\/www.cabinet-jvl.fr\/site\/"},{"@type":"ListItem","position":2,"name":"Ain\u00e9s : parler, aider&#8230;"}]},{"@type":"WebSite","@id":"https:\/\/www.cabinet-jvl.fr\/site\/#website","url":"https:\/\/www.cabinet-jvl.fr\/site\/","name":"Cabinet JVL","description":"J\u00e9r\u00f4me Valentin-L\u00e9autaud, Th\u00e9rapeute Consultant et Formateur \u00e0 Nice","publisher":{"@id":"https:\/\/www.cabinet-jvl.fr\/site\/#organization"},"potentialAction":[{"@type":"SearchAction","target":{"@type":"EntryPoint","urlTemplate":"https:\/\/www.cabinet-jvl.fr\/site\/?s={search_term_string}"},"query-input":{"@type":"PropertyValueSpecification","valueRequired":true,"valueName":"search_term_string"}}],"inLanguage":"fr-FR"},{"@type":"Organization","@id":"https:\/\/www.cabinet-jvl.fr\/site\/#organization","name":"Cabinet J\u00e9r\u00f4me Valentin-L\u00e9autaud","url":"https:\/\/www.cabinet-jvl.fr\/site\/","logo":{"@type":"ImageObject","inLanguage":"fr-FR","@id":"https:\/\/www.cabinet-jvl.fr\/site\/#\/schema\/logo\/image\/","url":"https:\/\/www.cabinet-jvl.fr\/site\/wp-content\/uploads\/logo-cabinet-jvl-s.png","contentUrl":"https:\/\/www.cabinet-jvl.fr\/site\/wp-content\/uploads\/logo-cabinet-jvl-s.png","width":1044,"height":638,"caption":"Cabinet J\u00e9r\u00f4me Valentin-L\u00e9autaud"},"image":{"@id":"https:\/\/www.cabinet-jvl.fr\/site\/#\/schema\/logo\/image\/"},"sameAs":["https:\/\/www.facebook.com\/CabinetJVL","https:\/\/x.com\/lamethodejvl"]},{"@type":"Person","@id":"https:\/\/www.cabinet-jvl.fr\/site\/#\/schema\/person\/6e5b1c6b96e0d0add241b04222fc3c70","name":"J\u00e9r\u00f4me Valentin-L\u00e9autaud","image":{"@type":"ImageObject","inLanguage":"fr-FR","@id":"https:\/\/www.cabinet-jvl.fr\/site\/#\/schema\/person\/image\/","url":"https:\/\/secure.gravatar.com\/avatar\/320546516242fa092184253c303851dd20d5830010cdcfb81d184d8abb5d1eed?s=96&d=mm&r=g","contentUrl":"https:\/\/secure.gravatar.com\/avatar\/320546516242fa092184253c303851dd20d5830010cdcfb81d184d8abb5d1eed?s=96&d=mm&r=g","caption":"J\u00e9r\u00f4me Valentin-L\u00e9autaud"},"url":"https:\/\/www.cabinet-jvl.fr\/site\/author\/jeromevl\/"}]}},"_links":{"self":[{"href":"https:\/\/www.cabinet-jvl.fr\/site\/wp-json\/wp\/v2\/posts\/633","targetHints":{"allow":["GET"]}}],"collection":[{"href":"https:\/\/www.cabinet-jvl.fr\/site\/wp-json\/wp\/v2\/posts"}],"about":[{"href":"https:\/\/www.cabinet-jvl.fr\/site\/wp-json\/wp\/v2\/types\/post"}],"author":[{"embeddable":true,"href":"https:\/\/www.cabinet-jvl.fr\/site\/wp-json\/wp\/v2\/users\/2"}],"replies":[{"embeddable":true,"href":"https:\/\/www.cabinet-jvl.fr\/site\/wp-json\/wp\/v2\/comments?post=633"}],"version-history":[{"count":9,"href":"https:\/\/www.cabinet-jvl.fr\/site\/wp-json\/wp\/v2\/posts\/633\/revisions"}],"predecessor-version":[{"id":657,"href":"https:\/\/www.cabinet-jvl.fr\/site\/wp-json\/wp\/v2\/posts\/633\/revisions\/657"}],"wp:featuredmedia":[{"embeddable":true,"href":"https:\/\/www.cabinet-jvl.fr\/site\/wp-json\/wp\/v2\/media\/643"}],"wp:attachment":[{"href":"https:\/\/www.cabinet-jvl.fr\/site\/wp-json\/wp\/v2\/media?parent=633"}],"wp:term":[{"taxonomy":"category","embeddable":true,"href":"https:\/\/www.cabinet-jvl.fr\/site\/wp-json\/wp\/v2\/categories?post=633"},{"taxonomy":"post_tag","embeddable":true,"href":"https:\/\/www.cabinet-jvl.fr\/site\/wp-json\/wp\/v2\/tags?post=633"}],"curies":[{"name":"wp","href":"https:\/\/api.w.org\/{rel}","templated":true}]}}