{"id":602,"date":"2022-09-26T12:51:38","date_gmt":"2022-09-26T10:51:38","guid":{"rendered":"https:\/\/www.cabinet-jvl.fr\/site\/?p=602"},"modified":"2022-09-26T20:42:37","modified_gmt":"2022-09-26T18:42:37","slug":"une-sequence-franco-suisse-riche-et-intense","status":"publish","type":"post","link":"https:\/\/www.cabinet-jvl.fr\/site\/2022\/09\/26\/une-sequence-franco-suisse-riche-et-intense\/","title":{"rendered":"Une s\u00e9quence franco-suisse riche et intense"},"content":{"rendered":"\n<p>Deplacement le 25 et 26 septembre en zone frontali\u00e8re franco-suisse, des s\u00e9ances et beaucoup de pistes pour la suite&#8230;<\/p>\n\n\n\n<!--more-->\n\n\n\n<p>C&#8217;est un plaisir d&#8217;autant plus grand pour moi que mes origines franco-suisses raisonnent chaque fois que je me rends sur ces terres d&#8217;enfance et familiales. Un lien qui m&#8217;est cher tant pour les souvenirs que par les affections qui s&#8217;y attachent. A cela s&#8217;ajoute en premier lieu la r\u00e9alisation de s\u00e9ances touchantes et engag\u00e9es.<\/p>\n\n\n\n<p>Au-del\u00e0 de cette belle dynamique, ce sont des projets qui poursuivent leur essor ! <\/p>\n\n\n\n<p>Nous avons en effet pu faire le point sur les collaborations \u00e0 venir et pris le temps de discussions fort constructives tant sur le fond que sur la forme. <\/p>\n\n\n\n<p>Voil\u00e0 qui augure sur 2023 et 2024 de belles perspectives ! <\/p>\n\n\n\n<p>Merci aux partenaires et coll\u00e8gues de leurs confiances! <\/p>\n","protected":false},"excerpt":{"rendered":"<p>Deplacement le 25 et 26 septembre en zone frontali\u00e8re franco-suisse, des s\u00e9ances et beaucoup de pistes pour la suite&#8230;<\/p>\n","protected":false},"author":2,"featured_media":603,"comment_status":"open","ping_status":"open","sticky":false,"template":"","format":"standard","meta":{"footnotes":""},"categories":[7,5,3,4],"tags":[],"class_list":["post-602","post","type-post","status-publish","format-standard","has-post-thumbnail","hentry","category-a-la-une","category-consulting","category-formation","category-therapie"],"yoast_head":"<!-- This site is optimized with the Yoast SEO plugin v23.6 - https:\/\/yoast.com\/wordpress\/plugins\/seo\/ -->\n<title>Une s\u00e9quence franco-suisse riche et intense - Cabinet JVL<\/title>\n<meta name=\"robots\" content=\"index, follow, max-snippet:-1, max-image-preview:large, max-video-preview:-1\" \/>\n<link rel=\"canonical\" href=\"https:\/\/www.cabinet-jvl.fr\/site\/2022\/09\/26\/une-sequence-franco-suisse-riche-et-intense\/\" \/>\n<meta property=\"og:locale\" content=\"fr_FR\" \/>\n<meta property=\"og:type\" content=\"article\" \/>\n<meta property=\"og:title\" content=\"Une s\u00e9quence franco-suisse riche et intense - Cabinet JVL\" \/>\n<meta property=\"og:description\" content=\"Deplacement le 25 et 26 septembre en zone frontali\u00e8re franco-suisse, des s\u00e9ances et beaucoup de pistes pour la suite&#8230;\" \/>\n<meta property=\"og:url\" content=\"https:\/\/www.cabinet-jvl.fr\/site\/2022\/09\/26\/une-sequence-franco-suisse-riche-et-intense\/\" \/>\n<meta property=\"og:site_name\" content=\"Cabinet JVL\" \/>\n<meta property=\"article:publisher\" content=\"https:\/\/www.facebook.com\/CabinetJVL\" \/>\n<meta property=\"article:published_time\" content=\"2022-09-26T10:51:38+00:00\" \/>\n<meta property=\"article:modified_time\" content=\"2022-09-26T18:42:37+00:00\" \/>\n<meta property=\"og:image\" content=\"https:\/\/www.cabinet-jvl.fr\/site\/wp-content\/uploads\/83e1dcbf274d0da1a929c47501ec8c0e.jpg\" \/>\n\t<meta property=\"og:image:width\" content=\"640\" \/>\n\t<meta property=\"og:image:height\" content=\"640\" \/>\n\t<meta property=\"og:image:type\" content=\"image\/jpeg\" \/>\n<meta name=\"author\" content=\"J\u00e9r\u00f4me Valentin-L\u00e9autaud\" \/>\n<meta name=\"twitter:card\" content=\"summary_large_image\" \/>\n<meta name=\"twitter:creator\" content=\"@lamethodejvl\" \/>\n<meta name=\"twitter:site\" content=\"@lamethodejvl\" \/>\n<meta name=\"twitter:label1\" content=\"\u00c9crit par\" \/>\n\t<meta name=\"twitter:data1\" content=\"J\u00e9r\u00f4me Valentin-L\u00e9autaud\" \/>\n\t<meta name=\"twitter:label2\" content=\"Dur\u00e9e de lecture estim\u00e9e\" \/>\n\t<meta name=\"twitter:data2\" content=\"1 minute\" \/>\n<script type=\"application\/ld+json\" class=\"yoast-schema-graph\">{\"@context\":\"https:\/\/schema.org\",\"@graph\":[{\"@type\":\"Article\",\"@id\":\"https:\/\/www.cabinet-jvl.fr\/site\/2022\/09\/26\/une-sequence-franco-suisse-riche-et-intense\/#article\",\"isPartOf\":{\"@id\":\"https:\/\/www.cabinet-jvl.fr\/site\/2022\/09\/26\/une-sequence-franco-suisse-riche-et-intense\/\"},\"author\":{\"name\":\"J\u00e9r\u00f4me Valentin-L\u00e9autaud\",\"@id\":\"https:\/\/www.cabinet-jvl.fr\/site\/#\/schema\/person\/6e5b1c6b96e0d0add241b04222fc3c70\"},\"headline\":\"Une s\u00e9quence franco-suisse riche et intense\",\"datePublished\":\"2022-09-26T10:51:38+00:00\",\"dateModified\":\"2022-09-26T18:42:37+00:00\",\"mainEntityOfPage\":{\"@id\":\"https:\/\/www.cabinet-jvl.fr\/site\/2022\/09\/26\/une-sequence-franco-suisse-riche-et-intense\/\"},\"wordCount\":147,\"commentCount\":0,\"publisher\":{\"@id\":\"https:\/\/www.cabinet-jvl.fr\/site\/#organization\"},\"image\":{\"@id\":\"https:\/\/www.cabinet-jvl.fr\/site\/2022\/09\/26\/une-sequence-franco-suisse-riche-et-intense\/#primaryimage\"},\"thumbnailUrl\":\"https:\/\/www.cabinet-jvl.fr\/site\/wp-content\/uploads\/83e1dcbf274d0da1a929c47501ec8c0e.jpg\",\"articleSection\":[\"A la Une\",\"Consulting\",\"Formation\",\"Th\u00e9rapie\"],\"inLanguage\":\"fr-FR\",\"potentialAction\":[{\"@type\":\"CommentAction\",\"name\":\"Comment\",\"target\":[\"https:\/\/www.cabinet-jvl.fr\/site\/2022\/09\/26\/une-sequence-franco-suisse-riche-et-intense\/#respond\"]}]},{\"@type\":\"WebPage\",\"@id\":\"https:\/\/www.cabinet-jvl.fr\/site\/2022\/09\/26\/une-sequence-franco-suisse-riche-et-intense\/\",\"url\":\"https:\/\/www.cabinet-jvl.fr\/site\/2022\/09\/26\/une-sequence-franco-suisse-riche-et-intense\/\",\"name\":\"Une s\u00e9quence franco-suisse riche et intense - Cabinet JVL\",\"isPartOf\":{\"@id\":\"https:\/\/www.cabinet-jvl.fr\/site\/#website\"},\"primaryImageOfPage\":{\"@id\":\"https:\/\/www.cabinet-jvl.fr\/site\/2022\/09\/26\/une-sequence-franco-suisse-riche-et-intense\/#primaryimage\"},\"image\":{\"@id\":\"https:\/\/www.cabinet-jvl.fr\/site\/2022\/09\/26\/une-sequence-franco-suisse-riche-et-intense\/#primaryimage\"},\"thumbnailUrl\":\"https:\/\/www.cabinet-jvl.fr\/site\/wp-content\/uploads\/83e1dcbf274d0da1a929c47501ec8c0e.jpg\",\"datePublished\":\"2022-09-26T10:51:38+00:00\",\"dateModified\":\"2022-09-26T18:42:37+00:00\",\"breadcrumb\":{\"@id\":\"https:\/\/www.cabinet-jvl.fr\/site\/2022\/09\/26\/une-sequence-franco-suisse-riche-et-intense\/#breadcrumb\"},\"inLanguage\":\"fr-FR\",\"potentialAction\":[{\"@type\":\"ReadAction\",\"target\":[\"https:\/\/www.cabinet-jvl.fr\/site\/2022\/09\/26\/une-sequence-franco-suisse-riche-et-intense\/\"]}]},{\"@type\":\"ImageObject\",\"inLanguage\":\"fr-FR\",\"@id\":\"https:\/\/www.cabinet-jvl.fr\/site\/2022\/09\/26\/une-sequence-franco-suisse-riche-et-intense\/#primaryimage\",\"url\":\"https:\/\/www.cabinet-jvl.fr\/site\/wp-content\/uploads\/83e1dcbf274d0da1a929c47501ec8c0e.jpg\",\"contentUrl\":\"https:\/\/www.cabinet-jvl.fr\/site\/wp-content\/uploads\/83e1dcbf274d0da1a929c47501ec8c0e.jpg\",\"width\":640,\"height\":640},{\"@type\":\"BreadcrumbList\",\"@id\":\"https:\/\/www.cabinet-jvl.fr\/site\/2022\/09\/26\/une-sequence-franco-suisse-riche-et-intense\/#breadcrumb\",\"itemListElement\":[{\"@type\":\"ListItem\",\"position\":1,\"name\":\"Accueil\",\"item\":\"https:\/\/www.cabinet-jvl.fr\/site\/\"},{\"@type\":\"ListItem\",\"position\":2,\"name\":\"Une s\u00e9quence franco-suisse riche et intense\"}]},{\"@type\":\"WebSite\",\"@id\":\"https:\/\/www.cabinet-jvl.fr\/site\/#website\",\"url\":\"https:\/\/www.cabinet-jvl.fr\/site\/\",\"name\":\"Cabinet JVL\",\"description\":\"J\u00e9r\u00f4me Valentin-L\u00e9autaud, Th\u00e9rapeute Consultant et Formateur \u00e0 Nice\",\"publisher\":{\"@id\":\"https:\/\/www.cabinet-jvl.fr\/site\/#organization\"},\"potentialAction\":[{\"@type\":\"SearchAction\",\"target\":{\"@type\":\"EntryPoint\",\"urlTemplate\":\"https:\/\/www.cabinet-jvl.fr\/site\/?s={search_term_string}\"},\"query-input\":{\"@type\":\"PropertyValueSpecification\",\"valueRequired\":true,\"valueName\":\"search_term_string\"}}],\"inLanguage\":\"fr-FR\"},{\"@type\":\"Organization\",\"@id\":\"https:\/\/www.cabinet-jvl.fr\/site\/#organization\",\"name\":\"Cabinet J\u00e9r\u00f4me Valentin-L\u00e9autaud\",\"url\":\"https:\/\/www.cabinet-jvl.fr\/site\/\",\"logo\":{\"@type\":\"ImageObject\",\"inLanguage\":\"fr-FR\",\"@id\":\"https:\/\/www.cabinet-jvl.fr\/site\/#\/schema\/logo\/image\/\",\"url\":\"https:\/\/www.cabinet-jvl.fr\/site\/wp-content\/uploads\/logo-cabinet-jvl-s.png\",\"contentUrl\":\"https:\/\/www.cabinet-jvl.fr\/site\/wp-content\/uploads\/logo-cabinet-jvl-s.png\",\"width\":1044,\"height\":638,\"caption\":\"Cabinet J\u00e9r\u00f4me Valentin-L\u00e9autaud\"},\"image\":{\"@id\":\"https:\/\/www.cabinet-jvl.fr\/site\/#\/schema\/logo\/image\/\"},\"sameAs\":[\"https:\/\/www.facebook.com\/CabinetJVL\",\"https:\/\/x.com\/lamethodejvl\"]},{\"@type\":\"Person\",\"@id\":\"https:\/\/www.cabinet-jvl.fr\/site\/#\/schema\/person\/6e5b1c6b96e0d0add241b04222fc3c70\",\"name\":\"J\u00e9r\u00f4me Valentin-L\u00e9autaud\",\"image\":{\"@type\":\"ImageObject\",\"inLanguage\":\"fr-FR\",\"@id\":\"https:\/\/www.cabinet-jvl.fr\/site\/#\/schema\/person\/image\/\",\"url\":\"https:\/\/secure.gravatar.com\/avatar\/320546516242fa092184253c303851dd20d5830010cdcfb81d184d8abb5d1eed?s=96&d=mm&r=g\",\"contentUrl\":\"https:\/\/secure.gravatar.com\/avatar\/320546516242fa092184253c303851dd20d5830010cdcfb81d184d8abb5d1eed?s=96&d=mm&r=g\",\"caption\":\"J\u00e9r\u00f4me Valentin-L\u00e9autaud\"},\"url\":\"https:\/\/www.cabinet-jvl.fr\/site\/author\/jeromevl\/\"}]}<\/script>\n<!-- \/ Yoast SEO plugin. -->","yoast_head_json":{"title":"Une s\u00e9quence franco-suisse riche et intense - Cabinet JVL","robots":{"index":"index","follow":"follow","max-snippet":"max-snippet:-1","max-image-preview":"max-image-preview:large","max-video-preview":"max-video-preview:-1"},"canonical":"https:\/\/www.cabinet-jvl.fr\/site\/2022\/09\/26\/une-sequence-franco-suisse-riche-et-intense\/","og_locale":"fr_FR","og_type":"article","og_title":"Une s\u00e9quence franco-suisse riche et intense - Cabinet JVL","og_description":"Deplacement le 25 et 26 septembre en zone frontali\u00e8re franco-suisse, des s\u00e9ances et beaucoup de pistes pour la suite&#8230;","og_url":"https:\/\/www.cabinet-jvl.fr\/site\/2022\/09\/26\/une-sequence-franco-suisse-riche-et-intense\/","og_site_name":"Cabinet JVL","article_publisher":"https:\/\/www.facebook.com\/CabinetJVL","article_published_time":"2022-09-26T10:51:38+00:00","article_modified_time":"2022-09-26T18:42:37+00:00","og_image":[{"width":640,"height":640,"url":"https:\/\/www.cabinet-jvl.fr\/site\/wp-content\/uploads\/83e1dcbf274d0da1a929c47501ec8c0e.jpg","type":"image\/jpeg"}],"author":"J\u00e9r\u00f4me Valentin-L\u00e9autaud","twitter_card":"summary_large_image","twitter_creator":"@lamethodejvl","twitter_site":"@lamethodejvl","twitter_misc":{"\u00c9crit par":"J\u00e9r\u00f4me Valentin-L\u00e9autaud","Dur\u00e9e de lecture estim\u00e9e":"1 minute"},"schema":{"@context":"https:\/\/schema.org","@graph":[{"@type":"Article","@id":"https:\/\/www.cabinet-jvl.fr\/site\/2022\/09\/26\/une-sequence-franco-suisse-riche-et-intense\/#article","isPartOf":{"@id":"https:\/\/www.cabinet-jvl.fr\/site\/2022\/09\/26\/une-sequence-franco-suisse-riche-et-intense\/"},"author":{"name":"J\u00e9r\u00f4me Valentin-L\u00e9autaud","@id":"https:\/\/www.cabinet-jvl.fr\/site\/#\/schema\/person\/6e5b1c6b96e0d0add241b04222fc3c70"},"headline":"Une s\u00e9quence franco-suisse riche et intense","datePublished":"2022-09-26T10:51:38+00:00","dateModified":"2022-09-26T18:42:37+00:00","mainEntityOfPage":{"@id":"https:\/\/www.cabinet-jvl.fr\/site\/2022\/09\/26\/une-sequence-franco-suisse-riche-et-intense\/"},"wordCount":147,"commentCount":0,"publisher":{"@id":"https:\/\/www.cabinet-jvl.fr\/site\/#organization"},"image":{"@id":"https:\/\/www.cabinet-jvl.fr\/site\/2022\/09\/26\/une-sequence-franco-suisse-riche-et-intense\/#primaryimage"},"thumbnailUrl":"https:\/\/www.cabinet-jvl.fr\/site\/wp-content\/uploads\/83e1dcbf274d0da1a929c47501ec8c0e.jpg","articleSection":["A la Une","Consulting","Formation","Th\u00e9rapie"],"inLanguage":"fr-FR","potentialAction":[{"@type":"CommentAction","name":"Comment","target":["https:\/\/www.cabinet-jvl.fr\/site\/2022\/09\/26\/une-sequence-franco-suisse-riche-et-intense\/#respond"]}]},{"@type":"WebPage","@id":"https:\/\/www.cabinet-jvl.fr\/site\/2022\/09\/26\/une-sequence-franco-suisse-riche-et-intense\/","url":"https:\/\/www.cabinet-jvl.fr\/site\/2022\/09\/26\/une-sequence-franco-suisse-riche-et-intense\/","name":"Une s\u00e9quence franco-suisse riche et intense - Cabinet JVL","isPartOf":{"@id":"https:\/\/www.cabinet-jvl.fr\/site\/#website"},"primaryImageOfPage":{"@id":"https:\/\/www.cabinet-jvl.fr\/site\/2022\/09\/26\/une-sequence-franco-suisse-riche-et-intense\/#primaryimage"},"image":{"@id":"https:\/\/www.cabinet-jvl.fr\/site\/2022\/09\/26\/une-sequence-franco-suisse-riche-et-intense\/#primaryimage"},"thumbnailUrl":"https:\/\/www.cabinet-jvl.fr\/site\/wp-content\/uploads\/83e1dcbf274d0da1a929c47501ec8c0e.jpg","datePublished":"2022-09-26T10:51:38+00:00","dateModified":"2022-09-26T18:42:37+00:00","breadcrumb":{"@id":"https:\/\/www.cabinet-jvl.fr\/site\/2022\/09\/26\/une-sequence-franco-suisse-riche-et-intense\/#breadcrumb"},"inLanguage":"fr-FR","potentialAction":[{"@type":"ReadAction","target":["https:\/\/www.cabinet-jvl.fr\/site\/2022\/09\/26\/une-sequence-franco-suisse-riche-et-intense\/"]}]},{"@type":"ImageObject","inLanguage":"fr-FR","@id":"https:\/\/www.cabinet-jvl.fr\/site\/2022\/09\/26\/une-sequence-franco-suisse-riche-et-intense\/#primaryimage","url":"https:\/\/www.cabinet-jvl.fr\/site\/wp-content\/uploads\/83e1dcbf274d0da1a929c47501ec8c0e.jpg","contentUrl":"https:\/\/www.cabinet-jvl.fr\/site\/wp-content\/uploads\/83e1dcbf274d0da1a929c47501ec8c0e.jpg","width":640,"height":640},{"@type":"BreadcrumbList","@id":"https:\/\/www.cabinet-jvl.fr\/site\/2022\/09\/26\/une-sequence-franco-suisse-riche-et-intense\/#breadcrumb","itemListElement":[{"@type":"ListItem","position":1,"name":"Accueil","item":"https:\/\/www.cabinet-jvl.fr\/site\/"},{"@type":"ListItem","position":2,"name":"Une s\u00e9quence franco-suisse riche et intense"}]},{"@type":"WebSite","@id":"https:\/\/www.cabinet-jvl.fr\/site\/#website","url":"https:\/\/www.cabinet-jvl.fr\/site\/","name":"Cabinet JVL","description":"J\u00e9r\u00f4me Valentin-L\u00e9autaud, Th\u00e9rapeute Consultant et Formateur \u00e0 Nice","publisher":{"@id":"https:\/\/www.cabinet-jvl.fr\/site\/#organization"},"potentialAction":[{"@type":"SearchAction","target":{"@type":"EntryPoint","urlTemplate":"https:\/\/www.cabinet-jvl.fr\/site\/?s={search_term_string}"},"query-input":{"@type":"PropertyValueSpecification","valueRequired":true,"valueName":"search_term_string"}}],"inLanguage":"fr-FR"},{"@type":"Organization","@id":"https:\/\/www.cabinet-jvl.fr\/site\/#organization","name":"Cabinet J\u00e9r\u00f4me Valentin-L\u00e9autaud","url":"https:\/\/www.cabinet-jvl.fr\/site\/","logo":{"@type":"ImageObject","inLanguage":"fr-FR","@id":"https:\/\/www.cabinet-jvl.fr\/site\/#\/schema\/logo\/image\/","url":"https:\/\/www.cabinet-jvl.fr\/site\/wp-content\/uploads\/logo-cabinet-jvl-s.png","contentUrl":"https:\/\/www.cabinet-jvl.fr\/site\/wp-content\/uploads\/logo-cabinet-jvl-s.png","width":1044,"height":638,"caption":"Cabinet J\u00e9r\u00f4me Valentin-L\u00e9autaud"},"image":{"@id":"https:\/\/www.cabinet-jvl.fr\/site\/#\/schema\/logo\/image\/"},"sameAs":["https:\/\/www.facebook.com\/CabinetJVL","https:\/\/x.com\/lamethodejvl"]},{"@type":"Person","@id":"https:\/\/www.cabinet-jvl.fr\/site\/#\/schema\/person\/6e5b1c6b96e0d0add241b04222fc3c70","name":"J\u00e9r\u00f4me Valentin-L\u00e9autaud","image":{"@type":"ImageObject","inLanguage":"fr-FR","@id":"https:\/\/www.cabinet-jvl.fr\/site\/#\/schema\/person\/image\/","url":"https:\/\/secure.gravatar.com\/avatar\/320546516242fa092184253c303851dd20d5830010cdcfb81d184d8abb5d1eed?s=96&d=mm&r=g","contentUrl":"https:\/\/secure.gravatar.com\/avatar\/320546516242fa092184253c303851dd20d5830010cdcfb81d184d8abb5d1eed?s=96&d=mm&r=g","caption":"J\u00e9r\u00f4me Valentin-L\u00e9autaud"},"url":"https:\/\/www.cabinet-jvl.fr\/site\/author\/jeromevl\/"}]}},"_links":{"self":[{"href":"https:\/\/www.cabinet-jvl.fr\/site\/wp-json\/wp\/v2\/posts\/602","targetHints":{"allow":["GET"]}}],"collection":[{"href":"https:\/\/www.cabinet-jvl.fr\/site\/wp-json\/wp\/v2\/posts"}],"about":[{"href":"https:\/\/www.cabinet-jvl.fr\/site\/wp-json\/wp\/v2\/types\/post"}],"author":[{"embeddable":true,"href":"https:\/\/www.cabinet-jvl.fr\/site\/wp-json\/wp\/v2\/users\/2"}],"replies":[{"embeddable":true,"href":"https:\/\/www.cabinet-jvl.fr\/site\/wp-json\/wp\/v2\/comments?post=602"}],"version-history":[{"count":3,"href":"https:\/\/www.cabinet-jvl.fr\/site\/wp-json\/wp\/v2\/posts\/602\/revisions"}],"predecessor-version":[{"id":609,"href":"https:\/\/www.cabinet-jvl.fr\/site\/wp-json\/wp\/v2\/posts\/602\/revisions\/609"}],"wp:featuredmedia":[{"embeddable":true,"href":"https:\/\/www.cabinet-jvl.fr\/site\/wp-json\/wp\/v2\/media\/603"}],"wp:attachment":[{"href":"https:\/\/www.cabinet-jvl.fr\/site\/wp-json\/wp\/v2\/media?parent=602"}],"wp:term":[{"taxonomy":"category","embeddable":true,"href":"https:\/\/www.cabinet-jvl.fr\/site\/wp-json\/wp\/v2\/categories?post=602"},{"taxonomy":"post_tag","embeddable":true,"href":"https:\/\/www.cabinet-jvl.fr\/site\/wp-json\/wp\/v2\/tags?post=602"}],"curies":[{"name":"wp","href":"https:\/\/api.w.org\/{rel}","templated":true}]}}