{"id":436,"date":"2022-06-28T18:00:10","date_gmt":"2022-06-28T16:00:10","guid":{"rendered":"https:\/\/www.cabinet-jvl.fr\/site\/?p=436"},"modified":"2022-07-27T19:51:01","modified_gmt":"2022-07-27T17:51:01","slug":"retrouvailles-transatlantiques","status":"publish","type":"post","link":"https:\/\/www.cabinet-jvl.fr\/site\/2022\/06\/28\/retrouvailles-transatlantiques\/","title":{"rendered":"Retrouvailles transatlantiques"},"content":{"rendered":"\n<p>Il y a 12 ans, j&#8217;ai eu le plaisir de construire et coordonner, avec l&#8217;appui d&#8217;une \u00e9quipe d\u00e9di\u00e9e, un formidable projet qui a vu naitre une amiti\u00e9 transatlantique! 12ans! Il aura donc fallu 12ans afin de laisser place aux retrouvailles (l&#8217;anniversaire des 10 ans ayant \u00e9t\u00e9 perturb\u00e9 et report\u00e9 par une certaine pand\u00e9mie&#8230;- excusez nous du peu).<\/p>\n\n\n\n<!--more-->\n\n\n\n<p>Place aujourd&#8217;hui aux retrouvailles&#8230; &#8220;\u00e9motionnant&#8221; moment!<\/p>\n\n\n\n<p>Bref ! &#8220;Presque les m\u00eames en un peu diff\u00e9rents&#8221; avec 12ans de maturit\u00e9 en plus dira-t-on, c&#8217;est vraiment un immense plaisir !<\/p>\n\n\n\n<p>Retrouver <a rel=\"noreferrer noopener\" href=\"https:\/\/www.concordia.ca\/faculty\/gilbert-emond.html\" data-type=\"URL\" data-id=\"https:\/\/www.concordia.ca\/faculty\/gilbert-emond.html\" target=\"_blank\">Gilbert \u00c9mond<\/a> c&#8217;est d\u00e9couvrir avec grand plaisir une part de &#8220;son p&#8217;tit monde&#8221; \u00e0 travers Marc et Michel, deux messieurs forts sympathiques!<\/p>\n\n\n\n<p>C&#8217;est aussi pour moi faire un clin d&#8217;\u0153il \u00e0 des personnes comme <a href=\"https:\/\/en.wikipedia.org\/wiki\/Anne_Kronenberg\" data-type=\"URL\" data-id=\"https:\/\/en.wikipedia.org\/wiki\/Anne_Kronenberg\" target=\"_blank\" rel=\"noreferrer noopener\">Anne Kronenberg<\/a> (USA), <a href=\"https:\/\/www.linkedin.com\/in\/joseph-roy-gillis-410920223\/?originalSubdomain=ca\" data-type=\"URL\" data-id=\"https:\/\/www.linkedin.com\/in\/joseph-roy-gillis-410920223\/?originalSubdomain=ca\" target=\"_blank\" rel=\"noreferrer noopener\">Joseph Roy Gillis <\/a>(Canada), <a href=\"https:\/\/www.babelio.com\/auteur\/Elisabeth-Thorens-Gaud\/84629\" data-type=\"URL\" data-id=\"https:\/\/www.babelio.com\/auteur\/Elisabeth-Thorens-Gaud\/84629\" target=\"_blank\" rel=\"noreferrer noopener\">\u00c9lisabeth Thorens-Gaud<\/a> (suisse), <a href=\"https:\/\/www.linkedin.com\/in\/eric-verdier-871b6860\/?originalSubdomain=fr\" data-type=\"URL\" data-id=\"https:\/\/www.linkedin.com\/in\/eric-verdier-871b6860\/?originalSubdomain=fr\" target=\"_blank\" rel=\"noreferrer noopener\">\u00c9ric Verdier<\/a> (France), <a href=\"https:\/\/www.gender-summit.com\/past-summits\/gs11-na-2017\/infos-gs11-en-francais\/qui-sont-les-panelistes\/1793-line-chamberland-fr\" data-type=\"URL\" data-id=\"https:\/\/www.gender-summit.com\/past-summits\/gs11-na-2017\/infos-gs11-en-francais\/qui-sont-les-panelistes\/1793-line-chamberland-fr\" target=\"_blank\" rel=\"noreferrer noopener\">Line Chamberland <\/a>(Canada), <a href=\"https:\/\/www.linkedin.com\/in\/malick-briki-94385238\/?originalSubdomain=fr\" data-type=\"URL\" data-id=\"https:\/\/www.linkedin.com\/in\/malick-briki-94385238\/?originalSubdomain=fr\" target=\"_blank\" rel=\"noreferrer noopener\">Malick Briki<\/a> (France), Nicholas Kasule (Ouganda), <a href=\"https:\/\/www.researchgate.net\/profile\/Henrique-Nardi\" data-type=\"URL\" data-id=\"https:\/\/www.researchgate.net\/profile\/Henrique-Nardi\" target=\"_blank\" rel=\"noreferrer noopener\">Henrique Caetano Nardi<\/a> (Br\u00e9sil), <a href=\"https:\/\/www.cairn.info\/revue-cites-2005-1-page-103.htm\" data-type=\"URL\" data-id=\"https:\/\/www.cairn.info\/revue-cites-2005-1-page-103.htm\" target=\"_blank\" rel=\"noreferrer noopener\">Natacha Taurisson<\/a> (France) et tant d&#8217;autres !<\/p>\n\n\n\n<p>C&#8217;est repenser \u00e0 :<\/p>\n\n\n\n<ul class=\"wp-block-list\"><li>9 conf\u00e9rences pl\u00e9ni\u00e8res<\/li><li>2 tables rondes<\/li><li>17 ateliers (articulants recherche &#8211; institutions &#8211; associations)<\/li><li>72 communications (dont 40% en Fran\u00e7ais).<\/li><li>4 continents repr\u00e9sent\u00e9s (des pays allant de l&#8217;Ouganda au Canada en passant par l&#8217;Angleterre, le Cameroun, le Liban, le Chili, la Colombie, les Philippines, les USA&#8230; et de nombreux pays d&#8217;Europe!)<\/li><li>2 superbes soir\u00e9es conviviales, d&#8217;\u00e9changes, de d\u00e9bats, de rires (et d&#8217;extravagence pour certain\u2022e\u2022s)<\/li><li>270 participants !<\/li><li>une 40aine de b\u00e9n\u00e9voles,<\/li><li>le haut patronage de 3 minist\u00e8res (obtenus de tr\u00e8s haute lutte au regard des ministres en question et du th\u00e8me)<\/li><li>des dizaines de partenaires&#8230;<\/li><\/ul>\n\n\n\n<p>Retrouvez le <a rel=\"noreferrer noopener\" href=\"https:\/\/calenda.org\/214613?file=1\" data-type=\"URL\" data-id=\"https:\/\/calenda.org\/214613?file=1\" target=\"_blank\">dossier de pr\u00e9sentation int\u00e9gral<\/a> du colloque<\/p>\n\n\n\n<p>Quelques articles de presse : <\/p>\n\n\n\n<ul class=\"wp-block-list\"><li>article <a rel=\"noreferrer noopener\" href=\"https:\/\/www.estrepublicain.fr\/actualite\/2010\/05\/19\/education-et-homophobie\" data-type=\"URL\" data-id=\"https:\/\/www.estrepublicain.fr\/actualite\/2010\/05\/19\/education-et-homophobie\" target=\"_blank\">&#8220;\u00e9ducation et homophobie&#8221;, Est R\u00e9publicain 19 mai 2010<\/a><\/li><li>article <a rel=\"noreferrer noopener\" href=\"http:\/\/slhs.univ-fcomte.fr\/download\/tout-l-u\/document\/magazines\/mag\/tout-l-ufc-144.pdf\" data-type=\"URL\" data-id=\"http:\/\/slhs.univ-fcomte.fr\/download\/tout-l-u\/document\/magazines\/mag\/tout-l-ufc-144.pdf\" target=\"_blank\">&#8220;\u00e9ducation et homophobie&#8221;, Tout l&#8217;U Avril 2010 N\u00b0 144<\/a> (Pp 25 -26)<\/li><\/ul>\n\n\n\n<p>C&#8217;est aussi repenser \u00e0 l&#8217;engagement majeur de la <a href=\"https:\/\/www.facebook.com\/mairiedebesancon?__cft__[0]=AZVzmhe-bF5UBpd5uXvo6f1IYr1IZyJ_ifUCZieegNYh-jgbyEiT0Gj5zDlCT47VJKhvwIeV10dgLEO5aVazybJGrzpo8r3t6UBm56PKGLzrO3SfhkDDrO5s-jHwoyIduXtFcHCXfbBA_D72PfkE9gHJ7zGyT-D6Uv7LsvTHGbcVMnpWfn04-0avhVG1PMn8uFc&amp;__tn__=-]K-R\" target=\"_blank\" rel=\"noreferrer noopener\">Ville de Besan\u00e7on<\/a> et de Jean-Louis Fousseret, son Maire de l&#8217;\u00e9poque (qui lui aussi a mouill\u00e9 la chemise \u00e0 titre personnel pour comprendre les enjeux et l&#8217;importance de la question&#8230;)<\/p>\n\n\n\n<p>Trois jours d&#8217;un programme riche qui fut soutenu logistiquement \u00e9galement par l&#8217;Universit\u00e9 de Franche-Comt\u00e9 et de la Maison des Sciences de l&#8217;Homme et de l&#8217;Environnement (MSHE) sur la base d&#8217;une initiative associative!<\/p>\n\n\n\n<p>A titre personnel, c&#8217;est repenser \u00e0 un projet fou : construire, en parall\u00e8le de mon boulot de l&#8217;\u00e9poque, en 9 mois, un colloque international et multipartenarial avec budget de z\u00e9ro \u00e0 la base (~1000h. de travail perso &#8211; 2 \u00e0 3 r\u00e9unions de coordination par semaine, des milliers de mails, des centaines d&#8217;heures au t\u00e9l\u00e9phone et un d\u00e9ficit de sommeil record <img loading=\"lazy\" decoding=\"async\" alt=\"\ud83d\ude05\" src=\"https:\/\/static.xx.fbcdn.net\/images\/emoji.php\/v9\/tf2\/2\/16\/1f605.png\" width=\"16\" height=\"16\"> ! ) mais pur\u00e9, on l&#8217;a fait ! et bien fait, tant certains participant\u2022e\u2022s m&#8217;en reparlent r\u00e9guli\u00e8rement !<\/p>\n\n\n\n<p>Au del\u00e0 des chiffres, des appuis et des partenariats, se revoir ainsi, c&#8217;est repenser \u00e0 un formidable engagement et observer des ponts durables, des relations profondes inscrites dans le temps, qui, 12ans apr\u00e8s, existent encore !&#8230; toute la force du r\u00e9seau et de l&#8217;amiti\u00e9.<\/p>\n\n\n\n<p>A quand le match retour ou un projet ? Gilbert un avis ? <img loading=\"lazy\" decoding=\"async\" alt=\"\ud83e\udd17\" src=\"https:\/\/static.xx.fbcdn.net\/images\/emoji.php\/v9\/t56\/2\/16\/1f917.png\" width=\"16\" height=\"16\"><img loading=\"lazy\" decoding=\"async\" alt=\"\ud83e\udd2d\" src=\"https:\/\/static.xx.fbcdn.net\/images\/emoji.php\/v9\/ta2\/2\/16\/1f92d.png\" width=\"16\" height=\"16\"><img loading=\"lazy\" decoding=\"async\" alt=\"\ud83e\udd17\" src=\"https:\/\/static.xx.fbcdn.net\/images\/emoji.php\/v9\/t56\/2\/16\/1f917.png\" width=\"16\" height=\"16\"> de toute fa\u00e7on prochainement une visite \u00e0 Qu\u00e9bec ! C&#8217;est dit!<\/p>\n","protected":false},"excerpt":{"rendered":"<p>Il y a 12 ans, j&#8217;ai eu le plaisir de construire et coordonner, avec l&#8217;appui d&#8217;une \u00e9quipe d\u00e9di\u00e9e, un formidable projet qui a vu naitre une amiti\u00e9 transatlantique! 12ans! Il aura donc fallu 12ans afin de laisser place aux retrouvailles (l&#8217;anniversaire des 10 ans ayant \u00e9t\u00e9 perturb\u00e9 et report\u00e9 par une certaine pand\u00e9mie&#8230;- excusez nous [&hellip;]<\/p>\n","protected":false},"author":2,"featured_media":437,"comment_status":"open","ping_status":"open","sticky":false,"template":"","format":"standard","meta":{"footnotes":""},"categories":[7,3],"tags":[],"class_list":["post-436","post","type-post","status-publish","format-standard","has-post-thumbnail","hentry","category-a-la-une","category-formation"],"yoast_head":"<!-- This site is optimized with the Yoast SEO plugin v23.6 - https:\/\/yoast.com\/wordpress\/plugins\/seo\/ -->\n<title>Retrouvailles transatlantiques - Cabinet JVL<\/title>\n<meta name=\"robots\" content=\"index, follow, max-snippet:-1, max-image-preview:large, max-video-preview:-1\" \/>\n<link rel=\"canonical\" href=\"https:\/\/www.cabinet-jvl.fr\/site\/2022\/06\/28\/retrouvailles-transatlantiques\/\" \/>\n<meta property=\"og:locale\" content=\"fr_FR\" \/>\n<meta property=\"og:type\" content=\"article\" \/>\n<meta property=\"og:title\" content=\"Retrouvailles transatlantiques - Cabinet JVL\" \/>\n<meta property=\"og:description\" content=\"Il y a 12 ans, j&#8217;ai eu le plaisir de construire et coordonner, avec l&#8217;appui d&#8217;une \u00e9quipe d\u00e9di\u00e9e, un formidable projet qui a vu naitre une amiti\u00e9 transatlantique! 12ans! Il aura donc fallu 12ans afin de laisser place aux retrouvailles (l&#8217;anniversaire des 10 ans ayant \u00e9t\u00e9 perturb\u00e9 et report\u00e9 par une certaine pand\u00e9mie&#8230;- excusez nous [&hellip;]\" \/>\n<meta property=\"og:url\" content=\"https:\/\/www.cabinet-jvl.fr\/site\/2022\/06\/28\/retrouvailles-transatlantiques\/\" \/>\n<meta property=\"og:site_name\" content=\"Cabinet JVL\" \/>\n<meta property=\"article:publisher\" content=\"https:\/\/www.facebook.com\/CabinetJVL\" \/>\n<meta property=\"article:published_time\" content=\"2022-06-28T16:00:10+00:00\" \/>\n<meta property=\"article:modified_time\" content=\"2022-07-27T17:51:01+00:00\" \/>\n<meta property=\"og:image\" content=\"https:\/\/www.cabinet-jvl.fr\/site\/wp-content\/uploads\/CabinetJVL-Colloque12ansapres.jpg\" \/>\n\t<meta property=\"og:image:width\" content=\"960\" \/>\n\t<meta property=\"og:image:height\" content=\"960\" \/>\n\t<meta property=\"og:image:type\" content=\"image\/jpeg\" \/>\n<meta name=\"author\" content=\"J\u00e9r\u00f4me Valentin-L\u00e9autaud\" \/>\n<meta name=\"twitter:card\" content=\"summary_large_image\" \/>\n<meta name=\"twitter:creator\" content=\"@lamethodejvl\" \/>\n<meta name=\"twitter:site\" content=\"@lamethodejvl\" \/>\n<meta name=\"twitter:label1\" content=\"\u00c9crit par\" \/>\n\t<meta name=\"twitter:data1\" content=\"J\u00e9r\u00f4me Valentin-L\u00e9autaud\" \/>\n\t<meta name=\"twitter:label2\" content=\"Dur\u00e9e de lecture estim\u00e9e\" \/>\n\t<meta name=\"twitter:data2\" content=\"3 minutes\" \/>\n<script type=\"application\/ld+json\" class=\"yoast-schema-graph\">{\"@context\":\"https:\/\/schema.org\",\"@graph\":[{\"@type\":\"Article\",\"@id\":\"https:\/\/www.cabinet-jvl.fr\/site\/2022\/06\/28\/retrouvailles-transatlantiques\/#article\",\"isPartOf\":{\"@id\":\"https:\/\/www.cabinet-jvl.fr\/site\/2022\/06\/28\/retrouvailles-transatlantiques\/\"},\"author\":{\"name\":\"J\u00e9r\u00f4me Valentin-L\u00e9autaud\",\"@id\":\"https:\/\/www.cabinet-jvl.fr\/site\/#\/schema\/person\/6e5b1c6b96e0d0add241b04222fc3c70\"},\"headline\":\"Retrouvailles transatlantiques\",\"datePublished\":\"2022-06-28T16:00:10+00:00\",\"dateModified\":\"2022-07-27T17:51:01+00:00\",\"mainEntityOfPage\":{\"@id\":\"https:\/\/www.cabinet-jvl.fr\/site\/2022\/06\/28\/retrouvailles-transatlantiques\/\"},\"wordCount\":538,\"commentCount\":0,\"publisher\":{\"@id\":\"https:\/\/www.cabinet-jvl.fr\/site\/#organization\"},\"image\":{\"@id\":\"https:\/\/www.cabinet-jvl.fr\/site\/2022\/06\/28\/retrouvailles-transatlantiques\/#primaryimage\"},\"thumbnailUrl\":\"https:\/\/www.cabinet-jvl.fr\/site\/wp-content\/uploads\/CabinetJVL-Colloque12ansapres.jpg\",\"articleSection\":[\"A la Une\",\"Formation\"],\"inLanguage\":\"fr-FR\",\"potentialAction\":[{\"@type\":\"CommentAction\",\"name\":\"Comment\",\"target\":[\"https:\/\/www.cabinet-jvl.fr\/site\/2022\/06\/28\/retrouvailles-transatlantiques\/#respond\"]}]},{\"@type\":\"WebPage\",\"@id\":\"https:\/\/www.cabinet-jvl.fr\/site\/2022\/06\/28\/retrouvailles-transatlantiques\/\",\"url\":\"https:\/\/www.cabinet-jvl.fr\/site\/2022\/06\/28\/retrouvailles-transatlantiques\/\",\"name\":\"Retrouvailles transatlantiques - Cabinet JVL\",\"isPartOf\":{\"@id\":\"https:\/\/www.cabinet-jvl.fr\/site\/#website\"},\"primaryImageOfPage\":{\"@id\":\"https:\/\/www.cabinet-jvl.fr\/site\/2022\/06\/28\/retrouvailles-transatlantiques\/#primaryimage\"},\"image\":{\"@id\":\"https:\/\/www.cabinet-jvl.fr\/site\/2022\/06\/28\/retrouvailles-transatlantiques\/#primaryimage\"},\"thumbnailUrl\":\"https:\/\/www.cabinet-jvl.fr\/site\/wp-content\/uploads\/CabinetJVL-Colloque12ansapres.jpg\",\"datePublished\":\"2022-06-28T16:00:10+00:00\",\"dateModified\":\"2022-07-27T17:51:01+00:00\",\"breadcrumb\":{\"@id\":\"https:\/\/www.cabinet-jvl.fr\/site\/2022\/06\/28\/retrouvailles-transatlantiques\/#breadcrumb\"},\"inLanguage\":\"fr-FR\",\"potentialAction\":[{\"@type\":\"ReadAction\",\"target\":[\"https:\/\/www.cabinet-jvl.fr\/site\/2022\/06\/28\/retrouvailles-transatlantiques\/\"]}]},{\"@type\":\"ImageObject\",\"inLanguage\":\"fr-FR\",\"@id\":\"https:\/\/www.cabinet-jvl.fr\/site\/2022\/06\/28\/retrouvailles-transatlantiques\/#primaryimage\",\"url\":\"https:\/\/www.cabinet-jvl.fr\/site\/wp-content\/uploads\/CabinetJVL-Colloque12ansapres.jpg\",\"contentUrl\":\"https:\/\/www.cabinet-jvl.fr\/site\/wp-content\/uploads\/CabinetJVL-Colloque12ansapres.jpg\",\"width\":960,\"height\":960,\"caption\":\"CabinetJVL\"},{\"@type\":\"BreadcrumbList\",\"@id\":\"https:\/\/www.cabinet-jvl.fr\/site\/2022\/06\/28\/retrouvailles-transatlantiques\/#breadcrumb\",\"itemListElement\":[{\"@type\":\"ListItem\",\"position\":1,\"name\":\"Accueil\",\"item\":\"https:\/\/www.cabinet-jvl.fr\/site\/\"},{\"@type\":\"ListItem\",\"position\":2,\"name\":\"Retrouvailles transatlantiques\"}]},{\"@type\":\"WebSite\",\"@id\":\"https:\/\/www.cabinet-jvl.fr\/site\/#website\",\"url\":\"https:\/\/www.cabinet-jvl.fr\/site\/\",\"name\":\"Cabinet JVL\",\"description\":\"J\u00e9r\u00f4me Valentin-L\u00e9autaud, Th\u00e9rapeute Consultant et Formateur \u00e0 Nice\",\"publisher\":{\"@id\":\"https:\/\/www.cabinet-jvl.fr\/site\/#organization\"},\"potentialAction\":[{\"@type\":\"SearchAction\",\"target\":{\"@type\":\"EntryPoint\",\"urlTemplate\":\"https:\/\/www.cabinet-jvl.fr\/site\/?s={search_term_string}\"},\"query-input\":{\"@type\":\"PropertyValueSpecification\",\"valueRequired\":true,\"valueName\":\"search_term_string\"}}],\"inLanguage\":\"fr-FR\"},{\"@type\":\"Organization\",\"@id\":\"https:\/\/www.cabinet-jvl.fr\/site\/#organization\",\"name\":\"Cabinet J\u00e9r\u00f4me Valentin-L\u00e9autaud\",\"url\":\"https:\/\/www.cabinet-jvl.fr\/site\/\",\"logo\":{\"@type\":\"ImageObject\",\"inLanguage\":\"fr-FR\",\"@id\":\"https:\/\/www.cabinet-jvl.fr\/site\/#\/schema\/logo\/image\/\",\"url\":\"https:\/\/www.cabinet-jvl.fr\/site\/wp-content\/uploads\/logo-cabinet-jvl-s.png\",\"contentUrl\":\"https:\/\/www.cabinet-jvl.fr\/site\/wp-content\/uploads\/logo-cabinet-jvl-s.png\",\"width\":1044,\"height\":638,\"caption\":\"Cabinet J\u00e9r\u00f4me Valentin-L\u00e9autaud\"},\"image\":{\"@id\":\"https:\/\/www.cabinet-jvl.fr\/site\/#\/schema\/logo\/image\/\"},\"sameAs\":[\"https:\/\/www.facebook.com\/CabinetJVL\",\"https:\/\/x.com\/lamethodejvl\"]},{\"@type\":\"Person\",\"@id\":\"https:\/\/www.cabinet-jvl.fr\/site\/#\/schema\/person\/6e5b1c6b96e0d0add241b04222fc3c70\",\"name\":\"J\u00e9r\u00f4me Valentin-L\u00e9autaud\",\"image\":{\"@type\":\"ImageObject\",\"inLanguage\":\"fr-FR\",\"@id\":\"https:\/\/www.cabinet-jvl.fr\/site\/#\/schema\/person\/image\/\",\"url\":\"https:\/\/secure.gravatar.com\/avatar\/320546516242fa092184253c303851dd20d5830010cdcfb81d184d8abb5d1eed?s=96&d=mm&r=g\",\"contentUrl\":\"https:\/\/secure.gravatar.com\/avatar\/320546516242fa092184253c303851dd20d5830010cdcfb81d184d8abb5d1eed?s=96&d=mm&r=g\",\"caption\":\"J\u00e9r\u00f4me Valentin-L\u00e9autaud\"},\"url\":\"https:\/\/www.cabinet-jvl.fr\/site\/author\/jeromevl\/\"}]}<\/script>\n<!-- \/ Yoast SEO plugin. -->","yoast_head_json":{"title":"Retrouvailles transatlantiques - Cabinet JVL","robots":{"index":"index","follow":"follow","max-snippet":"max-snippet:-1","max-image-preview":"max-image-preview:large","max-video-preview":"max-video-preview:-1"},"canonical":"https:\/\/www.cabinet-jvl.fr\/site\/2022\/06\/28\/retrouvailles-transatlantiques\/","og_locale":"fr_FR","og_type":"article","og_title":"Retrouvailles transatlantiques - Cabinet JVL","og_description":"Il y a 12 ans, j&#8217;ai eu le plaisir de construire et coordonner, avec l&#8217;appui d&#8217;une \u00e9quipe d\u00e9di\u00e9e, un formidable projet qui a vu naitre une amiti\u00e9 transatlantique! 12ans! Il aura donc fallu 12ans afin de laisser place aux retrouvailles (l&#8217;anniversaire des 10 ans ayant \u00e9t\u00e9 perturb\u00e9 et report\u00e9 par une certaine pand\u00e9mie&#8230;- excusez nous [&hellip;]","og_url":"https:\/\/www.cabinet-jvl.fr\/site\/2022\/06\/28\/retrouvailles-transatlantiques\/","og_site_name":"Cabinet JVL","article_publisher":"https:\/\/www.facebook.com\/CabinetJVL","article_published_time":"2022-06-28T16:00:10+00:00","article_modified_time":"2022-07-27T17:51:01+00:00","og_image":[{"width":960,"height":960,"url":"https:\/\/www.cabinet-jvl.fr\/site\/wp-content\/uploads\/CabinetJVL-Colloque12ansapres.jpg","type":"image\/jpeg"}],"author":"J\u00e9r\u00f4me Valentin-L\u00e9autaud","twitter_card":"summary_large_image","twitter_creator":"@lamethodejvl","twitter_site":"@lamethodejvl","twitter_misc":{"\u00c9crit par":"J\u00e9r\u00f4me Valentin-L\u00e9autaud","Dur\u00e9e de lecture estim\u00e9e":"3 minutes"},"schema":{"@context":"https:\/\/schema.org","@graph":[{"@type":"Article","@id":"https:\/\/www.cabinet-jvl.fr\/site\/2022\/06\/28\/retrouvailles-transatlantiques\/#article","isPartOf":{"@id":"https:\/\/www.cabinet-jvl.fr\/site\/2022\/06\/28\/retrouvailles-transatlantiques\/"},"author":{"name":"J\u00e9r\u00f4me Valentin-L\u00e9autaud","@id":"https:\/\/www.cabinet-jvl.fr\/site\/#\/schema\/person\/6e5b1c6b96e0d0add241b04222fc3c70"},"headline":"Retrouvailles transatlantiques","datePublished":"2022-06-28T16:00:10+00:00","dateModified":"2022-07-27T17:51:01+00:00","mainEntityOfPage":{"@id":"https:\/\/www.cabinet-jvl.fr\/site\/2022\/06\/28\/retrouvailles-transatlantiques\/"},"wordCount":538,"commentCount":0,"publisher":{"@id":"https:\/\/www.cabinet-jvl.fr\/site\/#organization"},"image":{"@id":"https:\/\/www.cabinet-jvl.fr\/site\/2022\/06\/28\/retrouvailles-transatlantiques\/#primaryimage"},"thumbnailUrl":"https:\/\/www.cabinet-jvl.fr\/site\/wp-content\/uploads\/CabinetJVL-Colloque12ansapres.jpg","articleSection":["A la Une","Formation"],"inLanguage":"fr-FR","potentialAction":[{"@type":"CommentAction","name":"Comment","target":["https:\/\/www.cabinet-jvl.fr\/site\/2022\/06\/28\/retrouvailles-transatlantiques\/#respond"]}]},{"@type":"WebPage","@id":"https:\/\/www.cabinet-jvl.fr\/site\/2022\/06\/28\/retrouvailles-transatlantiques\/","url":"https:\/\/www.cabinet-jvl.fr\/site\/2022\/06\/28\/retrouvailles-transatlantiques\/","name":"Retrouvailles transatlantiques - Cabinet JVL","isPartOf":{"@id":"https:\/\/www.cabinet-jvl.fr\/site\/#website"},"primaryImageOfPage":{"@id":"https:\/\/www.cabinet-jvl.fr\/site\/2022\/06\/28\/retrouvailles-transatlantiques\/#primaryimage"},"image":{"@id":"https:\/\/www.cabinet-jvl.fr\/site\/2022\/06\/28\/retrouvailles-transatlantiques\/#primaryimage"},"thumbnailUrl":"https:\/\/www.cabinet-jvl.fr\/site\/wp-content\/uploads\/CabinetJVL-Colloque12ansapres.jpg","datePublished":"2022-06-28T16:00:10+00:00","dateModified":"2022-07-27T17:51:01+00:00","breadcrumb":{"@id":"https:\/\/www.cabinet-jvl.fr\/site\/2022\/06\/28\/retrouvailles-transatlantiques\/#breadcrumb"},"inLanguage":"fr-FR","potentialAction":[{"@type":"ReadAction","target":["https:\/\/www.cabinet-jvl.fr\/site\/2022\/06\/28\/retrouvailles-transatlantiques\/"]}]},{"@type":"ImageObject","inLanguage":"fr-FR","@id":"https:\/\/www.cabinet-jvl.fr\/site\/2022\/06\/28\/retrouvailles-transatlantiques\/#primaryimage","url":"https:\/\/www.cabinet-jvl.fr\/site\/wp-content\/uploads\/CabinetJVL-Colloque12ansapres.jpg","contentUrl":"https:\/\/www.cabinet-jvl.fr\/site\/wp-content\/uploads\/CabinetJVL-Colloque12ansapres.jpg","width":960,"height":960,"caption":"CabinetJVL"},{"@type":"BreadcrumbList","@id":"https:\/\/www.cabinet-jvl.fr\/site\/2022\/06\/28\/retrouvailles-transatlantiques\/#breadcrumb","itemListElement":[{"@type":"ListItem","position":1,"name":"Accueil","item":"https:\/\/www.cabinet-jvl.fr\/site\/"},{"@type":"ListItem","position":2,"name":"Retrouvailles transatlantiques"}]},{"@type":"WebSite","@id":"https:\/\/www.cabinet-jvl.fr\/site\/#website","url":"https:\/\/www.cabinet-jvl.fr\/site\/","name":"Cabinet JVL","description":"J\u00e9r\u00f4me Valentin-L\u00e9autaud, Th\u00e9rapeute Consultant et Formateur \u00e0 Nice","publisher":{"@id":"https:\/\/www.cabinet-jvl.fr\/site\/#organization"},"potentialAction":[{"@type":"SearchAction","target":{"@type":"EntryPoint","urlTemplate":"https:\/\/www.cabinet-jvl.fr\/site\/?s={search_term_string}"},"query-input":{"@type":"PropertyValueSpecification","valueRequired":true,"valueName":"search_term_string"}}],"inLanguage":"fr-FR"},{"@type":"Organization","@id":"https:\/\/www.cabinet-jvl.fr\/site\/#organization","name":"Cabinet J\u00e9r\u00f4me Valentin-L\u00e9autaud","url":"https:\/\/www.cabinet-jvl.fr\/site\/","logo":{"@type":"ImageObject","inLanguage":"fr-FR","@id":"https:\/\/www.cabinet-jvl.fr\/site\/#\/schema\/logo\/image\/","url":"https:\/\/www.cabinet-jvl.fr\/site\/wp-content\/uploads\/logo-cabinet-jvl-s.png","contentUrl":"https:\/\/www.cabinet-jvl.fr\/site\/wp-content\/uploads\/logo-cabinet-jvl-s.png","width":1044,"height":638,"caption":"Cabinet J\u00e9r\u00f4me Valentin-L\u00e9autaud"},"image":{"@id":"https:\/\/www.cabinet-jvl.fr\/site\/#\/schema\/logo\/image\/"},"sameAs":["https:\/\/www.facebook.com\/CabinetJVL","https:\/\/x.com\/lamethodejvl"]},{"@type":"Person","@id":"https:\/\/www.cabinet-jvl.fr\/site\/#\/schema\/person\/6e5b1c6b96e0d0add241b04222fc3c70","name":"J\u00e9r\u00f4me Valentin-L\u00e9autaud","image":{"@type":"ImageObject","inLanguage":"fr-FR","@id":"https:\/\/www.cabinet-jvl.fr\/site\/#\/schema\/person\/image\/","url":"https:\/\/secure.gravatar.com\/avatar\/320546516242fa092184253c303851dd20d5830010cdcfb81d184d8abb5d1eed?s=96&d=mm&r=g","contentUrl":"https:\/\/secure.gravatar.com\/avatar\/320546516242fa092184253c303851dd20d5830010cdcfb81d184d8abb5d1eed?s=96&d=mm&r=g","caption":"J\u00e9r\u00f4me Valentin-L\u00e9autaud"},"url":"https:\/\/www.cabinet-jvl.fr\/site\/author\/jeromevl\/"}]}},"_links":{"self":[{"href":"https:\/\/www.cabinet-jvl.fr\/site\/wp-json\/wp\/v2\/posts\/436","targetHints":{"allow":["GET"]}}],"collection":[{"href":"https:\/\/www.cabinet-jvl.fr\/site\/wp-json\/wp\/v2\/posts"}],"about":[{"href":"https:\/\/www.cabinet-jvl.fr\/site\/wp-json\/wp\/v2\/types\/post"}],"author":[{"embeddable":true,"href":"https:\/\/www.cabinet-jvl.fr\/site\/wp-json\/wp\/v2\/users\/2"}],"replies":[{"embeddable":true,"href":"https:\/\/www.cabinet-jvl.fr\/site\/wp-json\/wp\/v2\/comments?post=436"}],"version-history":[{"count":11,"href":"https:\/\/www.cabinet-jvl.fr\/site\/wp-json\/wp\/v2\/posts\/436\/revisions"}],"predecessor-version":[{"id":448,"href":"https:\/\/www.cabinet-jvl.fr\/site\/wp-json\/wp\/v2\/posts\/436\/revisions\/448"}],"wp:featuredmedia":[{"embeddable":true,"href":"https:\/\/www.cabinet-jvl.fr\/site\/wp-json\/wp\/v2\/media\/437"}],"wp:attachment":[{"href":"https:\/\/www.cabinet-jvl.fr\/site\/wp-json\/wp\/v2\/media?parent=436"}],"wp:term":[{"taxonomy":"category","embeddable":true,"href":"https:\/\/www.cabinet-jvl.fr\/site\/wp-json\/wp\/v2\/categories?post=436"},{"taxonomy":"post_tag","embeddable":true,"href":"https:\/\/www.cabinet-jvl.fr\/site\/wp-json\/wp\/v2\/tags?post=436"}],"curies":[{"name":"wp","href":"https:\/\/api.w.org\/{rel}","templated":true}]}}