{"id":421,"date":"2020-10-02T11:27:00","date_gmt":"2020-10-02T09:27:00","guid":{"rendered":"https:\/\/www.cabinet-jvl.fr\/site\/?p=421"},"modified":"2022-07-26T11:37:04","modified_gmt":"2022-07-26T09:37:04","slug":"lyon-et-issoudun-septembre-2020","status":"publish","type":"post","link":"https:\/\/www.cabinet-jvl.fr\/site\/2020\/10\/02\/lyon-et-issoudun-septembre-2020\/","title":{"rendered":"Lyon et Issoudun, septembre 2020"},"content":{"rendered":"\n<p>Passage \u00e0\u00a0<a href=\"https:\/\/www.instagram.com\/explore\/tags\/lyon\/\">#Lyon<\/a>\u00a0pour quelques s\u00e9ances et revoir un confr\u00e8re &amp; vieil ami afin d&#8217;aborder des projets communs. Demain, d\u00e9part pour\u00a0<a href=\"https:\/\/www.instagram.com\/explore\/tags\/m%C3%A2con\/\">#M\u00e2con<\/a>\u00a0puis\u00a0<a href=\"https:\/\/www.instagram.com\/explore\/tags\/issoudun\/\">#Issoudun<\/a>\u00a0pour le congr\u00e8s de l&#8217;<a href=\"https:\/\/www.actas-asso.fr\/cabinet-jvl\/9071\/\" data-type=\"URL\" data-id=\"https:\/\/www.actas-asso.fr\/cabinet-jvl\/9071\/\" target=\"_blank\" rel=\"noreferrer noopener\">ACTAS<\/a>.<\/p>\n\n\n\n<!--more-->\n\n\n\n<figure class=\"wp-block-gallery has-nested-images columns-default is-cropped wp-block-gallery-1 is-layout-flex wp-block-gallery-is-layout-flex\">\n<figure class=\"wp-block-image size-large\"><img loading=\"lazy\" decoding=\"async\" width=\"694\" height=\"807\" data-id=\"426\" src=\"https:\/\/www.cabinet-jvl.fr\/site\/wp-content\/uploads\/JVL-Deplacement-43eCongresACTAS-edited.png\" alt=\"\" class=\"wp-image-426\" srcset=\"https:\/\/www.cabinet-jvl.fr\/site\/wp-content\/uploads\/JVL-Deplacement-43eCongresACTAS-edited.png 694w, https:\/\/www.cabinet-jvl.fr\/site\/wp-content\/uploads\/JVL-Deplacement-43eCongresACTAS-edited-300x349.png 300w, https:\/\/www.cabinet-jvl.fr\/site\/wp-content\/uploads\/JVL-Deplacement-43eCongresACTAS-edited-600x698.png 600w, https:\/\/www.cabinet-jvl.fr\/site\/wp-content\/uploads\/JVL-Deplacement-43eCongresACTAS-edited-258x300.png 258w\" sizes=\"auto, (max-width: 694px) 100vw, 694px\" \/><figcaption>Pr\u00eat \u00e0 accueillir les membres de l&#8217;Actas et les partenaires : partage &#8211; \u00e9changes &#8211; projets d&#8217;accompagnement<\/figcaption><\/figure>\n\n\n\n<figure class=\"wp-block-image size-full\"><img loading=\"lazy\" decoding=\"async\" width=\"499\" height=\"593\" data-id=\"428\" src=\"https:\/\/www.cabinet-jvl.fr\/site\/wp-content\/uploads\/JVL-Deplacement-43eCongresACTAS-Gerard-GUIEZE.png\" alt=\"\" class=\"wp-image-428\" srcset=\"https:\/\/www.cabinet-jvl.fr\/site\/wp-content\/uploads\/JVL-Deplacement-43eCongresACTAS-Gerard-GUIEZE.png 499w, https:\/\/www.cabinet-jvl.fr\/site\/wp-content\/uploads\/JVL-Deplacement-43eCongresACTAS-Gerard-GUIEZE-300x357.png 300w, https:\/\/www.cabinet-jvl.fr\/site\/wp-content\/uploads\/JVL-Deplacement-43eCongresACTAS-Gerard-GUIEZE-252x300.png 252w\" sizes=\"auto, (max-width: 499px) 100vw, 499px\" \/><figcaption>Conclusion du 43\u00e8me congr\u00e8s de l&#8217;Actas\u00a0de tr\u00e8s beaux \u00e9changes<\/figcaption><\/figure>\n\n\n\n<figure class=\"wp-block-image size-large\"><img loading=\"lazy\" decoding=\"async\" width=\"836\" height=\"804\" data-id=\"424\" src=\"https:\/\/www.cabinet-jvl.fr\/site\/wp-content\/uploads\/JVL-Deplacement-43eCongresACTAS-Documents.png\" alt=\"\" class=\"wp-image-424\" srcset=\"https:\/\/www.cabinet-jvl.fr\/site\/wp-content\/uploads\/JVL-Deplacement-43eCongresACTAS-Documents.png 836w, https:\/\/www.cabinet-jvl.fr\/site\/wp-content\/uploads\/JVL-Deplacement-43eCongresACTAS-Documents-300x289.png 300w, https:\/\/www.cabinet-jvl.fr\/site\/wp-content\/uploads\/JVL-Deplacement-43eCongresACTAS-Documents-600x577.png 600w, https:\/\/www.cabinet-jvl.fr\/site\/wp-content\/uploads\/JVL-Deplacement-43eCongresACTAS-Documents-768x739.png 768w\" sizes=\"auto, (max-width: 836px) 100vw, 836px\" \/><figcaption>De retour depuis quelques jours aux cabinet, un petit clin d&#8217;oeil \u00e0\u00a0<a href=\"https:\/\/www.instagram.com\/issoudun36\/\">@issoudun36<\/a>\u00a0avec ce porte-carte r\u00e9alis\u00e9 par les \u00e9l\u00e8ves en maroquinerie<\/figcaption><\/figure>\n<\/figure>\n\n\n\n<p>Conclusion du 43\u00e8me congr\u00e8s de l&#8217;ACTAS\u00a0de tr\u00e8s beaux \u00e9changes, une formidable convivialit\u00e9 et une vraie grande qualit\u00e9 d&#8217;accueil. <\/p>\n\n\n\n<p>Ce fut un grand plaisir d&#8217;\u00eatre pr\u00e9sent \u00e0 cet \u00e9v\u00e9nement ! Un grand bravo \u00e0 la ville d&#8217;Issoudun\u00a0<a href=\"https:\/\/www.instagram.com\/issoudun36\/\">@issoudun36<\/a>\u00a0&#8211; son Maire &amp; ses \u00e9quipes &#8211; qui a donn\u00e9 \u00e0 cet \u00e9v\u00e9nement un \u00e9crin de belle qualit\u00e9, ne m\u00e9nageant pas les efforts afin d&#8217;assurer en tout, ce qui fut le cas !<\/p>\n\n\n\n<p>Vivement 2021 pour retrouver tous ces professionnel\u00b7le\u00b7s engag\u00e9\u00b7e\u00b7s, souriant\u00b7e\u00b7s &amp; dynamiques !<\/p>\n","protected":false},"excerpt":{"rendered":"<p>Passage \u00e0\u00a0#Lyon\u00a0pour quelques s\u00e9ances et revoir un confr\u00e8re &amp; vieil ami afin d&#8217;aborder des projets communs. Demain, d\u00e9part pour\u00a0#M\u00e2con\u00a0puis\u00a0#Issoudun\u00a0pour le congr\u00e8s de l&#8217;ACTAS.<\/p>\n","protected":false},"author":1,"featured_media":422,"comment_status":"open","ping_status":"open","sticky":false,"template":"","format":"standard","meta":{"footnotes":""},"categories":[8],"tags":[],"class_list":["post-421","post","type-post","status-publish","format-standard","has-post-thumbnail","hentry","category-deplacement"],"yoast_head":"<!-- This site is optimized with the Yoast SEO plugin v23.6 - https:\/\/yoast.com\/wordpress\/plugins\/seo\/ -->\n<title>Lyon et Issoudun, septembre 2020 - Cabinet JVL<\/title>\n<meta name=\"robots\" content=\"index, follow, max-snippet:-1, max-image-preview:large, max-video-preview:-1\" \/>\n<link rel=\"canonical\" href=\"https:\/\/www.cabinet-jvl.fr\/site\/2020\/10\/02\/lyon-et-issoudun-septembre-2020\/\" \/>\n<meta property=\"og:locale\" content=\"fr_FR\" \/>\n<meta property=\"og:type\" content=\"article\" \/>\n<meta property=\"og:title\" content=\"Lyon et Issoudun, septembre 2020 - Cabinet JVL\" \/>\n<meta property=\"og:description\" content=\"Passage \u00e0\u00a0#Lyon\u00a0pour quelques s\u00e9ances et revoir un confr\u00e8re &amp; vieil ami afin d&#8217;aborder des projets communs. Demain, d\u00e9part pour\u00a0#M\u00e2con\u00a0puis\u00a0#Issoudun\u00a0pour le congr\u00e8s de l&#8217;ACTAS.\" \/>\n<meta property=\"og:url\" content=\"https:\/\/www.cabinet-jvl.fr\/site\/2020\/10\/02\/lyon-et-issoudun-septembre-2020\/\" \/>\n<meta property=\"og:site_name\" content=\"Cabinet JVL\" \/>\n<meta property=\"article:publisher\" content=\"https:\/\/www.facebook.com\/CabinetJVL\" \/>\n<meta property=\"article:published_time\" content=\"2020-10-02T09:27:00+00:00\" \/>\n<meta property=\"article:modified_time\" content=\"2022-07-26T09:37:04+00:00\" \/>\n<meta property=\"og:image\" content=\"https:\/\/www.cabinet-jvl.fr\/site\/wp-content\/uploads\/JVL-Deplacement-LyonIssoudun.png\" \/>\n\t<meta property=\"og:image:width\" content=\"712\" \/>\n\t<meta property=\"og:image:height\" content=\"687\" \/>\n\t<meta property=\"og:image:type\" content=\"image\/png\" \/>\n<meta name=\"author\" content=\"J\u00e9r\u00f4me Valentin-L\u00e9autaud\" \/>\n<meta name=\"twitter:card\" content=\"summary_large_image\" \/>\n<meta name=\"twitter:creator\" content=\"@lamethodejvl\" \/>\n<meta name=\"twitter:site\" content=\"@lamethodejvl\" \/>\n<meta name=\"twitter:label1\" content=\"\u00c9crit par\" \/>\n\t<meta name=\"twitter:data1\" content=\"J\u00e9r\u00f4me Valentin-L\u00e9autaud\" \/>\n\t<meta name=\"twitter:label2\" content=\"Dur\u00e9e de lecture estim\u00e9e\" \/>\n\t<meta name=\"twitter:data2\" content=\"1 minute\" \/>\n<script type=\"application\/ld+json\" class=\"yoast-schema-graph\">{\"@context\":\"https:\/\/schema.org\",\"@graph\":[{\"@type\":\"Article\",\"@id\":\"https:\/\/www.cabinet-jvl.fr\/site\/2020\/10\/02\/lyon-et-issoudun-septembre-2020\/#article\",\"isPartOf\":{\"@id\":\"https:\/\/www.cabinet-jvl.fr\/site\/2020\/10\/02\/lyon-et-issoudun-septembre-2020\/\"},\"author\":{\"name\":\"J\u00e9r\u00f4me Valentin-L\u00e9autaud\",\"@id\":\"https:\/\/www.cabinet-jvl.fr\/site\/#\/schema\/person\/3f7adc0ea0ad8315a1ecc9e4d896e976\"},\"headline\":\"Lyon et Issoudun, septembre 2020\",\"datePublished\":\"2020-10-02T09:27:00+00:00\",\"dateModified\":\"2022-07-26T09:37:04+00:00\",\"mainEntityOfPage\":{\"@id\":\"https:\/\/www.cabinet-jvl.fr\/site\/2020\/10\/02\/lyon-et-issoudun-septembre-2020\/\"},\"wordCount\":187,\"commentCount\":1,\"publisher\":{\"@id\":\"https:\/\/www.cabinet-jvl.fr\/site\/#organization\"},\"image\":{\"@id\":\"https:\/\/www.cabinet-jvl.fr\/site\/2020\/10\/02\/lyon-et-issoudun-septembre-2020\/#primaryimage\"},\"thumbnailUrl\":\"https:\/\/www.cabinet-jvl.fr\/site\/wp-content\/uploads\/JVL-Deplacement-LyonIssoudun.png\",\"articleSection\":[\"D\u00e9placement\"],\"inLanguage\":\"fr-FR\",\"potentialAction\":[{\"@type\":\"CommentAction\",\"name\":\"Comment\",\"target\":[\"https:\/\/www.cabinet-jvl.fr\/site\/2020\/10\/02\/lyon-et-issoudun-septembre-2020\/#respond\"]}]},{\"@type\":\"WebPage\",\"@id\":\"https:\/\/www.cabinet-jvl.fr\/site\/2020\/10\/02\/lyon-et-issoudun-septembre-2020\/\",\"url\":\"https:\/\/www.cabinet-jvl.fr\/site\/2020\/10\/02\/lyon-et-issoudun-septembre-2020\/\",\"name\":\"Lyon et Issoudun, septembre 2020 - Cabinet JVL\",\"isPartOf\":{\"@id\":\"https:\/\/www.cabinet-jvl.fr\/site\/#website\"},\"primaryImageOfPage\":{\"@id\":\"https:\/\/www.cabinet-jvl.fr\/site\/2020\/10\/02\/lyon-et-issoudun-septembre-2020\/#primaryimage\"},\"image\":{\"@id\":\"https:\/\/www.cabinet-jvl.fr\/site\/2020\/10\/02\/lyon-et-issoudun-septembre-2020\/#primaryimage\"},\"thumbnailUrl\":\"https:\/\/www.cabinet-jvl.fr\/site\/wp-content\/uploads\/JVL-Deplacement-LyonIssoudun.png\",\"datePublished\":\"2020-10-02T09:27:00+00:00\",\"dateModified\":\"2022-07-26T09:37:04+00:00\",\"breadcrumb\":{\"@id\":\"https:\/\/www.cabinet-jvl.fr\/site\/2020\/10\/02\/lyon-et-issoudun-septembre-2020\/#breadcrumb\"},\"inLanguage\":\"fr-FR\",\"potentialAction\":[{\"@type\":\"ReadAction\",\"target\":[\"https:\/\/www.cabinet-jvl.fr\/site\/2020\/10\/02\/lyon-et-issoudun-septembre-2020\/\"]}]},{\"@type\":\"ImageObject\",\"inLanguage\":\"fr-FR\",\"@id\":\"https:\/\/www.cabinet-jvl.fr\/site\/2020\/10\/02\/lyon-et-issoudun-septembre-2020\/#primaryimage\",\"url\":\"https:\/\/www.cabinet-jvl.fr\/site\/wp-content\/uploads\/JVL-Deplacement-LyonIssoudun.png\",\"contentUrl\":\"https:\/\/www.cabinet-jvl.fr\/site\/wp-content\/uploads\/JVL-Deplacement-LyonIssoudun.png\",\"width\":712,\"height\":687},{\"@type\":\"BreadcrumbList\",\"@id\":\"https:\/\/www.cabinet-jvl.fr\/site\/2020\/10\/02\/lyon-et-issoudun-septembre-2020\/#breadcrumb\",\"itemListElement\":[{\"@type\":\"ListItem\",\"position\":1,\"name\":\"Accueil\",\"item\":\"https:\/\/www.cabinet-jvl.fr\/site\/\"},{\"@type\":\"ListItem\",\"position\":2,\"name\":\"Lyon et Issoudun, septembre 2020\"}]},{\"@type\":\"WebSite\",\"@id\":\"https:\/\/www.cabinet-jvl.fr\/site\/#website\",\"url\":\"https:\/\/www.cabinet-jvl.fr\/site\/\",\"name\":\"Cabinet JVL\",\"description\":\"J\u00e9r\u00f4me Valentin-L\u00e9autaud, Th\u00e9rapeute Consultant et Formateur \u00e0 Nice\",\"publisher\":{\"@id\":\"https:\/\/www.cabinet-jvl.fr\/site\/#organization\"},\"potentialAction\":[{\"@type\":\"SearchAction\",\"target\":{\"@type\":\"EntryPoint\",\"urlTemplate\":\"https:\/\/www.cabinet-jvl.fr\/site\/?s={search_term_string}\"},\"query-input\":{\"@type\":\"PropertyValueSpecification\",\"valueRequired\":true,\"valueName\":\"search_term_string\"}}],\"inLanguage\":\"fr-FR\"},{\"@type\":\"Organization\",\"@id\":\"https:\/\/www.cabinet-jvl.fr\/site\/#organization\",\"name\":\"Cabinet J\u00e9r\u00f4me Valentin-L\u00e9autaud\",\"url\":\"https:\/\/www.cabinet-jvl.fr\/site\/\",\"logo\":{\"@type\":\"ImageObject\",\"inLanguage\":\"fr-FR\",\"@id\":\"https:\/\/www.cabinet-jvl.fr\/site\/#\/schema\/logo\/image\/\",\"url\":\"https:\/\/www.cabinet-jvl.fr\/site\/wp-content\/uploads\/logo-cabinet-jvl-s.png\",\"contentUrl\":\"https:\/\/www.cabinet-jvl.fr\/site\/wp-content\/uploads\/logo-cabinet-jvl-s.png\",\"width\":1044,\"height\":638,\"caption\":\"Cabinet J\u00e9r\u00f4me Valentin-L\u00e9autaud\"},\"image\":{\"@id\":\"https:\/\/www.cabinet-jvl.fr\/site\/#\/schema\/logo\/image\/\"},\"sameAs\":[\"https:\/\/www.facebook.com\/CabinetJVL\",\"https:\/\/x.com\/lamethodejvl\"]},{\"@type\":\"Person\",\"@id\":\"https:\/\/www.cabinet-jvl.fr\/site\/#\/schema\/person\/3f7adc0ea0ad8315a1ecc9e4d896e976\",\"name\":\"J\u00e9r\u00f4me Valentin-L\u00e9autaud\",\"image\":{\"@type\":\"ImageObject\",\"inLanguage\":\"fr-FR\",\"@id\":\"https:\/\/www.cabinet-jvl.fr\/site\/#\/schema\/person\/image\/\",\"url\":\"https:\/\/secure.gravatar.com\/avatar\/3c7df8595cbb6a5b80fff35e6641c1b2c9f037f9024948d5a5667177267c4526?s=96&d=mm&r=g\",\"contentUrl\":\"https:\/\/secure.gravatar.com\/avatar\/3c7df8595cbb6a5b80fff35e6641c1b2c9f037f9024948d5a5667177267c4526?s=96&d=mm&r=g\",\"caption\":\"J\u00e9r\u00f4me Valentin-L\u00e9autaud\"},\"sameAs\":[\"https:\/\/www.cabinet-jvl.fr\/site\"],\"url\":\"https:\/\/www.cabinet-jvl.fr\/site\/author\/hcy3e\/\"}]}<\/script>\n<!-- \/ Yoast SEO plugin. -->","yoast_head_json":{"title":"Lyon et Issoudun, septembre 2020 - Cabinet JVL","robots":{"index":"index","follow":"follow","max-snippet":"max-snippet:-1","max-image-preview":"max-image-preview:large","max-video-preview":"max-video-preview:-1"},"canonical":"https:\/\/www.cabinet-jvl.fr\/site\/2020\/10\/02\/lyon-et-issoudun-septembre-2020\/","og_locale":"fr_FR","og_type":"article","og_title":"Lyon et Issoudun, septembre 2020 - Cabinet JVL","og_description":"Passage \u00e0\u00a0#Lyon\u00a0pour quelques s\u00e9ances et revoir un confr\u00e8re &amp; vieil ami afin d&#8217;aborder des projets communs. Demain, d\u00e9part pour\u00a0#M\u00e2con\u00a0puis\u00a0#Issoudun\u00a0pour le congr\u00e8s de l&#8217;ACTAS.","og_url":"https:\/\/www.cabinet-jvl.fr\/site\/2020\/10\/02\/lyon-et-issoudun-septembre-2020\/","og_site_name":"Cabinet JVL","article_publisher":"https:\/\/www.facebook.com\/CabinetJVL","article_published_time":"2020-10-02T09:27:00+00:00","article_modified_time":"2022-07-26T09:37:04+00:00","og_image":[{"width":712,"height":687,"url":"https:\/\/www.cabinet-jvl.fr\/site\/wp-content\/uploads\/JVL-Deplacement-LyonIssoudun.png","type":"image\/png"}],"author":"J\u00e9r\u00f4me Valentin-L\u00e9autaud","twitter_card":"summary_large_image","twitter_creator":"@lamethodejvl","twitter_site":"@lamethodejvl","twitter_misc":{"\u00c9crit par":"J\u00e9r\u00f4me Valentin-L\u00e9autaud","Dur\u00e9e de lecture estim\u00e9e":"1 minute"},"schema":{"@context":"https:\/\/schema.org","@graph":[{"@type":"Article","@id":"https:\/\/www.cabinet-jvl.fr\/site\/2020\/10\/02\/lyon-et-issoudun-septembre-2020\/#article","isPartOf":{"@id":"https:\/\/www.cabinet-jvl.fr\/site\/2020\/10\/02\/lyon-et-issoudun-septembre-2020\/"},"author":{"name":"J\u00e9r\u00f4me Valentin-L\u00e9autaud","@id":"https:\/\/www.cabinet-jvl.fr\/site\/#\/schema\/person\/3f7adc0ea0ad8315a1ecc9e4d896e976"},"headline":"Lyon et Issoudun, septembre 2020","datePublished":"2020-10-02T09:27:00+00:00","dateModified":"2022-07-26T09:37:04+00:00","mainEntityOfPage":{"@id":"https:\/\/www.cabinet-jvl.fr\/site\/2020\/10\/02\/lyon-et-issoudun-septembre-2020\/"},"wordCount":187,"commentCount":1,"publisher":{"@id":"https:\/\/www.cabinet-jvl.fr\/site\/#organization"},"image":{"@id":"https:\/\/www.cabinet-jvl.fr\/site\/2020\/10\/02\/lyon-et-issoudun-septembre-2020\/#primaryimage"},"thumbnailUrl":"https:\/\/www.cabinet-jvl.fr\/site\/wp-content\/uploads\/JVL-Deplacement-LyonIssoudun.png","articleSection":["D\u00e9placement"],"inLanguage":"fr-FR","potentialAction":[{"@type":"CommentAction","name":"Comment","target":["https:\/\/www.cabinet-jvl.fr\/site\/2020\/10\/02\/lyon-et-issoudun-septembre-2020\/#respond"]}]},{"@type":"WebPage","@id":"https:\/\/www.cabinet-jvl.fr\/site\/2020\/10\/02\/lyon-et-issoudun-septembre-2020\/","url":"https:\/\/www.cabinet-jvl.fr\/site\/2020\/10\/02\/lyon-et-issoudun-septembre-2020\/","name":"Lyon et Issoudun, septembre 2020 - Cabinet JVL","isPartOf":{"@id":"https:\/\/www.cabinet-jvl.fr\/site\/#website"},"primaryImageOfPage":{"@id":"https:\/\/www.cabinet-jvl.fr\/site\/2020\/10\/02\/lyon-et-issoudun-septembre-2020\/#primaryimage"},"image":{"@id":"https:\/\/www.cabinet-jvl.fr\/site\/2020\/10\/02\/lyon-et-issoudun-septembre-2020\/#primaryimage"},"thumbnailUrl":"https:\/\/www.cabinet-jvl.fr\/site\/wp-content\/uploads\/JVL-Deplacement-LyonIssoudun.png","datePublished":"2020-10-02T09:27:00+00:00","dateModified":"2022-07-26T09:37:04+00:00","breadcrumb":{"@id":"https:\/\/www.cabinet-jvl.fr\/site\/2020\/10\/02\/lyon-et-issoudun-septembre-2020\/#breadcrumb"},"inLanguage":"fr-FR","potentialAction":[{"@type":"ReadAction","target":["https:\/\/www.cabinet-jvl.fr\/site\/2020\/10\/02\/lyon-et-issoudun-septembre-2020\/"]}]},{"@type":"ImageObject","inLanguage":"fr-FR","@id":"https:\/\/www.cabinet-jvl.fr\/site\/2020\/10\/02\/lyon-et-issoudun-septembre-2020\/#primaryimage","url":"https:\/\/www.cabinet-jvl.fr\/site\/wp-content\/uploads\/JVL-Deplacement-LyonIssoudun.png","contentUrl":"https:\/\/www.cabinet-jvl.fr\/site\/wp-content\/uploads\/JVL-Deplacement-LyonIssoudun.png","width":712,"height":687},{"@type":"BreadcrumbList","@id":"https:\/\/www.cabinet-jvl.fr\/site\/2020\/10\/02\/lyon-et-issoudun-septembre-2020\/#breadcrumb","itemListElement":[{"@type":"ListItem","position":1,"name":"Accueil","item":"https:\/\/www.cabinet-jvl.fr\/site\/"},{"@type":"ListItem","position":2,"name":"Lyon et Issoudun, septembre 2020"}]},{"@type":"WebSite","@id":"https:\/\/www.cabinet-jvl.fr\/site\/#website","url":"https:\/\/www.cabinet-jvl.fr\/site\/","name":"Cabinet JVL","description":"J\u00e9r\u00f4me Valentin-L\u00e9autaud, Th\u00e9rapeute Consultant et Formateur \u00e0 Nice","publisher":{"@id":"https:\/\/www.cabinet-jvl.fr\/site\/#organization"},"potentialAction":[{"@type":"SearchAction","target":{"@type":"EntryPoint","urlTemplate":"https:\/\/www.cabinet-jvl.fr\/site\/?s={search_term_string}"},"query-input":{"@type":"PropertyValueSpecification","valueRequired":true,"valueName":"search_term_string"}}],"inLanguage":"fr-FR"},{"@type":"Organization","@id":"https:\/\/www.cabinet-jvl.fr\/site\/#organization","name":"Cabinet J\u00e9r\u00f4me Valentin-L\u00e9autaud","url":"https:\/\/www.cabinet-jvl.fr\/site\/","logo":{"@type":"ImageObject","inLanguage":"fr-FR","@id":"https:\/\/www.cabinet-jvl.fr\/site\/#\/schema\/logo\/image\/","url":"https:\/\/www.cabinet-jvl.fr\/site\/wp-content\/uploads\/logo-cabinet-jvl-s.png","contentUrl":"https:\/\/www.cabinet-jvl.fr\/site\/wp-content\/uploads\/logo-cabinet-jvl-s.png","width":1044,"height":638,"caption":"Cabinet J\u00e9r\u00f4me Valentin-L\u00e9autaud"},"image":{"@id":"https:\/\/www.cabinet-jvl.fr\/site\/#\/schema\/logo\/image\/"},"sameAs":["https:\/\/www.facebook.com\/CabinetJVL","https:\/\/x.com\/lamethodejvl"]},{"@type":"Person","@id":"https:\/\/www.cabinet-jvl.fr\/site\/#\/schema\/person\/3f7adc0ea0ad8315a1ecc9e4d896e976","name":"J\u00e9r\u00f4me Valentin-L\u00e9autaud","image":{"@type":"ImageObject","inLanguage":"fr-FR","@id":"https:\/\/www.cabinet-jvl.fr\/site\/#\/schema\/person\/image\/","url":"https:\/\/secure.gravatar.com\/avatar\/3c7df8595cbb6a5b80fff35e6641c1b2c9f037f9024948d5a5667177267c4526?s=96&d=mm&r=g","contentUrl":"https:\/\/secure.gravatar.com\/avatar\/3c7df8595cbb6a5b80fff35e6641c1b2c9f037f9024948d5a5667177267c4526?s=96&d=mm&r=g","caption":"J\u00e9r\u00f4me Valentin-L\u00e9autaud"},"sameAs":["https:\/\/www.cabinet-jvl.fr\/site"],"url":"https:\/\/www.cabinet-jvl.fr\/site\/author\/hcy3e\/"}]}},"_links":{"self":[{"href":"https:\/\/www.cabinet-jvl.fr\/site\/wp-json\/wp\/v2\/posts\/421","targetHints":{"allow":["GET"]}}],"collection":[{"href":"https:\/\/www.cabinet-jvl.fr\/site\/wp-json\/wp\/v2\/posts"}],"about":[{"href":"https:\/\/www.cabinet-jvl.fr\/site\/wp-json\/wp\/v2\/types\/post"}],"author":[{"embeddable":true,"href":"https:\/\/www.cabinet-jvl.fr\/site\/wp-json\/wp\/v2\/users\/1"}],"replies":[{"embeddable":true,"href":"https:\/\/www.cabinet-jvl.fr\/site\/wp-json\/wp\/v2\/comments?post=421"}],"version-history":[{"count":1,"href":"https:\/\/www.cabinet-jvl.fr\/site\/wp-json\/wp\/v2\/posts\/421\/revisions"}],"predecessor-version":[{"id":429,"href":"https:\/\/www.cabinet-jvl.fr\/site\/wp-json\/wp\/v2\/posts\/421\/revisions\/429"}],"wp:featuredmedia":[{"embeddable":true,"href":"https:\/\/www.cabinet-jvl.fr\/site\/wp-json\/wp\/v2\/media\/422"}],"wp:attachment":[{"href":"https:\/\/www.cabinet-jvl.fr\/site\/wp-json\/wp\/v2\/media?parent=421"}],"wp:term":[{"taxonomy":"category","embeddable":true,"href":"https:\/\/www.cabinet-jvl.fr\/site\/wp-json\/wp\/v2\/categories?post=421"},{"taxonomy":"post_tag","embeddable":true,"href":"https:\/\/www.cabinet-jvl.fr\/site\/wp-json\/wp\/v2\/tags?post=421"}],"curies":[{"name":"wp","href":"https:\/\/api.w.org\/{rel}","templated":true}]}}