{"id":1760,"date":"2025-07-08T18:18:12","date_gmt":"2025-07-08T16:18:12","guid":{"rendered":"https:\/\/www.cabinet-jvl.fr\/site\/?p=1760"},"modified":"2025-10-23T18:20:43","modified_gmt":"2025-10-23T16:20:43","slug":"antibes-8-juillet-2025","status":"publish","type":"post","link":"https:\/\/www.cabinet-jvl.fr\/site\/2025\/07\/08\/antibes-8-juillet-2025\/","title":{"rendered":"Antibes, 8 juillet 2025"},"content":{"rendered":"\n<p>Apr\u00e8s-midi \u00e0 Antibes afin d&#8217;animer la s\u00e9ance d&#8217;Analyse des Pratiques Professionnelles &#8211; Supervision (APP-S) pour les Travailleurs Sociaux du <a href=\"https:\/\/www.antibes-juanlespins.com\/vivre-a-antibes\/le-centre-communal-daction-sociale\">CCAS d&#8217;Antibes Juan-les-Pins<\/a>.<\/p>\n\n\n\n<!--more-->\n\n\n\n<p>L&#8217;occasion :<\/p>\n\n\n\n<ul class=\"wp-block-list\">\n<li>d&#8217;analyses de situations complexes ;<\/li>\n\n\n\n<li>de r\u00e9flexions collectives ;<\/li>\n\n\n\n<li>d&#8217;\u00e9laboration de strat\u00e9gies d&#8217;accompagnement longitudinales ;<\/li>\n\n\n\n<li>d&#8217;\u00e9changes autour des dynamiques transf\u00e9rentielles et contre-transf\u00e9rentielles ;<\/li>\n\n\n\n<li>de d\u00e9veloppement des comp\u00e9tences relationnelles et communicationnelles&#8230;<\/li>\n<\/ul>\n\n\n\n<p>Apr\u00e8s cette journ\u00e9es tr\u00e8s impliqu\u00e9e pour les travailleurs sociaux et medico-sociaux&#8230; pause estivale des APP-S qui reviennent en septembre !<\/p>\n","protected":false},"excerpt":{"rendered":"<p>Apr\u00e8s-midi \u00e0 Antibes afin d&#8217;animer la s\u00e9ance d&#8217;Analyse des Pratiques Professionnelles &#8211; Supervision (APP-S) pour les Travailleurs Sociaux du CCAS d&#8217;Antibes Juan-les-Pins.<\/p>\n","protected":false},"author":1,"featured_media":1668,"comment_status":"open","ping_status":"open","sticky":false,"template":"","format":"standard","meta":{"footnotes":""},"categories":[8],"tags":[79],"class_list":["post-1760","post","type-post","status-publish","format-standard","has-post-thumbnail","hentry","category-deplacement","tag-antibes"],"yoast_head":"<!-- This site is optimized with the Yoast SEO plugin v23.6 - https:\/\/yoast.com\/wordpress\/plugins\/seo\/ -->\n<title>Antibes, 8 juillet 2025 - Cabinet JVL<\/title>\n<meta name=\"robots\" content=\"index, follow, max-snippet:-1, max-image-preview:large, max-video-preview:-1\" \/>\n<link rel=\"canonical\" href=\"https:\/\/www.cabinet-jvl.fr\/site\/2025\/07\/08\/antibes-8-juillet-2025\/\" \/>\n<meta property=\"og:locale\" content=\"fr_FR\" \/>\n<meta property=\"og:type\" content=\"article\" \/>\n<meta property=\"og:title\" content=\"Antibes, 8 juillet 2025 - Cabinet JVL\" \/>\n<meta property=\"og:description\" content=\"Apr\u00e8s-midi \u00e0 Antibes afin d&#8217;animer la s\u00e9ance d&#8217;Analyse des Pratiques Professionnelles &#8211; Supervision (APP-S) pour les Travailleurs Sociaux du CCAS d&#8217;Antibes Juan-les-Pins.\" \/>\n<meta property=\"og:url\" content=\"https:\/\/www.cabinet-jvl.fr\/site\/2025\/07\/08\/antibes-8-juillet-2025\/\" \/>\n<meta property=\"og:site_name\" content=\"Cabinet JVL\" \/>\n<meta property=\"article:publisher\" content=\"https:\/\/www.facebook.com\/CabinetJVL\" \/>\n<meta property=\"article:published_time\" content=\"2025-07-08T16:18:12+00:00\" \/>\n<meta property=\"article:modified_time\" content=\"2025-10-23T16:20:43+00:00\" \/>\n<meta property=\"og:image\" content=\"https:\/\/www.cabinet-jvl.fr\/site\/wp-content\/uploads\/Antibes-2.jpg\" \/>\n\t<meta property=\"og:image:width\" content=\"1920\" \/>\n\t<meta property=\"og:image:height\" content=\"1280\" \/>\n\t<meta property=\"og:image:type\" content=\"image\/jpeg\" \/>\n<meta name=\"author\" content=\"J\u00e9r\u00f4me Valentin-L\u00e9autaud\" \/>\n<meta name=\"twitter:card\" content=\"summary_large_image\" \/>\n<meta name=\"twitter:creator\" content=\"@lamethodejvl\" \/>\n<meta name=\"twitter:site\" content=\"@lamethodejvl\" \/>\n<meta name=\"twitter:label1\" content=\"\u00c9crit par\" \/>\n\t<meta name=\"twitter:data1\" content=\"J\u00e9r\u00f4me Valentin-L\u00e9autaud\" \/>\n\t<meta name=\"twitter:label2\" content=\"Dur\u00e9e de lecture estim\u00e9e\" \/>\n\t<meta name=\"twitter:data2\" content=\"1 minute\" \/>\n<script type=\"application\/ld+json\" class=\"yoast-schema-graph\">{\"@context\":\"https:\/\/schema.org\",\"@graph\":[{\"@type\":\"Article\",\"@id\":\"https:\/\/www.cabinet-jvl.fr\/site\/2025\/07\/08\/antibes-8-juillet-2025\/#article\",\"isPartOf\":{\"@id\":\"https:\/\/www.cabinet-jvl.fr\/site\/2025\/07\/08\/antibes-8-juillet-2025\/\"},\"author\":{\"name\":\"J\u00e9r\u00f4me Valentin-L\u00e9autaud\",\"@id\":\"https:\/\/www.cabinet-jvl.fr\/site\/#\/schema\/person\/3f7adc0ea0ad8315a1ecc9e4d896e976\"},\"headline\":\"Antibes, 8 juillet 2025\",\"datePublished\":\"2025-07-08T16:18:12+00:00\",\"dateModified\":\"2025-10-23T16:20:43+00:00\",\"mainEntityOfPage\":{\"@id\":\"https:\/\/www.cabinet-jvl.fr\/site\/2025\/07\/08\/antibes-8-juillet-2025\/\"},\"wordCount\":89,\"commentCount\":0,\"publisher\":{\"@id\":\"https:\/\/www.cabinet-jvl.fr\/site\/#organization\"},\"image\":{\"@id\":\"https:\/\/www.cabinet-jvl.fr\/site\/2025\/07\/08\/antibes-8-juillet-2025\/#primaryimage\"},\"thumbnailUrl\":\"https:\/\/www.cabinet-jvl.fr\/site\/wp-content\/uploads\/Antibes-2.jpg\",\"keywords\":[\"Antibes\"],\"articleSection\":[\"D\u00e9placement\"],\"inLanguage\":\"fr-FR\",\"potentialAction\":[{\"@type\":\"CommentAction\",\"name\":\"Comment\",\"target\":[\"https:\/\/www.cabinet-jvl.fr\/site\/2025\/07\/08\/antibes-8-juillet-2025\/#respond\"]}]},{\"@type\":\"WebPage\",\"@id\":\"https:\/\/www.cabinet-jvl.fr\/site\/2025\/07\/08\/antibes-8-juillet-2025\/\",\"url\":\"https:\/\/www.cabinet-jvl.fr\/site\/2025\/07\/08\/antibes-8-juillet-2025\/\",\"name\":\"Antibes, 8 juillet 2025 - Cabinet JVL\",\"isPartOf\":{\"@id\":\"https:\/\/www.cabinet-jvl.fr\/site\/#website\"},\"primaryImageOfPage\":{\"@id\":\"https:\/\/www.cabinet-jvl.fr\/site\/2025\/07\/08\/antibes-8-juillet-2025\/#primaryimage\"},\"image\":{\"@id\":\"https:\/\/www.cabinet-jvl.fr\/site\/2025\/07\/08\/antibes-8-juillet-2025\/#primaryimage\"},\"thumbnailUrl\":\"https:\/\/www.cabinet-jvl.fr\/site\/wp-content\/uploads\/Antibes-2.jpg\",\"datePublished\":\"2025-07-08T16:18:12+00:00\",\"dateModified\":\"2025-10-23T16:20:43+00:00\",\"breadcrumb\":{\"@id\":\"https:\/\/www.cabinet-jvl.fr\/site\/2025\/07\/08\/antibes-8-juillet-2025\/#breadcrumb\"},\"inLanguage\":\"fr-FR\",\"potentialAction\":[{\"@type\":\"ReadAction\",\"target\":[\"https:\/\/www.cabinet-jvl.fr\/site\/2025\/07\/08\/antibes-8-juillet-2025\/\"]}]},{\"@type\":\"ImageObject\",\"inLanguage\":\"fr-FR\",\"@id\":\"https:\/\/www.cabinet-jvl.fr\/site\/2025\/07\/08\/antibes-8-juillet-2025\/#primaryimage\",\"url\":\"https:\/\/www.cabinet-jvl.fr\/site\/wp-content\/uploads\/Antibes-2.jpg\",\"contentUrl\":\"https:\/\/www.cabinet-jvl.fr\/site\/wp-content\/uploads\/Antibes-2.jpg\",\"width\":1920,\"height\":1280},{\"@type\":\"BreadcrumbList\",\"@id\":\"https:\/\/www.cabinet-jvl.fr\/site\/2025\/07\/08\/antibes-8-juillet-2025\/#breadcrumb\",\"itemListElement\":[{\"@type\":\"ListItem\",\"position\":1,\"name\":\"Accueil\",\"item\":\"https:\/\/www.cabinet-jvl.fr\/site\/\"},{\"@type\":\"ListItem\",\"position\":2,\"name\":\"Antibes, 8 juillet 2025\"}]},{\"@type\":\"WebSite\",\"@id\":\"https:\/\/www.cabinet-jvl.fr\/site\/#website\",\"url\":\"https:\/\/www.cabinet-jvl.fr\/site\/\",\"name\":\"Cabinet JVL\",\"description\":\"J\u00e9r\u00f4me Valentin-L\u00e9autaud, Th\u00e9rapeute Consultant et Formateur \u00e0 Nice\",\"publisher\":{\"@id\":\"https:\/\/www.cabinet-jvl.fr\/site\/#organization\"},\"potentialAction\":[{\"@type\":\"SearchAction\",\"target\":{\"@type\":\"EntryPoint\",\"urlTemplate\":\"https:\/\/www.cabinet-jvl.fr\/site\/?s={search_term_string}\"},\"query-input\":{\"@type\":\"PropertyValueSpecification\",\"valueRequired\":true,\"valueName\":\"search_term_string\"}}],\"inLanguage\":\"fr-FR\"},{\"@type\":\"Organization\",\"@id\":\"https:\/\/www.cabinet-jvl.fr\/site\/#organization\",\"name\":\"Cabinet J\u00e9r\u00f4me Valentin-L\u00e9autaud\",\"url\":\"https:\/\/www.cabinet-jvl.fr\/site\/\",\"logo\":{\"@type\":\"ImageObject\",\"inLanguage\":\"fr-FR\",\"@id\":\"https:\/\/www.cabinet-jvl.fr\/site\/#\/schema\/logo\/image\/\",\"url\":\"https:\/\/www.cabinet-jvl.fr\/site\/wp-content\/uploads\/logo-cabinet-jvl-s.png\",\"contentUrl\":\"https:\/\/www.cabinet-jvl.fr\/site\/wp-content\/uploads\/logo-cabinet-jvl-s.png\",\"width\":1044,\"height\":638,\"caption\":\"Cabinet J\u00e9r\u00f4me Valentin-L\u00e9autaud\"},\"image\":{\"@id\":\"https:\/\/www.cabinet-jvl.fr\/site\/#\/schema\/logo\/image\/\"},\"sameAs\":[\"https:\/\/www.facebook.com\/CabinetJVL\",\"https:\/\/x.com\/lamethodejvl\"]},{\"@type\":\"Person\",\"@id\":\"https:\/\/www.cabinet-jvl.fr\/site\/#\/schema\/person\/3f7adc0ea0ad8315a1ecc9e4d896e976\",\"name\":\"J\u00e9r\u00f4me Valentin-L\u00e9autaud\",\"image\":{\"@type\":\"ImageObject\",\"inLanguage\":\"fr-FR\",\"@id\":\"https:\/\/www.cabinet-jvl.fr\/site\/#\/schema\/person\/image\/\",\"url\":\"https:\/\/secure.gravatar.com\/avatar\/3c7df8595cbb6a5b80fff35e6641c1b2c9f037f9024948d5a5667177267c4526?s=96&d=mm&r=g\",\"contentUrl\":\"https:\/\/secure.gravatar.com\/avatar\/3c7df8595cbb6a5b80fff35e6641c1b2c9f037f9024948d5a5667177267c4526?s=96&d=mm&r=g\",\"caption\":\"J\u00e9r\u00f4me Valentin-L\u00e9autaud\"},\"sameAs\":[\"https:\/\/www.cabinet-jvl.fr\/site\"],\"url\":\"https:\/\/www.cabinet-jvl.fr\/site\/author\/hcy3e\/\"}]}<\/script>\n<!-- \/ Yoast SEO plugin. -->","yoast_head_json":{"title":"Antibes, 8 juillet 2025 - Cabinet JVL","robots":{"index":"index","follow":"follow","max-snippet":"max-snippet:-1","max-image-preview":"max-image-preview:large","max-video-preview":"max-video-preview:-1"},"canonical":"https:\/\/www.cabinet-jvl.fr\/site\/2025\/07\/08\/antibes-8-juillet-2025\/","og_locale":"fr_FR","og_type":"article","og_title":"Antibes, 8 juillet 2025 - Cabinet JVL","og_description":"Apr\u00e8s-midi \u00e0 Antibes afin d&#8217;animer la s\u00e9ance d&#8217;Analyse des Pratiques Professionnelles &#8211; Supervision (APP-S) pour les Travailleurs Sociaux du CCAS d&#8217;Antibes Juan-les-Pins.","og_url":"https:\/\/www.cabinet-jvl.fr\/site\/2025\/07\/08\/antibes-8-juillet-2025\/","og_site_name":"Cabinet JVL","article_publisher":"https:\/\/www.facebook.com\/CabinetJVL","article_published_time":"2025-07-08T16:18:12+00:00","article_modified_time":"2025-10-23T16:20:43+00:00","og_image":[{"width":1920,"height":1280,"url":"https:\/\/www.cabinet-jvl.fr\/site\/wp-content\/uploads\/Antibes-2.jpg","type":"image\/jpeg"}],"author":"J\u00e9r\u00f4me Valentin-L\u00e9autaud","twitter_card":"summary_large_image","twitter_creator":"@lamethodejvl","twitter_site":"@lamethodejvl","twitter_misc":{"\u00c9crit par":"J\u00e9r\u00f4me Valentin-L\u00e9autaud","Dur\u00e9e de lecture estim\u00e9e":"1 minute"},"schema":{"@context":"https:\/\/schema.org","@graph":[{"@type":"Article","@id":"https:\/\/www.cabinet-jvl.fr\/site\/2025\/07\/08\/antibes-8-juillet-2025\/#article","isPartOf":{"@id":"https:\/\/www.cabinet-jvl.fr\/site\/2025\/07\/08\/antibes-8-juillet-2025\/"},"author":{"name":"J\u00e9r\u00f4me Valentin-L\u00e9autaud","@id":"https:\/\/www.cabinet-jvl.fr\/site\/#\/schema\/person\/3f7adc0ea0ad8315a1ecc9e4d896e976"},"headline":"Antibes, 8 juillet 2025","datePublished":"2025-07-08T16:18:12+00:00","dateModified":"2025-10-23T16:20:43+00:00","mainEntityOfPage":{"@id":"https:\/\/www.cabinet-jvl.fr\/site\/2025\/07\/08\/antibes-8-juillet-2025\/"},"wordCount":89,"commentCount":0,"publisher":{"@id":"https:\/\/www.cabinet-jvl.fr\/site\/#organization"},"image":{"@id":"https:\/\/www.cabinet-jvl.fr\/site\/2025\/07\/08\/antibes-8-juillet-2025\/#primaryimage"},"thumbnailUrl":"https:\/\/www.cabinet-jvl.fr\/site\/wp-content\/uploads\/Antibes-2.jpg","keywords":["Antibes"],"articleSection":["D\u00e9placement"],"inLanguage":"fr-FR","potentialAction":[{"@type":"CommentAction","name":"Comment","target":["https:\/\/www.cabinet-jvl.fr\/site\/2025\/07\/08\/antibes-8-juillet-2025\/#respond"]}]},{"@type":"WebPage","@id":"https:\/\/www.cabinet-jvl.fr\/site\/2025\/07\/08\/antibes-8-juillet-2025\/","url":"https:\/\/www.cabinet-jvl.fr\/site\/2025\/07\/08\/antibes-8-juillet-2025\/","name":"Antibes, 8 juillet 2025 - Cabinet JVL","isPartOf":{"@id":"https:\/\/www.cabinet-jvl.fr\/site\/#website"},"primaryImageOfPage":{"@id":"https:\/\/www.cabinet-jvl.fr\/site\/2025\/07\/08\/antibes-8-juillet-2025\/#primaryimage"},"image":{"@id":"https:\/\/www.cabinet-jvl.fr\/site\/2025\/07\/08\/antibes-8-juillet-2025\/#primaryimage"},"thumbnailUrl":"https:\/\/www.cabinet-jvl.fr\/site\/wp-content\/uploads\/Antibes-2.jpg","datePublished":"2025-07-08T16:18:12+00:00","dateModified":"2025-10-23T16:20:43+00:00","breadcrumb":{"@id":"https:\/\/www.cabinet-jvl.fr\/site\/2025\/07\/08\/antibes-8-juillet-2025\/#breadcrumb"},"inLanguage":"fr-FR","potentialAction":[{"@type":"ReadAction","target":["https:\/\/www.cabinet-jvl.fr\/site\/2025\/07\/08\/antibes-8-juillet-2025\/"]}]},{"@type":"ImageObject","inLanguage":"fr-FR","@id":"https:\/\/www.cabinet-jvl.fr\/site\/2025\/07\/08\/antibes-8-juillet-2025\/#primaryimage","url":"https:\/\/www.cabinet-jvl.fr\/site\/wp-content\/uploads\/Antibes-2.jpg","contentUrl":"https:\/\/www.cabinet-jvl.fr\/site\/wp-content\/uploads\/Antibes-2.jpg","width":1920,"height":1280},{"@type":"BreadcrumbList","@id":"https:\/\/www.cabinet-jvl.fr\/site\/2025\/07\/08\/antibes-8-juillet-2025\/#breadcrumb","itemListElement":[{"@type":"ListItem","position":1,"name":"Accueil","item":"https:\/\/www.cabinet-jvl.fr\/site\/"},{"@type":"ListItem","position":2,"name":"Antibes, 8 juillet 2025"}]},{"@type":"WebSite","@id":"https:\/\/www.cabinet-jvl.fr\/site\/#website","url":"https:\/\/www.cabinet-jvl.fr\/site\/","name":"Cabinet JVL","description":"J\u00e9r\u00f4me Valentin-L\u00e9autaud, Th\u00e9rapeute Consultant et Formateur \u00e0 Nice","publisher":{"@id":"https:\/\/www.cabinet-jvl.fr\/site\/#organization"},"potentialAction":[{"@type":"SearchAction","target":{"@type":"EntryPoint","urlTemplate":"https:\/\/www.cabinet-jvl.fr\/site\/?s={search_term_string}"},"query-input":{"@type":"PropertyValueSpecification","valueRequired":true,"valueName":"search_term_string"}}],"inLanguage":"fr-FR"},{"@type":"Organization","@id":"https:\/\/www.cabinet-jvl.fr\/site\/#organization","name":"Cabinet J\u00e9r\u00f4me Valentin-L\u00e9autaud","url":"https:\/\/www.cabinet-jvl.fr\/site\/","logo":{"@type":"ImageObject","inLanguage":"fr-FR","@id":"https:\/\/www.cabinet-jvl.fr\/site\/#\/schema\/logo\/image\/","url":"https:\/\/www.cabinet-jvl.fr\/site\/wp-content\/uploads\/logo-cabinet-jvl-s.png","contentUrl":"https:\/\/www.cabinet-jvl.fr\/site\/wp-content\/uploads\/logo-cabinet-jvl-s.png","width":1044,"height":638,"caption":"Cabinet J\u00e9r\u00f4me Valentin-L\u00e9autaud"},"image":{"@id":"https:\/\/www.cabinet-jvl.fr\/site\/#\/schema\/logo\/image\/"},"sameAs":["https:\/\/www.facebook.com\/CabinetJVL","https:\/\/x.com\/lamethodejvl"]},{"@type":"Person","@id":"https:\/\/www.cabinet-jvl.fr\/site\/#\/schema\/person\/3f7adc0ea0ad8315a1ecc9e4d896e976","name":"J\u00e9r\u00f4me Valentin-L\u00e9autaud","image":{"@type":"ImageObject","inLanguage":"fr-FR","@id":"https:\/\/www.cabinet-jvl.fr\/site\/#\/schema\/person\/image\/","url":"https:\/\/secure.gravatar.com\/avatar\/3c7df8595cbb6a5b80fff35e6641c1b2c9f037f9024948d5a5667177267c4526?s=96&d=mm&r=g","contentUrl":"https:\/\/secure.gravatar.com\/avatar\/3c7df8595cbb6a5b80fff35e6641c1b2c9f037f9024948d5a5667177267c4526?s=96&d=mm&r=g","caption":"J\u00e9r\u00f4me Valentin-L\u00e9autaud"},"sameAs":["https:\/\/www.cabinet-jvl.fr\/site"],"url":"https:\/\/www.cabinet-jvl.fr\/site\/author\/hcy3e\/"}]}},"_links":{"self":[{"href":"https:\/\/www.cabinet-jvl.fr\/site\/wp-json\/wp\/v2\/posts\/1760","targetHints":{"allow":["GET"]}}],"collection":[{"href":"https:\/\/www.cabinet-jvl.fr\/site\/wp-json\/wp\/v2\/posts"}],"about":[{"href":"https:\/\/www.cabinet-jvl.fr\/site\/wp-json\/wp\/v2\/types\/post"}],"author":[{"embeddable":true,"href":"https:\/\/www.cabinet-jvl.fr\/site\/wp-json\/wp\/v2\/users\/1"}],"replies":[{"embeddable":true,"href":"https:\/\/www.cabinet-jvl.fr\/site\/wp-json\/wp\/v2\/comments?post=1760"}],"version-history":[{"count":2,"href":"https:\/\/www.cabinet-jvl.fr\/site\/wp-json\/wp\/v2\/posts\/1760\/revisions"}],"predecessor-version":[{"id":1762,"href":"https:\/\/www.cabinet-jvl.fr\/site\/wp-json\/wp\/v2\/posts\/1760\/revisions\/1762"}],"wp:featuredmedia":[{"embeddable":true,"href":"https:\/\/www.cabinet-jvl.fr\/site\/wp-json\/wp\/v2\/media\/1668"}],"wp:attachment":[{"href":"https:\/\/www.cabinet-jvl.fr\/site\/wp-json\/wp\/v2\/media?parent=1760"}],"wp:term":[{"taxonomy":"category","embeddable":true,"href":"https:\/\/www.cabinet-jvl.fr\/site\/wp-json\/wp\/v2\/categories?post=1760"},{"taxonomy":"post_tag","embeddable":true,"href":"https:\/\/www.cabinet-jvl.fr\/site\/wp-json\/wp\/v2\/tags?post=1760"}],"curies":[{"name":"wp","href":"https:\/\/api.w.org\/{rel}","templated":true}]}}