{"id":1744,"date":"2025-04-12T18:01:58","date_gmt":"2025-04-12T16:01:58","guid":{"rendered":"https:\/\/www.cabinet-jvl.fr\/site\/?p=1744"},"modified":"2025-10-23T18:05:56","modified_gmt":"2025-10-23T16:05:56","slug":"un-projet-inedit-et-denvergure-qui-verra-le-jour-en-automne-2026","status":"publish","type":"post","link":"https:\/\/www.cabinet-jvl.fr\/site\/2025\/04\/12\/un-projet-inedit-et-denvergure-qui-verra-le-jour-en-automne-2026\/","title":{"rendered":"Un projet in\u00e9dit et d&#8217;envergure qui verra le jour en automne 2026&#8230;"},"content":{"rendered":"\n<p>C&#8217;est avec un immense plaisir que Jeudi et Vendredi, j&#8217;ai eu le plaisir d&#8217;accueillir au <a href=\"https:\/\/www.facebook.com\/CabinetJVL?__cft__[0]=AZVTApKsVLoJwM8tYHYPCMz03s484O33HW3iA0pgN9VfrxXJPqai3gKTtdeUbEZVOzlDab3SIQvJMpaAnnd3neE_xkJhJQ1rkbwVlTKrR3ul6BDhbWHItozN5qS1kbMDCIQy7b1ylre5SKBLgF-bYbshAby2sxB7bT7d3fik74pTpniPsaFatKHkel1ZRFc0ulw&amp;__tn__=-]K-R\">Cabinet JVL<\/a>, pour deux journ\u00e9es intenses de travail et de r\u00e9flexion, <a href=\"https:\/\/www.facebook.com\/clement.apelian?__cft__[0]=AZVTApKsVLoJwM8tYHYPCMz03s484O33HW3iA0pgN9VfrxXJPqai3gKTtdeUbEZVOzlDab3SIQvJMpaAnnd3neE_xkJhJQ1rkbwVlTKrR3ul6BDhbWHItozN5qS1kbMDCIQy7b1ylre5SKBLgF-bYbshAby2sxB7bT7d3fik74pTpniPsaFatKHkel1ZRFc0ulw&amp;__tn__=-]K-R\">Cl\u00e9ment Apelian<\/a>, Directeur de <a href=\"https:\/\/www.prhysme.com\/\">Laboratoire PRHySME<\/a> &#8211; Precision Research in Hypnotism for the Strategic Modulation of Experience Lab (le laboratoire de recherche de pr\u00e9cision sur l\u2019hypnose pour la modulation strat\u00e9gique de la subjectivit\u00e9).<\/p>\n\n\n\n<!--more-->\n\n\n\n<p>Ces journ\u00e9es sont la suite du travail d&#8217;accompagnement initi\u00e9, il y a maintenant plusieurs ann\u00e9es en vue de la structuration et le d\u00e9veloppement de ce laboratoire de recherche.<\/p>\n\n\n\n<p>Deux jours, pour travailler sur un projet in\u00e9dit et d&#8217;envergure qui verra le jour en automne 2026.<\/p>\n\n\n\n<p>Deux jours, toujours agr\u00e9ables, inscrits dans l&#8217;\u00e9change de haut niveau, la strat\u00e9gie et la conduite de projet complexe.<\/p>\n\n\n\n<p>Deux jours, pour encore mieux se conna\u00eetre et avoir encore plus envie de travailler ensemble.<\/p>\n\n\n\n<p><strong>Merci \u00e0 K\u00e9vin Finel et <a href=\"https:\/\/www.arche-hypnose.com\/\">ARCHE formation<\/a> pour la confiance qu&#8217;ils me t\u00e9moignent depuis de nombreuses ann\u00e9es !<\/strong><\/p>\n","protected":false},"excerpt":{"rendered":"<p>C&#8217;est avec un immense plaisir que Jeudi et Vendredi, j&#8217;ai eu le plaisir d&#8217;accueillir au Cabinet JVL, pour deux journ\u00e9es intenses de travail et de r\u00e9flexion, Cl\u00e9ment Apelian, Directeur de Laboratoire PRHySME &#8211; Precision Research in Hypnotism for the Strategic Modulation of Experience Lab (le laboratoire de recherche de pr\u00e9cision sur l\u2019hypnose pour la modulation [&hellip;]<\/p>\n","protected":false},"author":1,"featured_media":1745,"comment_status":"open","ping_status":"open","sticky":false,"template":"","format":"standard","meta":{"footnotes":""},"categories":[7],"tags":[94,95,151],"class_list":["post-1744","post","type-post","status-publish","format-standard","has-post-thumbnail","hentry","category-a-la-une","tag-arche","tag-clement-apelian","tag-prhysme"],"yoast_head":"<!-- This site is optimized with the Yoast SEO plugin v23.6 - https:\/\/yoast.com\/wordpress\/plugins\/seo\/ -->\n<title>Un projet in\u00e9dit et d&#039;envergure qui verra le jour en automne 2026... - Cabinet JVL<\/title>\n<meta name=\"robots\" content=\"index, follow, max-snippet:-1, max-image-preview:large, max-video-preview:-1\" \/>\n<link rel=\"canonical\" href=\"https:\/\/www.cabinet-jvl.fr\/site\/2025\/04\/12\/un-projet-inedit-et-denvergure-qui-verra-le-jour-en-automne-2026\/\" \/>\n<meta property=\"og:locale\" content=\"fr_FR\" \/>\n<meta property=\"og:type\" content=\"article\" \/>\n<meta property=\"og:title\" content=\"Un projet in\u00e9dit et d&#039;envergure qui verra le jour en automne 2026... - Cabinet JVL\" \/>\n<meta property=\"og:description\" content=\"C&#8217;est avec un immense plaisir que Jeudi et Vendredi, j&#8217;ai eu le plaisir d&#8217;accueillir au Cabinet JVL, pour deux journ\u00e9es intenses de travail et de r\u00e9flexion, Cl\u00e9ment Apelian, Directeur de Laboratoire PRHySME &#8211; Precision Research in Hypnotism for the Strategic Modulation of Experience Lab (le laboratoire de recherche de pr\u00e9cision sur l\u2019hypnose pour la modulation [&hellip;]\" \/>\n<meta property=\"og:url\" content=\"https:\/\/www.cabinet-jvl.fr\/site\/2025\/04\/12\/un-projet-inedit-et-denvergure-qui-verra-le-jour-en-automne-2026\/\" \/>\n<meta property=\"og:site_name\" content=\"Cabinet JVL\" \/>\n<meta property=\"article:publisher\" content=\"https:\/\/www.facebook.com\/CabinetJVL\" \/>\n<meta property=\"article:published_time\" content=\"2025-04-12T16:01:58+00:00\" \/>\n<meta property=\"article:modified_time\" content=\"2025-10-23T16:05:56+00:00\" \/>\n<meta property=\"og:image\" content=\"https:\/\/www.cabinet-jvl.fr\/site\/wp-content\/uploads\/490181299_10236751882442929_1222126430277429675_n.jpg\" \/>\n\t<meta property=\"og:image:width\" content=\"720\" \/>\n\t<meta property=\"og:image:height\" content=\"540\" \/>\n\t<meta property=\"og:image:type\" content=\"image\/jpeg\" \/>\n<meta name=\"author\" content=\"J\u00e9r\u00f4me Valentin-L\u00e9autaud\" \/>\n<meta name=\"twitter:card\" content=\"summary_large_image\" \/>\n<meta name=\"twitter:creator\" content=\"@lamethodejvl\" \/>\n<meta name=\"twitter:site\" content=\"@lamethodejvl\" \/>\n<meta name=\"twitter:label1\" content=\"\u00c9crit par\" \/>\n\t<meta name=\"twitter:data1\" content=\"J\u00e9r\u00f4me Valentin-L\u00e9autaud\" \/>\n\t<meta name=\"twitter:label2\" content=\"Dur\u00e9e de lecture estim\u00e9e\" \/>\n\t<meta name=\"twitter:data2\" content=\"1 minute\" \/>\n<script type=\"application\/ld+json\" class=\"yoast-schema-graph\">{\"@context\":\"https:\/\/schema.org\",\"@graph\":[{\"@type\":\"Article\",\"@id\":\"https:\/\/www.cabinet-jvl.fr\/site\/2025\/04\/12\/un-projet-inedit-et-denvergure-qui-verra-le-jour-en-automne-2026\/#article\",\"isPartOf\":{\"@id\":\"https:\/\/www.cabinet-jvl.fr\/site\/2025\/04\/12\/un-projet-inedit-et-denvergure-qui-verra-le-jour-en-automne-2026\/\"},\"author\":{\"name\":\"J\u00e9r\u00f4me Valentin-L\u00e9autaud\",\"@id\":\"https:\/\/www.cabinet-jvl.fr\/site\/#\/schema\/person\/3f7adc0ea0ad8315a1ecc9e4d896e976\"},\"headline\":\"Un projet in\u00e9dit et d&#8217;envergure qui verra le jour en automne 2026&#8230;\",\"datePublished\":\"2025-04-12T16:01:58+00:00\",\"dateModified\":\"2025-10-23T16:05:56+00:00\",\"mainEntityOfPage\":{\"@id\":\"https:\/\/www.cabinet-jvl.fr\/site\/2025\/04\/12\/un-projet-inedit-et-denvergure-qui-verra-le-jour-en-automne-2026\/\"},\"wordCount\":188,\"commentCount\":0,\"publisher\":{\"@id\":\"https:\/\/www.cabinet-jvl.fr\/site\/#organization\"},\"image\":{\"@id\":\"https:\/\/www.cabinet-jvl.fr\/site\/2025\/04\/12\/un-projet-inedit-et-denvergure-qui-verra-le-jour-en-automne-2026\/#primaryimage\"},\"thumbnailUrl\":\"https:\/\/www.cabinet-jvl.fr\/site\/wp-content\/uploads\/490181299_10236751882442929_1222126430277429675_n.jpg\",\"keywords\":[\"ARCHE\",\"Cl\u00e9ment Apelian\",\"PRHySME\"],\"articleSection\":[\"A la Une\"],\"inLanguage\":\"fr-FR\",\"potentialAction\":[{\"@type\":\"CommentAction\",\"name\":\"Comment\",\"target\":[\"https:\/\/www.cabinet-jvl.fr\/site\/2025\/04\/12\/un-projet-inedit-et-denvergure-qui-verra-le-jour-en-automne-2026\/#respond\"]}]},{\"@type\":\"WebPage\",\"@id\":\"https:\/\/www.cabinet-jvl.fr\/site\/2025\/04\/12\/un-projet-inedit-et-denvergure-qui-verra-le-jour-en-automne-2026\/\",\"url\":\"https:\/\/www.cabinet-jvl.fr\/site\/2025\/04\/12\/un-projet-inedit-et-denvergure-qui-verra-le-jour-en-automne-2026\/\",\"name\":\"Un projet in\u00e9dit et d'envergure qui verra le jour en automne 2026... - Cabinet JVL\",\"isPartOf\":{\"@id\":\"https:\/\/www.cabinet-jvl.fr\/site\/#website\"},\"primaryImageOfPage\":{\"@id\":\"https:\/\/www.cabinet-jvl.fr\/site\/2025\/04\/12\/un-projet-inedit-et-denvergure-qui-verra-le-jour-en-automne-2026\/#primaryimage\"},\"image\":{\"@id\":\"https:\/\/www.cabinet-jvl.fr\/site\/2025\/04\/12\/un-projet-inedit-et-denvergure-qui-verra-le-jour-en-automne-2026\/#primaryimage\"},\"thumbnailUrl\":\"https:\/\/www.cabinet-jvl.fr\/site\/wp-content\/uploads\/490181299_10236751882442929_1222126430277429675_n.jpg\",\"datePublished\":\"2025-04-12T16:01:58+00:00\",\"dateModified\":\"2025-10-23T16:05:56+00:00\",\"breadcrumb\":{\"@id\":\"https:\/\/www.cabinet-jvl.fr\/site\/2025\/04\/12\/un-projet-inedit-et-denvergure-qui-verra-le-jour-en-automne-2026\/#breadcrumb\"},\"inLanguage\":\"fr-FR\",\"potentialAction\":[{\"@type\":\"ReadAction\",\"target\":[\"https:\/\/www.cabinet-jvl.fr\/site\/2025\/04\/12\/un-projet-inedit-et-denvergure-qui-verra-le-jour-en-automne-2026\/\"]}]},{\"@type\":\"ImageObject\",\"inLanguage\":\"fr-FR\",\"@id\":\"https:\/\/www.cabinet-jvl.fr\/site\/2025\/04\/12\/un-projet-inedit-et-denvergure-qui-verra-le-jour-en-automne-2026\/#primaryimage\",\"url\":\"https:\/\/www.cabinet-jvl.fr\/site\/wp-content\/uploads\/490181299_10236751882442929_1222126430277429675_n.jpg\",\"contentUrl\":\"https:\/\/www.cabinet-jvl.fr\/site\/wp-content\/uploads\/490181299_10236751882442929_1222126430277429675_n.jpg\",\"width\":720,\"height\":540},{\"@type\":\"BreadcrumbList\",\"@id\":\"https:\/\/www.cabinet-jvl.fr\/site\/2025\/04\/12\/un-projet-inedit-et-denvergure-qui-verra-le-jour-en-automne-2026\/#breadcrumb\",\"itemListElement\":[{\"@type\":\"ListItem\",\"position\":1,\"name\":\"Accueil\",\"item\":\"https:\/\/www.cabinet-jvl.fr\/site\/\"},{\"@type\":\"ListItem\",\"position\":2,\"name\":\"Un projet in\u00e9dit et d&#8217;envergure qui verra le jour en automne 2026&#8230;\"}]},{\"@type\":\"WebSite\",\"@id\":\"https:\/\/www.cabinet-jvl.fr\/site\/#website\",\"url\":\"https:\/\/www.cabinet-jvl.fr\/site\/\",\"name\":\"Cabinet JVL\",\"description\":\"J\u00e9r\u00f4me Valentin-L\u00e9autaud, Th\u00e9rapeute Consultant et Formateur \u00e0 Nice\",\"publisher\":{\"@id\":\"https:\/\/www.cabinet-jvl.fr\/site\/#organization\"},\"potentialAction\":[{\"@type\":\"SearchAction\",\"target\":{\"@type\":\"EntryPoint\",\"urlTemplate\":\"https:\/\/www.cabinet-jvl.fr\/site\/?s={search_term_string}\"},\"query-input\":{\"@type\":\"PropertyValueSpecification\",\"valueRequired\":true,\"valueName\":\"search_term_string\"}}],\"inLanguage\":\"fr-FR\"},{\"@type\":\"Organization\",\"@id\":\"https:\/\/www.cabinet-jvl.fr\/site\/#organization\",\"name\":\"Cabinet J\u00e9r\u00f4me Valentin-L\u00e9autaud\",\"url\":\"https:\/\/www.cabinet-jvl.fr\/site\/\",\"logo\":{\"@type\":\"ImageObject\",\"inLanguage\":\"fr-FR\",\"@id\":\"https:\/\/www.cabinet-jvl.fr\/site\/#\/schema\/logo\/image\/\",\"url\":\"https:\/\/www.cabinet-jvl.fr\/site\/wp-content\/uploads\/logo-cabinet-jvl-s.png\",\"contentUrl\":\"https:\/\/www.cabinet-jvl.fr\/site\/wp-content\/uploads\/logo-cabinet-jvl-s.png\",\"width\":1044,\"height\":638,\"caption\":\"Cabinet J\u00e9r\u00f4me Valentin-L\u00e9autaud\"},\"image\":{\"@id\":\"https:\/\/www.cabinet-jvl.fr\/site\/#\/schema\/logo\/image\/\"},\"sameAs\":[\"https:\/\/www.facebook.com\/CabinetJVL\",\"https:\/\/x.com\/lamethodejvl\"]},{\"@type\":\"Person\",\"@id\":\"https:\/\/www.cabinet-jvl.fr\/site\/#\/schema\/person\/3f7adc0ea0ad8315a1ecc9e4d896e976\",\"name\":\"J\u00e9r\u00f4me Valentin-L\u00e9autaud\",\"image\":{\"@type\":\"ImageObject\",\"inLanguage\":\"fr-FR\",\"@id\":\"https:\/\/www.cabinet-jvl.fr\/site\/#\/schema\/person\/image\/\",\"url\":\"https:\/\/secure.gravatar.com\/avatar\/3c7df8595cbb6a5b80fff35e6641c1b2c9f037f9024948d5a5667177267c4526?s=96&d=mm&r=g\",\"contentUrl\":\"https:\/\/secure.gravatar.com\/avatar\/3c7df8595cbb6a5b80fff35e6641c1b2c9f037f9024948d5a5667177267c4526?s=96&d=mm&r=g\",\"caption\":\"J\u00e9r\u00f4me Valentin-L\u00e9autaud\"},\"sameAs\":[\"https:\/\/www.cabinet-jvl.fr\/site\"],\"url\":\"https:\/\/www.cabinet-jvl.fr\/site\/author\/hcy3e\/\"}]}<\/script>\n<!-- \/ Yoast SEO plugin. -->","yoast_head_json":{"title":"Un projet in\u00e9dit et d'envergure qui verra le jour en automne 2026... - Cabinet JVL","robots":{"index":"index","follow":"follow","max-snippet":"max-snippet:-1","max-image-preview":"max-image-preview:large","max-video-preview":"max-video-preview:-1"},"canonical":"https:\/\/www.cabinet-jvl.fr\/site\/2025\/04\/12\/un-projet-inedit-et-denvergure-qui-verra-le-jour-en-automne-2026\/","og_locale":"fr_FR","og_type":"article","og_title":"Un projet in\u00e9dit et d'envergure qui verra le jour en automne 2026... - Cabinet JVL","og_description":"C&#8217;est avec un immense plaisir que Jeudi et Vendredi, j&#8217;ai eu le plaisir d&#8217;accueillir au Cabinet JVL, pour deux journ\u00e9es intenses de travail et de r\u00e9flexion, Cl\u00e9ment Apelian, Directeur de Laboratoire PRHySME &#8211; Precision Research in Hypnotism for the Strategic Modulation of Experience Lab (le laboratoire de recherche de pr\u00e9cision sur l\u2019hypnose pour la modulation [&hellip;]","og_url":"https:\/\/www.cabinet-jvl.fr\/site\/2025\/04\/12\/un-projet-inedit-et-denvergure-qui-verra-le-jour-en-automne-2026\/","og_site_name":"Cabinet JVL","article_publisher":"https:\/\/www.facebook.com\/CabinetJVL","article_published_time":"2025-04-12T16:01:58+00:00","article_modified_time":"2025-10-23T16:05:56+00:00","og_image":[{"width":720,"height":540,"url":"https:\/\/www.cabinet-jvl.fr\/site\/wp-content\/uploads\/490181299_10236751882442929_1222126430277429675_n.jpg","type":"image\/jpeg"}],"author":"J\u00e9r\u00f4me Valentin-L\u00e9autaud","twitter_card":"summary_large_image","twitter_creator":"@lamethodejvl","twitter_site":"@lamethodejvl","twitter_misc":{"\u00c9crit par":"J\u00e9r\u00f4me Valentin-L\u00e9autaud","Dur\u00e9e de lecture estim\u00e9e":"1 minute"},"schema":{"@context":"https:\/\/schema.org","@graph":[{"@type":"Article","@id":"https:\/\/www.cabinet-jvl.fr\/site\/2025\/04\/12\/un-projet-inedit-et-denvergure-qui-verra-le-jour-en-automne-2026\/#article","isPartOf":{"@id":"https:\/\/www.cabinet-jvl.fr\/site\/2025\/04\/12\/un-projet-inedit-et-denvergure-qui-verra-le-jour-en-automne-2026\/"},"author":{"name":"J\u00e9r\u00f4me Valentin-L\u00e9autaud","@id":"https:\/\/www.cabinet-jvl.fr\/site\/#\/schema\/person\/3f7adc0ea0ad8315a1ecc9e4d896e976"},"headline":"Un projet in\u00e9dit et d&#8217;envergure qui verra le jour en automne 2026&#8230;","datePublished":"2025-04-12T16:01:58+00:00","dateModified":"2025-10-23T16:05:56+00:00","mainEntityOfPage":{"@id":"https:\/\/www.cabinet-jvl.fr\/site\/2025\/04\/12\/un-projet-inedit-et-denvergure-qui-verra-le-jour-en-automne-2026\/"},"wordCount":188,"commentCount":0,"publisher":{"@id":"https:\/\/www.cabinet-jvl.fr\/site\/#organization"},"image":{"@id":"https:\/\/www.cabinet-jvl.fr\/site\/2025\/04\/12\/un-projet-inedit-et-denvergure-qui-verra-le-jour-en-automne-2026\/#primaryimage"},"thumbnailUrl":"https:\/\/www.cabinet-jvl.fr\/site\/wp-content\/uploads\/490181299_10236751882442929_1222126430277429675_n.jpg","keywords":["ARCHE","Cl\u00e9ment Apelian","PRHySME"],"articleSection":["A la Une"],"inLanguage":"fr-FR","potentialAction":[{"@type":"CommentAction","name":"Comment","target":["https:\/\/www.cabinet-jvl.fr\/site\/2025\/04\/12\/un-projet-inedit-et-denvergure-qui-verra-le-jour-en-automne-2026\/#respond"]}]},{"@type":"WebPage","@id":"https:\/\/www.cabinet-jvl.fr\/site\/2025\/04\/12\/un-projet-inedit-et-denvergure-qui-verra-le-jour-en-automne-2026\/","url":"https:\/\/www.cabinet-jvl.fr\/site\/2025\/04\/12\/un-projet-inedit-et-denvergure-qui-verra-le-jour-en-automne-2026\/","name":"Un projet in\u00e9dit et d'envergure qui verra le jour en automne 2026... - Cabinet JVL","isPartOf":{"@id":"https:\/\/www.cabinet-jvl.fr\/site\/#website"},"primaryImageOfPage":{"@id":"https:\/\/www.cabinet-jvl.fr\/site\/2025\/04\/12\/un-projet-inedit-et-denvergure-qui-verra-le-jour-en-automne-2026\/#primaryimage"},"image":{"@id":"https:\/\/www.cabinet-jvl.fr\/site\/2025\/04\/12\/un-projet-inedit-et-denvergure-qui-verra-le-jour-en-automne-2026\/#primaryimage"},"thumbnailUrl":"https:\/\/www.cabinet-jvl.fr\/site\/wp-content\/uploads\/490181299_10236751882442929_1222126430277429675_n.jpg","datePublished":"2025-04-12T16:01:58+00:00","dateModified":"2025-10-23T16:05:56+00:00","breadcrumb":{"@id":"https:\/\/www.cabinet-jvl.fr\/site\/2025\/04\/12\/un-projet-inedit-et-denvergure-qui-verra-le-jour-en-automne-2026\/#breadcrumb"},"inLanguage":"fr-FR","potentialAction":[{"@type":"ReadAction","target":["https:\/\/www.cabinet-jvl.fr\/site\/2025\/04\/12\/un-projet-inedit-et-denvergure-qui-verra-le-jour-en-automne-2026\/"]}]},{"@type":"ImageObject","inLanguage":"fr-FR","@id":"https:\/\/www.cabinet-jvl.fr\/site\/2025\/04\/12\/un-projet-inedit-et-denvergure-qui-verra-le-jour-en-automne-2026\/#primaryimage","url":"https:\/\/www.cabinet-jvl.fr\/site\/wp-content\/uploads\/490181299_10236751882442929_1222126430277429675_n.jpg","contentUrl":"https:\/\/www.cabinet-jvl.fr\/site\/wp-content\/uploads\/490181299_10236751882442929_1222126430277429675_n.jpg","width":720,"height":540},{"@type":"BreadcrumbList","@id":"https:\/\/www.cabinet-jvl.fr\/site\/2025\/04\/12\/un-projet-inedit-et-denvergure-qui-verra-le-jour-en-automne-2026\/#breadcrumb","itemListElement":[{"@type":"ListItem","position":1,"name":"Accueil","item":"https:\/\/www.cabinet-jvl.fr\/site\/"},{"@type":"ListItem","position":2,"name":"Un projet in\u00e9dit et d&#8217;envergure qui verra le jour en automne 2026&#8230;"}]},{"@type":"WebSite","@id":"https:\/\/www.cabinet-jvl.fr\/site\/#website","url":"https:\/\/www.cabinet-jvl.fr\/site\/","name":"Cabinet JVL","description":"J\u00e9r\u00f4me Valentin-L\u00e9autaud, Th\u00e9rapeute Consultant et Formateur \u00e0 Nice","publisher":{"@id":"https:\/\/www.cabinet-jvl.fr\/site\/#organization"},"potentialAction":[{"@type":"SearchAction","target":{"@type":"EntryPoint","urlTemplate":"https:\/\/www.cabinet-jvl.fr\/site\/?s={search_term_string}"},"query-input":{"@type":"PropertyValueSpecification","valueRequired":true,"valueName":"search_term_string"}}],"inLanguage":"fr-FR"},{"@type":"Organization","@id":"https:\/\/www.cabinet-jvl.fr\/site\/#organization","name":"Cabinet J\u00e9r\u00f4me Valentin-L\u00e9autaud","url":"https:\/\/www.cabinet-jvl.fr\/site\/","logo":{"@type":"ImageObject","inLanguage":"fr-FR","@id":"https:\/\/www.cabinet-jvl.fr\/site\/#\/schema\/logo\/image\/","url":"https:\/\/www.cabinet-jvl.fr\/site\/wp-content\/uploads\/logo-cabinet-jvl-s.png","contentUrl":"https:\/\/www.cabinet-jvl.fr\/site\/wp-content\/uploads\/logo-cabinet-jvl-s.png","width":1044,"height":638,"caption":"Cabinet J\u00e9r\u00f4me Valentin-L\u00e9autaud"},"image":{"@id":"https:\/\/www.cabinet-jvl.fr\/site\/#\/schema\/logo\/image\/"},"sameAs":["https:\/\/www.facebook.com\/CabinetJVL","https:\/\/x.com\/lamethodejvl"]},{"@type":"Person","@id":"https:\/\/www.cabinet-jvl.fr\/site\/#\/schema\/person\/3f7adc0ea0ad8315a1ecc9e4d896e976","name":"J\u00e9r\u00f4me Valentin-L\u00e9autaud","image":{"@type":"ImageObject","inLanguage":"fr-FR","@id":"https:\/\/www.cabinet-jvl.fr\/site\/#\/schema\/person\/image\/","url":"https:\/\/secure.gravatar.com\/avatar\/3c7df8595cbb6a5b80fff35e6641c1b2c9f037f9024948d5a5667177267c4526?s=96&d=mm&r=g","contentUrl":"https:\/\/secure.gravatar.com\/avatar\/3c7df8595cbb6a5b80fff35e6641c1b2c9f037f9024948d5a5667177267c4526?s=96&d=mm&r=g","caption":"J\u00e9r\u00f4me Valentin-L\u00e9autaud"},"sameAs":["https:\/\/www.cabinet-jvl.fr\/site"],"url":"https:\/\/www.cabinet-jvl.fr\/site\/author\/hcy3e\/"}]}},"_links":{"self":[{"href":"https:\/\/www.cabinet-jvl.fr\/site\/wp-json\/wp\/v2\/posts\/1744","targetHints":{"allow":["GET"]}}],"collection":[{"href":"https:\/\/www.cabinet-jvl.fr\/site\/wp-json\/wp\/v2\/posts"}],"about":[{"href":"https:\/\/www.cabinet-jvl.fr\/site\/wp-json\/wp\/v2\/types\/post"}],"author":[{"embeddable":true,"href":"https:\/\/www.cabinet-jvl.fr\/site\/wp-json\/wp\/v2\/users\/1"}],"replies":[{"embeddable":true,"href":"https:\/\/www.cabinet-jvl.fr\/site\/wp-json\/wp\/v2\/comments?post=1744"}],"version-history":[{"count":1,"href":"https:\/\/www.cabinet-jvl.fr\/site\/wp-json\/wp\/v2\/posts\/1744\/revisions"}],"predecessor-version":[{"id":1746,"href":"https:\/\/www.cabinet-jvl.fr\/site\/wp-json\/wp\/v2\/posts\/1744\/revisions\/1746"}],"wp:featuredmedia":[{"embeddable":true,"href":"https:\/\/www.cabinet-jvl.fr\/site\/wp-json\/wp\/v2\/media\/1745"}],"wp:attachment":[{"href":"https:\/\/www.cabinet-jvl.fr\/site\/wp-json\/wp\/v2\/media?parent=1744"}],"wp:term":[{"taxonomy":"category","embeddable":true,"href":"https:\/\/www.cabinet-jvl.fr\/site\/wp-json\/wp\/v2\/categories?post=1744"},{"taxonomy":"post_tag","embeddable":true,"href":"https:\/\/www.cabinet-jvl.fr\/site\/wp-json\/wp\/v2\/tags?post=1744"}],"curies":[{"name":"wp","href":"https:\/\/api.w.org\/{rel}","templated":true}]}}