{"id":1730,"date":"2025-10-13T17:52:33","date_gmt":"2025-10-13T15:52:33","guid":{"rendered":"https:\/\/www.cabinet-jvl.fr\/site\/?p=1730"},"modified":"2025-10-23T17:55:36","modified_gmt":"2025-10-23T15:55:36","slug":"cycle-de-formation-au-cnfpt-autour-de-diversite-de-genre-de-relation-et-de-sexualite","status":"publish","type":"post","link":"https:\/\/www.cabinet-jvl.fr\/site\/2025\/10\/13\/cycle-de-formation-au-cnfpt-autour-de-diversite-de-genre-de-relation-et-de-sexualite\/","title":{"rendered":"Cycle de formation au CNFPT autour de : &#8220;Diversit\u00e9 de genre, de relation et de sexualit\u00e9&#8221;"},"content":{"rendered":"\n<p>Aujourd&#8217;hui d\u00e9but d&#8217;un cycle de formation (2 fois 2 jours) que j&#8217;anime au CNFPT autour de : &#8220;Diversit\u00e9 de genre, de relation et de sexualit\u00e9&#8221;.<\/p>\n\n\n\n<!--more-->\n\n\n\n<p>Apr\u00e8s une quinzaine d&#8217;une densit\u00e9 extr\u00eame pass\u00e9e avec mon co-auteur <a href=\"https:\/\/www.facebook.com\/jean.dupre?__cft__[0]=AZXWiV5fKDkxx_mrFrvRIPSLNerj0cPjVMPWQ7qI_YNfBihSgi8tM6oB-X3Rqn0vlN_jJTys2HjRz933jwuZn4i_hIkI72AsZmljDDHGXI1fBf0gzBw2GZBopo8xnyGJ_QoZRIT5FW564DlhkvRH5Sy1JU0VXDF7uD3CXYc60vOQwpq9UMCm2NhTTKpOalkQpO8&amp;__tn__=-]K-R\">Jean Dupre<\/a> \u00e0 peaufiner et in fine envoyer \u00e0 la repro le volume 1 du livre sur lequel nous <a><\/a>travaillons depuis 2019, une certaine satisfaction et, je le partage ici, une certaine fiert\u00e9, je dois l&#8217;admettre, de bient\u00f4t pouvoir vous partager le fruit de ce travail avec vous.<\/p>\n\n\n\n<p>Prochaine \u00e9tape la r\u00e9ception des \u00e9preuves en vue du bon \u00e0 tirer d\u00e9finitif et de la sortie du livre qui approche !<\/p>\n\n\n\n<p>Nous vous retrouverons \u00e0 Besan\u00e7on 19 novembre ; Nice le 15 d\u00e9cembre et Montpellier le 16 d\u00e9cembre (<a href=\"https:\/\/www.cabinet-jvl.fr\/site\/2025\/09\/02\/les-dates-de-presentation-de-notre-livre-lart-de-la-relation-au-service-de-laccompagnement-volume-1-sont-connues\/\">plus d&#8217;infos<\/a>)&#8230;<\/p>\n","protected":false},"excerpt":{"rendered":"<p>Aujourd&#8217;hui d\u00e9but d&#8217;un cycle de formation (2 fois 2 jours) que j&#8217;anime au CNFPT autour de : &#8220;Diversit\u00e9 de genre, de relation et de sexualit\u00e9&#8221;.<\/p>\n","protected":false},"author":1,"featured_media":1731,"comment_status":"open","ping_status":"open","sticky":false,"template":"","format":"standard","meta":{"footnotes":""},"categories":[7,3],"tags":[20,80,197,170],"class_list":["post-1730","post","type-post","status-publish","format-standard","has-post-thumbnail","hentry","category-a-la-une","category-formation","tag-cnfpt","tag-diversite-de-genre","tag-relation","tag-sexualite-2"],"yoast_head":"<!-- This site is optimized with the Yoast SEO plugin v23.6 - https:\/\/yoast.com\/wordpress\/plugins\/seo\/ -->\n<title>Cycle de formation au CNFPT autour de : &quot;Diversit\u00e9 de genre, de relation et de sexualit\u00e9&quot; - Cabinet JVL<\/title>\n<meta name=\"robots\" content=\"index, follow, max-snippet:-1, max-image-preview:large, max-video-preview:-1\" \/>\n<link rel=\"canonical\" href=\"https:\/\/www.cabinet-jvl.fr\/site\/2025\/10\/13\/cycle-de-formation-au-cnfpt-autour-de-diversite-de-genre-de-relation-et-de-sexualite\/\" \/>\n<meta property=\"og:locale\" content=\"fr_FR\" \/>\n<meta property=\"og:type\" content=\"article\" \/>\n<meta property=\"og:title\" content=\"Cycle de formation au CNFPT autour de : &quot;Diversit\u00e9 de genre, de relation et de sexualit\u00e9&quot; - Cabinet JVL\" \/>\n<meta property=\"og:description\" content=\"Aujourd&#8217;hui d\u00e9but d&#8217;un cycle de formation (2 fois 2 jours) que j&#8217;anime au CNFPT autour de : &#8220;Diversit\u00e9 de genre, de relation et de sexualit\u00e9&#8221;.\" \/>\n<meta property=\"og:url\" content=\"https:\/\/www.cabinet-jvl.fr\/site\/2025\/10\/13\/cycle-de-formation-au-cnfpt-autour-de-diversite-de-genre-de-relation-et-de-sexualite\/\" \/>\n<meta property=\"og:site_name\" content=\"Cabinet JVL\" \/>\n<meta property=\"article:publisher\" content=\"https:\/\/www.facebook.com\/CabinetJVL\" \/>\n<meta property=\"article:published_time\" content=\"2025-10-13T15:52:33+00:00\" \/>\n<meta property=\"article:modified_time\" content=\"2025-10-23T15:55:36+00:00\" \/>\n<meta property=\"og:image\" content=\"https:\/\/www.cabinet-jvl.fr\/site\/wp-content\/uploads\/558981277_10239723336567425_4092756674396406207_n.jpg\" \/>\n\t<meta property=\"og:image:width\" content=\"424\" \/>\n\t<meta property=\"og:image:height\" content=\"590\" \/>\n\t<meta property=\"og:image:type\" content=\"image\/jpeg\" \/>\n<meta name=\"author\" content=\"J\u00e9r\u00f4me Valentin-L\u00e9autaud\" \/>\n<meta name=\"twitter:card\" content=\"summary_large_image\" \/>\n<meta name=\"twitter:creator\" content=\"@lamethodejvl\" \/>\n<meta name=\"twitter:site\" content=\"@lamethodejvl\" \/>\n<meta name=\"twitter:label1\" content=\"\u00c9crit par\" \/>\n\t<meta name=\"twitter:data1\" content=\"J\u00e9r\u00f4me Valentin-L\u00e9autaud\" \/>\n\t<meta name=\"twitter:label2\" content=\"Dur\u00e9e de lecture estim\u00e9e\" \/>\n\t<meta name=\"twitter:data2\" content=\"1 minute\" \/>\n<script type=\"application\/ld+json\" class=\"yoast-schema-graph\">{\"@context\":\"https:\/\/schema.org\",\"@graph\":[{\"@type\":\"Article\",\"@id\":\"https:\/\/www.cabinet-jvl.fr\/site\/2025\/10\/13\/cycle-de-formation-au-cnfpt-autour-de-diversite-de-genre-de-relation-et-de-sexualite\/#article\",\"isPartOf\":{\"@id\":\"https:\/\/www.cabinet-jvl.fr\/site\/2025\/10\/13\/cycle-de-formation-au-cnfpt-autour-de-diversite-de-genre-de-relation-et-de-sexualite\/\"},\"author\":{\"name\":\"J\u00e9r\u00f4me Valentin-L\u00e9autaud\",\"@id\":\"https:\/\/www.cabinet-jvl.fr\/site\/#\/schema\/person\/3f7adc0ea0ad8315a1ecc9e4d896e976\"},\"headline\":\"Cycle de formation au CNFPT autour de : &#8220;Diversit\u00e9 de genre, de relation et de sexualit\u00e9&#8221;\",\"datePublished\":\"2025-10-13T15:52:33+00:00\",\"dateModified\":\"2025-10-23T15:55:36+00:00\",\"mainEntityOfPage\":{\"@id\":\"https:\/\/www.cabinet-jvl.fr\/site\/2025\/10\/13\/cycle-de-formation-au-cnfpt-autour-de-diversite-de-genre-de-relation-et-de-sexualite\/\"},\"wordCount\":141,\"commentCount\":0,\"publisher\":{\"@id\":\"https:\/\/www.cabinet-jvl.fr\/site\/#organization\"},\"image\":{\"@id\":\"https:\/\/www.cabinet-jvl.fr\/site\/2025\/10\/13\/cycle-de-formation-au-cnfpt-autour-de-diversite-de-genre-de-relation-et-de-sexualite\/#primaryimage\"},\"thumbnailUrl\":\"https:\/\/www.cabinet-jvl.fr\/site\/wp-content\/uploads\/558981277_10239723336567425_4092756674396406207_n.jpg\",\"keywords\":[\"CNFPT\",\"Diversit\u00e9 de genre\",\"relation\",\"Sexualit\u00e9\"],\"articleSection\":[\"A la Une\",\"Formation\"],\"inLanguage\":\"fr-FR\",\"potentialAction\":[{\"@type\":\"CommentAction\",\"name\":\"Comment\",\"target\":[\"https:\/\/www.cabinet-jvl.fr\/site\/2025\/10\/13\/cycle-de-formation-au-cnfpt-autour-de-diversite-de-genre-de-relation-et-de-sexualite\/#respond\"]}]},{\"@type\":\"WebPage\",\"@id\":\"https:\/\/www.cabinet-jvl.fr\/site\/2025\/10\/13\/cycle-de-formation-au-cnfpt-autour-de-diversite-de-genre-de-relation-et-de-sexualite\/\",\"url\":\"https:\/\/www.cabinet-jvl.fr\/site\/2025\/10\/13\/cycle-de-formation-au-cnfpt-autour-de-diversite-de-genre-de-relation-et-de-sexualite\/\",\"name\":\"Cycle de formation au CNFPT autour de : \\\"Diversit\u00e9 de genre, de relation et de sexualit\u00e9\\\" - Cabinet JVL\",\"isPartOf\":{\"@id\":\"https:\/\/www.cabinet-jvl.fr\/site\/#website\"},\"primaryImageOfPage\":{\"@id\":\"https:\/\/www.cabinet-jvl.fr\/site\/2025\/10\/13\/cycle-de-formation-au-cnfpt-autour-de-diversite-de-genre-de-relation-et-de-sexualite\/#primaryimage\"},\"image\":{\"@id\":\"https:\/\/www.cabinet-jvl.fr\/site\/2025\/10\/13\/cycle-de-formation-au-cnfpt-autour-de-diversite-de-genre-de-relation-et-de-sexualite\/#primaryimage\"},\"thumbnailUrl\":\"https:\/\/www.cabinet-jvl.fr\/site\/wp-content\/uploads\/558981277_10239723336567425_4092756674396406207_n.jpg\",\"datePublished\":\"2025-10-13T15:52:33+00:00\",\"dateModified\":\"2025-10-23T15:55:36+00:00\",\"breadcrumb\":{\"@id\":\"https:\/\/www.cabinet-jvl.fr\/site\/2025\/10\/13\/cycle-de-formation-au-cnfpt-autour-de-diversite-de-genre-de-relation-et-de-sexualite\/#breadcrumb\"},\"inLanguage\":\"fr-FR\",\"potentialAction\":[{\"@type\":\"ReadAction\",\"target\":[\"https:\/\/www.cabinet-jvl.fr\/site\/2025\/10\/13\/cycle-de-formation-au-cnfpt-autour-de-diversite-de-genre-de-relation-et-de-sexualite\/\"]}]},{\"@type\":\"ImageObject\",\"inLanguage\":\"fr-FR\",\"@id\":\"https:\/\/www.cabinet-jvl.fr\/site\/2025\/10\/13\/cycle-de-formation-au-cnfpt-autour-de-diversite-de-genre-de-relation-et-de-sexualite\/#primaryimage\",\"url\":\"https:\/\/www.cabinet-jvl.fr\/site\/wp-content\/uploads\/558981277_10239723336567425_4092756674396406207_n.jpg\",\"contentUrl\":\"https:\/\/www.cabinet-jvl.fr\/site\/wp-content\/uploads\/558981277_10239723336567425_4092756674396406207_n.jpg\",\"width\":424,\"height\":590},{\"@type\":\"BreadcrumbList\",\"@id\":\"https:\/\/www.cabinet-jvl.fr\/site\/2025\/10\/13\/cycle-de-formation-au-cnfpt-autour-de-diversite-de-genre-de-relation-et-de-sexualite\/#breadcrumb\",\"itemListElement\":[{\"@type\":\"ListItem\",\"position\":1,\"name\":\"Accueil\",\"item\":\"https:\/\/www.cabinet-jvl.fr\/site\/\"},{\"@type\":\"ListItem\",\"position\":2,\"name\":\"Cycle de formation au CNFPT autour de : &#8220;Diversit\u00e9 de genre, de relation et de sexualit\u00e9&#8221;\"}]},{\"@type\":\"WebSite\",\"@id\":\"https:\/\/www.cabinet-jvl.fr\/site\/#website\",\"url\":\"https:\/\/www.cabinet-jvl.fr\/site\/\",\"name\":\"Cabinet JVL\",\"description\":\"J\u00e9r\u00f4me Valentin-L\u00e9autaud, Th\u00e9rapeute Consultant et Formateur \u00e0 Nice\",\"publisher\":{\"@id\":\"https:\/\/www.cabinet-jvl.fr\/site\/#organization\"},\"potentialAction\":[{\"@type\":\"SearchAction\",\"target\":{\"@type\":\"EntryPoint\",\"urlTemplate\":\"https:\/\/www.cabinet-jvl.fr\/site\/?s={search_term_string}\"},\"query-input\":{\"@type\":\"PropertyValueSpecification\",\"valueRequired\":true,\"valueName\":\"search_term_string\"}}],\"inLanguage\":\"fr-FR\"},{\"@type\":\"Organization\",\"@id\":\"https:\/\/www.cabinet-jvl.fr\/site\/#organization\",\"name\":\"Cabinet J\u00e9r\u00f4me Valentin-L\u00e9autaud\",\"url\":\"https:\/\/www.cabinet-jvl.fr\/site\/\",\"logo\":{\"@type\":\"ImageObject\",\"inLanguage\":\"fr-FR\",\"@id\":\"https:\/\/www.cabinet-jvl.fr\/site\/#\/schema\/logo\/image\/\",\"url\":\"https:\/\/www.cabinet-jvl.fr\/site\/wp-content\/uploads\/logo-cabinet-jvl-s.png\",\"contentUrl\":\"https:\/\/www.cabinet-jvl.fr\/site\/wp-content\/uploads\/logo-cabinet-jvl-s.png\",\"width\":1044,\"height\":638,\"caption\":\"Cabinet J\u00e9r\u00f4me Valentin-L\u00e9autaud\"},\"image\":{\"@id\":\"https:\/\/www.cabinet-jvl.fr\/site\/#\/schema\/logo\/image\/\"},\"sameAs\":[\"https:\/\/www.facebook.com\/CabinetJVL\",\"https:\/\/x.com\/lamethodejvl\"]},{\"@type\":\"Person\",\"@id\":\"https:\/\/www.cabinet-jvl.fr\/site\/#\/schema\/person\/3f7adc0ea0ad8315a1ecc9e4d896e976\",\"name\":\"J\u00e9r\u00f4me Valentin-L\u00e9autaud\",\"image\":{\"@type\":\"ImageObject\",\"inLanguage\":\"fr-FR\",\"@id\":\"https:\/\/www.cabinet-jvl.fr\/site\/#\/schema\/person\/image\/\",\"url\":\"https:\/\/secure.gravatar.com\/avatar\/3c7df8595cbb6a5b80fff35e6641c1b2c9f037f9024948d5a5667177267c4526?s=96&d=mm&r=g\",\"contentUrl\":\"https:\/\/secure.gravatar.com\/avatar\/3c7df8595cbb6a5b80fff35e6641c1b2c9f037f9024948d5a5667177267c4526?s=96&d=mm&r=g\",\"caption\":\"J\u00e9r\u00f4me Valentin-L\u00e9autaud\"},\"sameAs\":[\"https:\/\/www.cabinet-jvl.fr\/site\"],\"url\":\"https:\/\/www.cabinet-jvl.fr\/site\/author\/hcy3e\/\"}]}<\/script>\n<!-- \/ Yoast SEO plugin. -->","yoast_head_json":{"title":"Cycle de formation au CNFPT autour de : \"Diversit\u00e9 de genre, de relation et de sexualit\u00e9\" - Cabinet JVL","robots":{"index":"index","follow":"follow","max-snippet":"max-snippet:-1","max-image-preview":"max-image-preview:large","max-video-preview":"max-video-preview:-1"},"canonical":"https:\/\/www.cabinet-jvl.fr\/site\/2025\/10\/13\/cycle-de-formation-au-cnfpt-autour-de-diversite-de-genre-de-relation-et-de-sexualite\/","og_locale":"fr_FR","og_type":"article","og_title":"Cycle de formation au CNFPT autour de : \"Diversit\u00e9 de genre, de relation et de sexualit\u00e9\" - Cabinet JVL","og_description":"Aujourd&#8217;hui d\u00e9but d&#8217;un cycle de formation (2 fois 2 jours) que j&#8217;anime au CNFPT autour de : &#8220;Diversit\u00e9 de genre, de relation et de sexualit\u00e9&#8221;.","og_url":"https:\/\/www.cabinet-jvl.fr\/site\/2025\/10\/13\/cycle-de-formation-au-cnfpt-autour-de-diversite-de-genre-de-relation-et-de-sexualite\/","og_site_name":"Cabinet JVL","article_publisher":"https:\/\/www.facebook.com\/CabinetJVL","article_published_time":"2025-10-13T15:52:33+00:00","article_modified_time":"2025-10-23T15:55:36+00:00","og_image":[{"width":424,"height":590,"url":"https:\/\/www.cabinet-jvl.fr\/site\/wp-content\/uploads\/558981277_10239723336567425_4092756674396406207_n.jpg","type":"image\/jpeg"}],"author":"J\u00e9r\u00f4me Valentin-L\u00e9autaud","twitter_card":"summary_large_image","twitter_creator":"@lamethodejvl","twitter_site":"@lamethodejvl","twitter_misc":{"\u00c9crit par":"J\u00e9r\u00f4me Valentin-L\u00e9autaud","Dur\u00e9e de lecture estim\u00e9e":"1 minute"},"schema":{"@context":"https:\/\/schema.org","@graph":[{"@type":"Article","@id":"https:\/\/www.cabinet-jvl.fr\/site\/2025\/10\/13\/cycle-de-formation-au-cnfpt-autour-de-diversite-de-genre-de-relation-et-de-sexualite\/#article","isPartOf":{"@id":"https:\/\/www.cabinet-jvl.fr\/site\/2025\/10\/13\/cycle-de-formation-au-cnfpt-autour-de-diversite-de-genre-de-relation-et-de-sexualite\/"},"author":{"name":"J\u00e9r\u00f4me Valentin-L\u00e9autaud","@id":"https:\/\/www.cabinet-jvl.fr\/site\/#\/schema\/person\/3f7adc0ea0ad8315a1ecc9e4d896e976"},"headline":"Cycle de formation au CNFPT autour de : &#8220;Diversit\u00e9 de genre, de relation et de sexualit\u00e9&#8221;","datePublished":"2025-10-13T15:52:33+00:00","dateModified":"2025-10-23T15:55:36+00:00","mainEntityOfPage":{"@id":"https:\/\/www.cabinet-jvl.fr\/site\/2025\/10\/13\/cycle-de-formation-au-cnfpt-autour-de-diversite-de-genre-de-relation-et-de-sexualite\/"},"wordCount":141,"commentCount":0,"publisher":{"@id":"https:\/\/www.cabinet-jvl.fr\/site\/#organization"},"image":{"@id":"https:\/\/www.cabinet-jvl.fr\/site\/2025\/10\/13\/cycle-de-formation-au-cnfpt-autour-de-diversite-de-genre-de-relation-et-de-sexualite\/#primaryimage"},"thumbnailUrl":"https:\/\/www.cabinet-jvl.fr\/site\/wp-content\/uploads\/558981277_10239723336567425_4092756674396406207_n.jpg","keywords":["CNFPT","Diversit\u00e9 de genre","relation","Sexualit\u00e9"],"articleSection":["A la Une","Formation"],"inLanguage":"fr-FR","potentialAction":[{"@type":"CommentAction","name":"Comment","target":["https:\/\/www.cabinet-jvl.fr\/site\/2025\/10\/13\/cycle-de-formation-au-cnfpt-autour-de-diversite-de-genre-de-relation-et-de-sexualite\/#respond"]}]},{"@type":"WebPage","@id":"https:\/\/www.cabinet-jvl.fr\/site\/2025\/10\/13\/cycle-de-formation-au-cnfpt-autour-de-diversite-de-genre-de-relation-et-de-sexualite\/","url":"https:\/\/www.cabinet-jvl.fr\/site\/2025\/10\/13\/cycle-de-formation-au-cnfpt-autour-de-diversite-de-genre-de-relation-et-de-sexualite\/","name":"Cycle de formation au CNFPT autour de : \"Diversit\u00e9 de genre, de relation et de sexualit\u00e9\" - Cabinet JVL","isPartOf":{"@id":"https:\/\/www.cabinet-jvl.fr\/site\/#website"},"primaryImageOfPage":{"@id":"https:\/\/www.cabinet-jvl.fr\/site\/2025\/10\/13\/cycle-de-formation-au-cnfpt-autour-de-diversite-de-genre-de-relation-et-de-sexualite\/#primaryimage"},"image":{"@id":"https:\/\/www.cabinet-jvl.fr\/site\/2025\/10\/13\/cycle-de-formation-au-cnfpt-autour-de-diversite-de-genre-de-relation-et-de-sexualite\/#primaryimage"},"thumbnailUrl":"https:\/\/www.cabinet-jvl.fr\/site\/wp-content\/uploads\/558981277_10239723336567425_4092756674396406207_n.jpg","datePublished":"2025-10-13T15:52:33+00:00","dateModified":"2025-10-23T15:55:36+00:00","breadcrumb":{"@id":"https:\/\/www.cabinet-jvl.fr\/site\/2025\/10\/13\/cycle-de-formation-au-cnfpt-autour-de-diversite-de-genre-de-relation-et-de-sexualite\/#breadcrumb"},"inLanguage":"fr-FR","potentialAction":[{"@type":"ReadAction","target":["https:\/\/www.cabinet-jvl.fr\/site\/2025\/10\/13\/cycle-de-formation-au-cnfpt-autour-de-diversite-de-genre-de-relation-et-de-sexualite\/"]}]},{"@type":"ImageObject","inLanguage":"fr-FR","@id":"https:\/\/www.cabinet-jvl.fr\/site\/2025\/10\/13\/cycle-de-formation-au-cnfpt-autour-de-diversite-de-genre-de-relation-et-de-sexualite\/#primaryimage","url":"https:\/\/www.cabinet-jvl.fr\/site\/wp-content\/uploads\/558981277_10239723336567425_4092756674396406207_n.jpg","contentUrl":"https:\/\/www.cabinet-jvl.fr\/site\/wp-content\/uploads\/558981277_10239723336567425_4092756674396406207_n.jpg","width":424,"height":590},{"@type":"BreadcrumbList","@id":"https:\/\/www.cabinet-jvl.fr\/site\/2025\/10\/13\/cycle-de-formation-au-cnfpt-autour-de-diversite-de-genre-de-relation-et-de-sexualite\/#breadcrumb","itemListElement":[{"@type":"ListItem","position":1,"name":"Accueil","item":"https:\/\/www.cabinet-jvl.fr\/site\/"},{"@type":"ListItem","position":2,"name":"Cycle de formation au CNFPT autour de : &#8220;Diversit\u00e9 de genre, de relation et de sexualit\u00e9&#8221;"}]},{"@type":"WebSite","@id":"https:\/\/www.cabinet-jvl.fr\/site\/#website","url":"https:\/\/www.cabinet-jvl.fr\/site\/","name":"Cabinet JVL","description":"J\u00e9r\u00f4me Valentin-L\u00e9autaud, Th\u00e9rapeute Consultant et Formateur \u00e0 Nice","publisher":{"@id":"https:\/\/www.cabinet-jvl.fr\/site\/#organization"},"potentialAction":[{"@type":"SearchAction","target":{"@type":"EntryPoint","urlTemplate":"https:\/\/www.cabinet-jvl.fr\/site\/?s={search_term_string}"},"query-input":{"@type":"PropertyValueSpecification","valueRequired":true,"valueName":"search_term_string"}}],"inLanguage":"fr-FR"},{"@type":"Organization","@id":"https:\/\/www.cabinet-jvl.fr\/site\/#organization","name":"Cabinet J\u00e9r\u00f4me Valentin-L\u00e9autaud","url":"https:\/\/www.cabinet-jvl.fr\/site\/","logo":{"@type":"ImageObject","inLanguage":"fr-FR","@id":"https:\/\/www.cabinet-jvl.fr\/site\/#\/schema\/logo\/image\/","url":"https:\/\/www.cabinet-jvl.fr\/site\/wp-content\/uploads\/logo-cabinet-jvl-s.png","contentUrl":"https:\/\/www.cabinet-jvl.fr\/site\/wp-content\/uploads\/logo-cabinet-jvl-s.png","width":1044,"height":638,"caption":"Cabinet J\u00e9r\u00f4me Valentin-L\u00e9autaud"},"image":{"@id":"https:\/\/www.cabinet-jvl.fr\/site\/#\/schema\/logo\/image\/"},"sameAs":["https:\/\/www.facebook.com\/CabinetJVL","https:\/\/x.com\/lamethodejvl"]},{"@type":"Person","@id":"https:\/\/www.cabinet-jvl.fr\/site\/#\/schema\/person\/3f7adc0ea0ad8315a1ecc9e4d896e976","name":"J\u00e9r\u00f4me Valentin-L\u00e9autaud","image":{"@type":"ImageObject","inLanguage":"fr-FR","@id":"https:\/\/www.cabinet-jvl.fr\/site\/#\/schema\/person\/image\/","url":"https:\/\/secure.gravatar.com\/avatar\/3c7df8595cbb6a5b80fff35e6641c1b2c9f037f9024948d5a5667177267c4526?s=96&d=mm&r=g","contentUrl":"https:\/\/secure.gravatar.com\/avatar\/3c7df8595cbb6a5b80fff35e6641c1b2c9f037f9024948d5a5667177267c4526?s=96&d=mm&r=g","caption":"J\u00e9r\u00f4me Valentin-L\u00e9autaud"},"sameAs":["https:\/\/www.cabinet-jvl.fr\/site"],"url":"https:\/\/www.cabinet-jvl.fr\/site\/author\/hcy3e\/"}]}},"_links":{"self":[{"href":"https:\/\/www.cabinet-jvl.fr\/site\/wp-json\/wp\/v2\/posts\/1730","targetHints":{"allow":["GET"]}}],"collection":[{"href":"https:\/\/www.cabinet-jvl.fr\/site\/wp-json\/wp\/v2\/posts"}],"about":[{"href":"https:\/\/www.cabinet-jvl.fr\/site\/wp-json\/wp\/v2\/types\/post"}],"author":[{"embeddable":true,"href":"https:\/\/www.cabinet-jvl.fr\/site\/wp-json\/wp\/v2\/users\/1"}],"replies":[{"embeddable":true,"href":"https:\/\/www.cabinet-jvl.fr\/site\/wp-json\/wp\/v2\/comments?post=1730"}],"version-history":[{"count":2,"href":"https:\/\/www.cabinet-jvl.fr\/site\/wp-json\/wp\/v2\/posts\/1730\/revisions"}],"predecessor-version":[{"id":1734,"href":"https:\/\/www.cabinet-jvl.fr\/site\/wp-json\/wp\/v2\/posts\/1730\/revisions\/1734"}],"wp:featuredmedia":[{"embeddable":true,"href":"https:\/\/www.cabinet-jvl.fr\/site\/wp-json\/wp\/v2\/media\/1731"}],"wp:attachment":[{"href":"https:\/\/www.cabinet-jvl.fr\/site\/wp-json\/wp\/v2\/media?parent=1730"}],"wp:term":[{"taxonomy":"category","embeddable":true,"href":"https:\/\/www.cabinet-jvl.fr\/site\/wp-json\/wp\/v2\/categories?post=1730"},{"taxonomy":"post_tag","embeddable":true,"href":"https:\/\/www.cabinet-jvl.fr\/site\/wp-json\/wp\/v2\/tags?post=1730"}],"curies":[{"name":"wp","href":"https:\/\/api.w.org\/{rel}","templated":true}]}}