{"id":1698,"date":"2025-03-17T16:59:48","date_gmt":"2025-03-17T14:59:48","guid":{"rendered":"https:\/\/www.cabinet-jvl.fr\/site\/?p=1698"},"modified":"2025-10-23T17:03:13","modified_gmt":"2025-10-23T15:03:13","slug":"formation-diversite-de-genre-de-relation-et-de-sexualite-dgrs-au-centre-national-de-la-fonction-publique-territoriale-cnfpt","status":"publish","type":"post","link":"https:\/\/www.cabinet-jvl.fr\/site\/2025\/03\/17\/formation-diversite-de-genre-de-relation-et-de-sexualite-dgrs-au-centre-national-de-la-fonction-publique-territoriale-cnfpt\/","title":{"rendered":"Formation &#8220;Diversit\u00e9 de Genre, de Relation et de Sexualit\u00e9 (DGRS)&#8221; au Centre national de la fonction publique territoriale (CNFPT)"},"content":{"rendered":"\n<p>Jeudi et vendredi derniers avaient lieu les jours 3 et 4 de la formation &#8220;Diversit\u00e9 de Genre, de Relation et de Sexualit\u00e9 (DGRS)&#8221; au Centre national de la fonction <a><\/a>publique territoriale (CNFPT). Cette formation a \u00e9t\u00e9 l&#8217;occasion pour les apprenant\u00b7e\u00b7s d&#8217;\u00e9changes nourris, libres et ouverts sur des sujets trop souvent tabous.<\/p>\n\n\n\n<!--more-->\n\n\n\n<p>D\u00e9construire les repr\u00e9sentations, prendre conscience des m\u00e9canismes propres \u00e0 notre st\u00e9r\u00e9otypie personnelle et collective, mais aussi comprendre les enjeux d&#8217;\u00e9galit\u00e9 sous-jacents, notamment en mati\u00e8re d&#8217;egalit\u00e9 de traitement, voil\u00e0 ce qui \u00e9tait au programme durant ces quatre jours. Ces \u00e9changes ont \u00e9galement permis d&#8217;aborder les questions relatives \u00e0 la pr\u00e9vention, \u00e0 la R\u00e9duction des Risques (RDR) et \u00e0 la R\u00e9duction des M\u00e9faits (RDM).<\/p>\n\n\n\n<p>Au-del\u00e0 de ces aspects techniques, la relation d&#8217;aide et d&#8217;accompagnement \u00e0 l&#8217;Autre a \u00e9t\u00e9 au c\u0153ur de nos discussions : comment accompagner la singularit\u00e9 des \u00eatres dans le respect des diversit\u00e9s, des intersectionnalit\u00e9s et parcours de vie ?<\/p>\n\n\n\n<iframe loading=\"lazy\" src=\"https:\/\/www.facebook.com\/plugins\/video.php?height=476&#038;href=https%3A%2F%2Fwww.facebook.com%2Fjer.valentin%2Fvideos%2F1282510296152709%2F&#038;show_text=false&#038;width=267&#038;t=0\" width=\"476\" height=\"876\" style=\"border:none;overflow:hidden\" scrolling=\"no\" frameborder=\"0\" allowfullscreen=\"true\" allow=\"autoplay; clipboard-write; encrypted-media; picture-in-picture; web-share\" allowFullScreen=\"true\"><\/iframe>\n\n\n\n<p><\/p>\n","protected":false},"excerpt":{"rendered":"<p>Jeudi et vendredi derniers avaient lieu les jours 3 et 4 de la formation &#8220;Diversit\u00e9 de Genre, de Relation et de Sexualit\u00e9 (DGRS)&#8221; au Centre national de la fonction publique territoriale (CNFPT). Cette formation a \u00e9t\u00e9 l&#8217;occasion pour les apprenant\u00b7e\u00b7s d&#8217;\u00e9changes nourris, libres et ouverts sur des sujets trop souvent tabous.<\/p>\n","protected":false},"author":1,"featured_media":1699,"comment_status":"open","ping_status":"open","sticky":false,"template":"","format":"standard","meta":{"footnotes":""},"categories":[7,3],"tags":[],"class_list":["post-1698","post","type-post","status-publish","format-standard","has-post-thumbnail","hentry","category-a-la-une","category-formation"],"yoast_head":"<!-- This site is optimized with the Yoast SEO plugin v23.6 - https:\/\/yoast.com\/wordpress\/plugins\/seo\/ -->\n<title>Formation &quot;Diversit\u00e9 de Genre, de Relation et de Sexualit\u00e9 (DGRS)&quot; au Centre national de la fonction publique territoriale (CNFPT) - Cabinet JVL<\/title>\n<meta name=\"robots\" content=\"index, follow, max-snippet:-1, max-image-preview:large, max-video-preview:-1\" \/>\n<link rel=\"canonical\" href=\"https:\/\/www.cabinet-jvl.fr\/site\/2025\/03\/17\/formation-diversite-de-genre-de-relation-et-de-sexualite-dgrs-au-centre-national-de-la-fonction-publique-territoriale-cnfpt\/\" \/>\n<meta property=\"og:locale\" content=\"fr_FR\" \/>\n<meta property=\"og:type\" content=\"article\" \/>\n<meta property=\"og:title\" content=\"Formation &quot;Diversit\u00e9 de Genre, de Relation et de Sexualit\u00e9 (DGRS)&quot; au Centre national de la fonction publique territoriale (CNFPT) - Cabinet JVL\" \/>\n<meta property=\"og:description\" content=\"Jeudi et vendredi derniers avaient lieu les jours 3 et 4 de la formation &#8220;Diversit\u00e9 de Genre, de Relation et de Sexualit\u00e9 (DGRS)&#8221; au Centre national de la fonction publique territoriale (CNFPT). Cette formation a \u00e9t\u00e9 l&#8217;occasion pour les apprenant\u00b7e\u00b7s d&#8217;\u00e9changes nourris, libres et ouverts sur des sujets trop souvent tabous.\" \/>\n<meta property=\"og:url\" content=\"https:\/\/www.cabinet-jvl.fr\/site\/2025\/03\/17\/formation-diversite-de-genre-de-relation-et-de-sexualite-dgrs-au-centre-national-de-la-fonction-publique-territoriale-cnfpt\/\" \/>\n<meta property=\"og:site_name\" content=\"Cabinet JVL\" \/>\n<meta property=\"article:publisher\" content=\"https:\/\/www.facebook.com\/CabinetJVL\" \/>\n<meta property=\"article:published_time\" content=\"2025-03-17T14:59:48+00:00\" \/>\n<meta property=\"article:modified_time\" content=\"2025-10-23T15:03:13+00:00\" \/>\n<meta property=\"og:image\" content=\"https:\/\/www.cabinet-jvl.fr\/site\/wp-content\/uploads\/Formation-mise-en-avant.png\" \/>\n\t<meta property=\"og:image:width\" content=\"632\" \/>\n\t<meta property=\"og:image:height\" content=\"421\" \/>\n\t<meta property=\"og:image:type\" content=\"image\/png\" \/>\n<meta name=\"author\" content=\"J\u00e9r\u00f4me Valentin-L\u00e9autaud\" \/>\n<meta name=\"twitter:card\" content=\"summary_large_image\" \/>\n<meta name=\"twitter:creator\" content=\"@lamethodejvl\" \/>\n<meta name=\"twitter:site\" content=\"@lamethodejvl\" \/>\n<meta name=\"twitter:label1\" content=\"\u00c9crit par\" \/>\n\t<meta name=\"twitter:data1\" content=\"J\u00e9r\u00f4me Valentin-L\u00e9autaud\" \/>\n\t<meta name=\"twitter:label2\" content=\"Dur\u00e9e de lecture estim\u00e9e\" \/>\n\t<meta name=\"twitter:data2\" content=\"1 minute\" \/>\n<script type=\"application\/ld+json\" class=\"yoast-schema-graph\">{\"@context\":\"https:\/\/schema.org\",\"@graph\":[{\"@type\":\"Article\",\"@id\":\"https:\/\/www.cabinet-jvl.fr\/site\/2025\/03\/17\/formation-diversite-de-genre-de-relation-et-de-sexualite-dgrs-au-centre-national-de-la-fonction-publique-territoriale-cnfpt\/#article\",\"isPartOf\":{\"@id\":\"https:\/\/www.cabinet-jvl.fr\/site\/2025\/03\/17\/formation-diversite-de-genre-de-relation-et-de-sexualite-dgrs-au-centre-national-de-la-fonction-publique-territoriale-cnfpt\/\"},\"author\":{\"name\":\"J\u00e9r\u00f4me Valentin-L\u00e9autaud\",\"@id\":\"https:\/\/www.cabinet-jvl.fr\/site\/#\/schema\/person\/3f7adc0ea0ad8315a1ecc9e4d896e976\"},\"headline\":\"Formation &#8220;Diversit\u00e9 de Genre, de Relation et de Sexualit\u00e9 (DGRS)&#8221; au Centre national de la fonction publique territoriale (CNFPT)\",\"datePublished\":\"2025-03-17T14:59:48+00:00\",\"dateModified\":\"2025-10-23T15:03:13+00:00\",\"mainEntityOfPage\":{\"@id\":\"https:\/\/www.cabinet-jvl.fr\/site\/2025\/03\/17\/formation-diversite-de-genre-de-relation-et-de-sexualite-dgrs-au-centre-national-de-la-fonction-publique-territoriale-cnfpt\/\"},\"wordCount\":184,\"commentCount\":0,\"publisher\":{\"@id\":\"https:\/\/www.cabinet-jvl.fr\/site\/#organization\"},\"image\":{\"@id\":\"https:\/\/www.cabinet-jvl.fr\/site\/2025\/03\/17\/formation-diversite-de-genre-de-relation-et-de-sexualite-dgrs-au-centre-national-de-la-fonction-publique-territoriale-cnfpt\/#primaryimage\"},\"thumbnailUrl\":\"https:\/\/www.cabinet-jvl.fr\/site\/wp-content\/uploads\/Formation-mise-en-avant.png\",\"articleSection\":[\"A la Une\",\"Formation\"],\"inLanguage\":\"fr-FR\",\"potentialAction\":[{\"@type\":\"CommentAction\",\"name\":\"Comment\",\"target\":[\"https:\/\/www.cabinet-jvl.fr\/site\/2025\/03\/17\/formation-diversite-de-genre-de-relation-et-de-sexualite-dgrs-au-centre-national-de-la-fonction-publique-territoriale-cnfpt\/#respond\"]}]},{\"@type\":\"WebPage\",\"@id\":\"https:\/\/www.cabinet-jvl.fr\/site\/2025\/03\/17\/formation-diversite-de-genre-de-relation-et-de-sexualite-dgrs-au-centre-national-de-la-fonction-publique-territoriale-cnfpt\/\",\"url\":\"https:\/\/www.cabinet-jvl.fr\/site\/2025\/03\/17\/formation-diversite-de-genre-de-relation-et-de-sexualite-dgrs-au-centre-national-de-la-fonction-publique-territoriale-cnfpt\/\",\"name\":\"Formation \\\"Diversit\u00e9 de Genre, de Relation et de Sexualit\u00e9 (DGRS)\\\" au Centre national de la fonction publique territoriale (CNFPT) - Cabinet JVL\",\"isPartOf\":{\"@id\":\"https:\/\/www.cabinet-jvl.fr\/site\/#website\"},\"primaryImageOfPage\":{\"@id\":\"https:\/\/www.cabinet-jvl.fr\/site\/2025\/03\/17\/formation-diversite-de-genre-de-relation-et-de-sexualite-dgrs-au-centre-national-de-la-fonction-publique-territoriale-cnfpt\/#primaryimage\"},\"image\":{\"@id\":\"https:\/\/www.cabinet-jvl.fr\/site\/2025\/03\/17\/formation-diversite-de-genre-de-relation-et-de-sexualite-dgrs-au-centre-national-de-la-fonction-publique-territoriale-cnfpt\/#primaryimage\"},\"thumbnailUrl\":\"https:\/\/www.cabinet-jvl.fr\/site\/wp-content\/uploads\/Formation-mise-en-avant.png\",\"datePublished\":\"2025-03-17T14:59:48+00:00\",\"dateModified\":\"2025-10-23T15:03:13+00:00\",\"breadcrumb\":{\"@id\":\"https:\/\/www.cabinet-jvl.fr\/site\/2025\/03\/17\/formation-diversite-de-genre-de-relation-et-de-sexualite-dgrs-au-centre-national-de-la-fonction-publique-territoriale-cnfpt\/#breadcrumb\"},\"inLanguage\":\"fr-FR\",\"potentialAction\":[{\"@type\":\"ReadAction\",\"target\":[\"https:\/\/www.cabinet-jvl.fr\/site\/2025\/03\/17\/formation-diversite-de-genre-de-relation-et-de-sexualite-dgrs-au-centre-national-de-la-fonction-publique-territoriale-cnfpt\/\"]}]},{\"@type\":\"ImageObject\",\"inLanguage\":\"fr-FR\",\"@id\":\"https:\/\/www.cabinet-jvl.fr\/site\/2025\/03\/17\/formation-diversite-de-genre-de-relation-et-de-sexualite-dgrs-au-centre-national-de-la-fonction-publique-territoriale-cnfpt\/#primaryimage\",\"url\":\"https:\/\/www.cabinet-jvl.fr\/site\/wp-content\/uploads\/Formation-mise-en-avant.png\",\"contentUrl\":\"https:\/\/www.cabinet-jvl.fr\/site\/wp-content\/uploads\/Formation-mise-en-avant.png\",\"width\":632,\"height\":421},{\"@type\":\"BreadcrumbList\",\"@id\":\"https:\/\/www.cabinet-jvl.fr\/site\/2025\/03\/17\/formation-diversite-de-genre-de-relation-et-de-sexualite-dgrs-au-centre-national-de-la-fonction-publique-territoriale-cnfpt\/#breadcrumb\",\"itemListElement\":[{\"@type\":\"ListItem\",\"position\":1,\"name\":\"Accueil\",\"item\":\"https:\/\/www.cabinet-jvl.fr\/site\/\"},{\"@type\":\"ListItem\",\"position\":2,\"name\":\"Formation &#8220;Diversit\u00e9 de Genre, de Relation et de Sexualit\u00e9 (DGRS)&#8221; au Centre national de la fonction publique territoriale (CNFPT)\"}]},{\"@type\":\"WebSite\",\"@id\":\"https:\/\/www.cabinet-jvl.fr\/site\/#website\",\"url\":\"https:\/\/www.cabinet-jvl.fr\/site\/\",\"name\":\"Cabinet JVL\",\"description\":\"J\u00e9r\u00f4me Valentin-L\u00e9autaud, Th\u00e9rapeute Consultant et Formateur \u00e0 Nice\",\"publisher\":{\"@id\":\"https:\/\/www.cabinet-jvl.fr\/site\/#organization\"},\"potentialAction\":[{\"@type\":\"SearchAction\",\"target\":{\"@type\":\"EntryPoint\",\"urlTemplate\":\"https:\/\/www.cabinet-jvl.fr\/site\/?s={search_term_string}\"},\"query-input\":{\"@type\":\"PropertyValueSpecification\",\"valueRequired\":true,\"valueName\":\"search_term_string\"}}],\"inLanguage\":\"fr-FR\"},{\"@type\":\"Organization\",\"@id\":\"https:\/\/www.cabinet-jvl.fr\/site\/#organization\",\"name\":\"Cabinet J\u00e9r\u00f4me Valentin-L\u00e9autaud\",\"url\":\"https:\/\/www.cabinet-jvl.fr\/site\/\",\"logo\":{\"@type\":\"ImageObject\",\"inLanguage\":\"fr-FR\",\"@id\":\"https:\/\/www.cabinet-jvl.fr\/site\/#\/schema\/logo\/image\/\",\"url\":\"https:\/\/www.cabinet-jvl.fr\/site\/wp-content\/uploads\/logo-cabinet-jvl-s.png\",\"contentUrl\":\"https:\/\/www.cabinet-jvl.fr\/site\/wp-content\/uploads\/logo-cabinet-jvl-s.png\",\"width\":1044,\"height\":638,\"caption\":\"Cabinet J\u00e9r\u00f4me Valentin-L\u00e9autaud\"},\"image\":{\"@id\":\"https:\/\/www.cabinet-jvl.fr\/site\/#\/schema\/logo\/image\/\"},\"sameAs\":[\"https:\/\/www.facebook.com\/CabinetJVL\",\"https:\/\/x.com\/lamethodejvl\"]},{\"@type\":\"Person\",\"@id\":\"https:\/\/www.cabinet-jvl.fr\/site\/#\/schema\/person\/3f7adc0ea0ad8315a1ecc9e4d896e976\",\"name\":\"J\u00e9r\u00f4me Valentin-L\u00e9autaud\",\"image\":{\"@type\":\"ImageObject\",\"inLanguage\":\"fr-FR\",\"@id\":\"https:\/\/www.cabinet-jvl.fr\/site\/#\/schema\/person\/image\/\",\"url\":\"https:\/\/secure.gravatar.com\/avatar\/3c7df8595cbb6a5b80fff35e6641c1b2c9f037f9024948d5a5667177267c4526?s=96&d=mm&r=g\",\"contentUrl\":\"https:\/\/secure.gravatar.com\/avatar\/3c7df8595cbb6a5b80fff35e6641c1b2c9f037f9024948d5a5667177267c4526?s=96&d=mm&r=g\",\"caption\":\"J\u00e9r\u00f4me Valentin-L\u00e9autaud\"},\"sameAs\":[\"https:\/\/www.cabinet-jvl.fr\/site\"],\"url\":\"https:\/\/www.cabinet-jvl.fr\/site\/author\/hcy3e\/\"}]}<\/script>\n<!-- \/ Yoast SEO plugin. -->","yoast_head_json":{"title":"Formation \"Diversit\u00e9 de Genre, de Relation et de Sexualit\u00e9 (DGRS)\" au Centre national de la fonction publique territoriale (CNFPT) - Cabinet JVL","robots":{"index":"index","follow":"follow","max-snippet":"max-snippet:-1","max-image-preview":"max-image-preview:large","max-video-preview":"max-video-preview:-1"},"canonical":"https:\/\/www.cabinet-jvl.fr\/site\/2025\/03\/17\/formation-diversite-de-genre-de-relation-et-de-sexualite-dgrs-au-centre-national-de-la-fonction-publique-territoriale-cnfpt\/","og_locale":"fr_FR","og_type":"article","og_title":"Formation \"Diversit\u00e9 de Genre, de Relation et de Sexualit\u00e9 (DGRS)\" au Centre national de la fonction publique territoriale (CNFPT) - Cabinet JVL","og_description":"Jeudi et vendredi derniers avaient lieu les jours 3 et 4 de la formation &#8220;Diversit\u00e9 de Genre, de Relation et de Sexualit\u00e9 (DGRS)&#8221; au Centre national de la fonction publique territoriale (CNFPT). Cette formation a \u00e9t\u00e9 l&#8217;occasion pour les apprenant\u00b7e\u00b7s d&#8217;\u00e9changes nourris, libres et ouverts sur des sujets trop souvent tabous.","og_url":"https:\/\/www.cabinet-jvl.fr\/site\/2025\/03\/17\/formation-diversite-de-genre-de-relation-et-de-sexualite-dgrs-au-centre-national-de-la-fonction-publique-territoriale-cnfpt\/","og_site_name":"Cabinet JVL","article_publisher":"https:\/\/www.facebook.com\/CabinetJVL","article_published_time":"2025-03-17T14:59:48+00:00","article_modified_time":"2025-10-23T15:03:13+00:00","og_image":[{"width":632,"height":421,"url":"https:\/\/www.cabinet-jvl.fr\/site\/wp-content\/uploads\/Formation-mise-en-avant.png","type":"image\/png"}],"author":"J\u00e9r\u00f4me Valentin-L\u00e9autaud","twitter_card":"summary_large_image","twitter_creator":"@lamethodejvl","twitter_site":"@lamethodejvl","twitter_misc":{"\u00c9crit par":"J\u00e9r\u00f4me Valentin-L\u00e9autaud","Dur\u00e9e de lecture estim\u00e9e":"1 minute"},"schema":{"@context":"https:\/\/schema.org","@graph":[{"@type":"Article","@id":"https:\/\/www.cabinet-jvl.fr\/site\/2025\/03\/17\/formation-diversite-de-genre-de-relation-et-de-sexualite-dgrs-au-centre-national-de-la-fonction-publique-territoriale-cnfpt\/#article","isPartOf":{"@id":"https:\/\/www.cabinet-jvl.fr\/site\/2025\/03\/17\/formation-diversite-de-genre-de-relation-et-de-sexualite-dgrs-au-centre-national-de-la-fonction-publique-territoriale-cnfpt\/"},"author":{"name":"J\u00e9r\u00f4me Valentin-L\u00e9autaud","@id":"https:\/\/www.cabinet-jvl.fr\/site\/#\/schema\/person\/3f7adc0ea0ad8315a1ecc9e4d896e976"},"headline":"Formation &#8220;Diversit\u00e9 de Genre, de Relation et de Sexualit\u00e9 (DGRS)&#8221; au Centre national de la fonction publique territoriale (CNFPT)","datePublished":"2025-03-17T14:59:48+00:00","dateModified":"2025-10-23T15:03:13+00:00","mainEntityOfPage":{"@id":"https:\/\/www.cabinet-jvl.fr\/site\/2025\/03\/17\/formation-diversite-de-genre-de-relation-et-de-sexualite-dgrs-au-centre-national-de-la-fonction-publique-territoriale-cnfpt\/"},"wordCount":184,"commentCount":0,"publisher":{"@id":"https:\/\/www.cabinet-jvl.fr\/site\/#organization"},"image":{"@id":"https:\/\/www.cabinet-jvl.fr\/site\/2025\/03\/17\/formation-diversite-de-genre-de-relation-et-de-sexualite-dgrs-au-centre-national-de-la-fonction-publique-territoriale-cnfpt\/#primaryimage"},"thumbnailUrl":"https:\/\/www.cabinet-jvl.fr\/site\/wp-content\/uploads\/Formation-mise-en-avant.png","articleSection":["A la Une","Formation"],"inLanguage":"fr-FR","potentialAction":[{"@type":"CommentAction","name":"Comment","target":["https:\/\/www.cabinet-jvl.fr\/site\/2025\/03\/17\/formation-diversite-de-genre-de-relation-et-de-sexualite-dgrs-au-centre-national-de-la-fonction-publique-territoriale-cnfpt\/#respond"]}]},{"@type":"WebPage","@id":"https:\/\/www.cabinet-jvl.fr\/site\/2025\/03\/17\/formation-diversite-de-genre-de-relation-et-de-sexualite-dgrs-au-centre-national-de-la-fonction-publique-territoriale-cnfpt\/","url":"https:\/\/www.cabinet-jvl.fr\/site\/2025\/03\/17\/formation-diversite-de-genre-de-relation-et-de-sexualite-dgrs-au-centre-national-de-la-fonction-publique-territoriale-cnfpt\/","name":"Formation \"Diversit\u00e9 de Genre, de Relation et de Sexualit\u00e9 (DGRS)\" au Centre national de la fonction publique territoriale (CNFPT) - Cabinet JVL","isPartOf":{"@id":"https:\/\/www.cabinet-jvl.fr\/site\/#website"},"primaryImageOfPage":{"@id":"https:\/\/www.cabinet-jvl.fr\/site\/2025\/03\/17\/formation-diversite-de-genre-de-relation-et-de-sexualite-dgrs-au-centre-national-de-la-fonction-publique-territoriale-cnfpt\/#primaryimage"},"image":{"@id":"https:\/\/www.cabinet-jvl.fr\/site\/2025\/03\/17\/formation-diversite-de-genre-de-relation-et-de-sexualite-dgrs-au-centre-national-de-la-fonction-publique-territoriale-cnfpt\/#primaryimage"},"thumbnailUrl":"https:\/\/www.cabinet-jvl.fr\/site\/wp-content\/uploads\/Formation-mise-en-avant.png","datePublished":"2025-03-17T14:59:48+00:00","dateModified":"2025-10-23T15:03:13+00:00","breadcrumb":{"@id":"https:\/\/www.cabinet-jvl.fr\/site\/2025\/03\/17\/formation-diversite-de-genre-de-relation-et-de-sexualite-dgrs-au-centre-national-de-la-fonction-publique-territoriale-cnfpt\/#breadcrumb"},"inLanguage":"fr-FR","potentialAction":[{"@type":"ReadAction","target":["https:\/\/www.cabinet-jvl.fr\/site\/2025\/03\/17\/formation-diversite-de-genre-de-relation-et-de-sexualite-dgrs-au-centre-national-de-la-fonction-publique-territoriale-cnfpt\/"]}]},{"@type":"ImageObject","inLanguage":"fr-FR","@id":"https:\/\/www.cabinet-jvl.fr\/site\/2025\/03\/17\/formation-diversite-de-genre-de-relation-et-de-sexualite-dgrs-au-centre-national-de-la-fonction-publique-territoriale-cnfpt\/#primaryimage","url":"https:\/\/www.cabinet-jvl.fr\/site\/wp-content\/uploads\/Formation-mise-en-avant.png","contentUrl":"https:\/\/www.cabinet-jvl.fr\/site\/wp-content\/uploads\/Formation-mise-en-avant.png","width":632,"height":421},{"@type":"BreadcrumbList","@id":"https:\/\/www.cabinet-jvl.fr\/site\/2025\/03\/17\/formation-diversite-de-genre-de-relation-et-de-sexualite-dgrs-au-centre-national-de-la-fonction-publique-territoriale-cnfpt\/#breadcrumb","itemListElement":[{"@type":"ListItem","position":1,"name":"Accueil","item":"https:\/\/www.cabinet-jvl.fr\/site\/"},{"@type":"ListItem","position":2,"name":"Formation &#8220;Diversit\u00e9 de Genre, de Relation et de Sexualit\u00e9 (DGRS)&#8221; au Centre national de la fonction publique territoriale (CNFPT)"}]},{"@type":"WebSite","@id":"https:\/\/www.cabinet-jvl.fr\/site\/#website","url":"https:\/\/www.cabinet-jvl.fr\/site\/","name":"Cabinet JVL","description":"J\u00e9r\u00f4me Valentin-L\u00e9autaud, Th\u00e9rapeute Consultant et Formateur \u00e0 Nice","publisher":{"@id":"https:\/\/www.cabinet-jvl.fr\/site\/#organization"},"potentialAction":[{"@type":"SearchAction","target":{"@type":"EntryPoint","urlTemplate":"https:\/\/www.cabinet-jvl.fr\/site\/?s={search_term_string}"},"query-input":{"@type":"PropertyValueSpecification","valueRequired":true,"valueName":"search_term_string"}}],"inLanguage":"fr-FR"},{"@type":"Organization","@id":"https:\/\/www.cabinet-jvl.fr\/site\/#organization","name":"Cabinet J\u00e9r\u00f4me Valentin-L\u00e9autaud","url":"https:\/\/www.cabinet-jvl.fr\/site\/","logo":{"@type":"ImageObject","inLanguage":"fr-FR","@id":"https:\/\/www.cabinet-jvl.fr\/site\/#\/schema\/logo\/image\/","url":"https:\/\/www.cabinet-jvl.fr\/site\/wp-content\/uploads\/logo-cabinet-jvl-s.png","contentUrl":"https:\/\/www.cabinet-jvl.fr\/site\/wp-content\/uploads\/logo-cabinet-jvl-s.png","width":1044,"height":638,"caption":"Cabinet J\u00e9r\u00f4me Valentin-L\u00e9autaud"},"image":{"@id":"https:\/\/www.cabinet-jvl.fr\/site\/#\/schema\/logo\/image\/"},"sameAs":["https:\/\/www.facebook.com\/CabinetJVL","https:\/\/x.com\/lamethodejvl"]},{"@type":"Person","@id":"https:\/\/www.cabinet-jvl.fr\/site\/#\/schema\/person\/3f7adc0ea0ad8315a1ecc9e4d896e976","name":"J\u00e9r\u00f4me Valentin-L\u00e9autaud","image":{"@type":"ImageObject","inLanguage":"fr-FR","@id":"https:\/\/www.cabinet-jvl.fr\/site\/#\/schema\/person\/image\/","url":"https:\/\/secure.gravatar.com\/avatar\/3c7df8595cbb6a5b80fff35e6641c1b2c9f037f9024948d5a5667177267c4526?s=96&d=mm&r=g","contentUrl":"https:\/\/secure.gravatar.com\/avatar\/3c7df8595cbb6a5b80fff35e6641c1b2c9f037f9024948d5a5667177267c4526?s=96&d=mm&r=g","caption":"J\u00e9r\u00f4me Valentin-L\u00e9autaud"},"sameAs":["https:\/\/www.cabinet-jvl.fr\/site"],"url":"https:\/\/www.cabinet-jvl.fr\/site\/author\/hcy3e\/"}]}},"_links":{"self":[{"href":"https:\/\/www.cabinet-jvl.fr\/site\/wp-json\/wp\/v2\/posts\/1698","targetHints":{"allow":["GET"]}}],"collection":[{"href":"https:\/\/www.cabinet-jvl.fr\/site\/wp-json\/wp\/v2\/posts"}],"about":[{"href":"https:\/\/www.cabinet-jvl.fr\/site\/wp-json\/wp\/v2\/types\/post"}],"author":[{"embeddable":true,"href":"https:\/\/www.cabinet-jvl.fr\/site\/wp-json\/wp\/v2\/users\/1"}],"replies":[{"embeddable":true,"href":"https:\/\/www.cabinet-jvl.fr\/site\/wp-json\/wp\/v2\/comments?post=1698"}],"version-history":[{"count":1,"href":"https:\/\/www.cabinet-jvl.fr\/site\/wp-json\/wp\/v2\/posts\/1698\/revisions"}],"predecessor-version":[{"id":1700,"href":"https:\/\/www.cabinet-jvl.fr\/site\/wp-json\/wp\/v2\/posts\/1698\/revisions\/1700"}],"wp:featuredmedia":[{"embeddable":true,"href":"https:\/\/www.cabinet-jvl.fr\/site\/wp-json\/wp\/v2\/media\/1699"}],"wp:attachment":[{"href":"https:\/\/www.cabinet-jvl.fr\/site\/wp-json\/wp\/v2\/media?parent=1698"}],"wp:term":[{"taxonomy":"category","embeddable":true,"href":"https:\/\/www.cabinet-jvl.fr\/site\/wp-json\/wp\/v2\/categories?post=1698"},{"taxonomy":"post_tag","embeddable":true,"href":"https:\/\/www.cabinet-jvl.fr\/site\/wp-json\/wp\/v2\/tags?post=1698"}],"curies":[{"name":"wp","href":"https:\/\/api.w.org\/{rel}","templated":true}]}}