{"id":1399,"date":"2024-07-04T15:54:49","date_gmt":"2024-07-04T13:54:49","guid":{"rendered":"https:\/\/www.cabinet-jvl.fr\/site\/?p=1399"},"modified":"2024-07-09T15:56:51","modified_gmt":"2024-07-09T13:56:51","slug":"programme-dun-ete-studieux","status":"publish","type":"post","link":"https:\/\/www.cabinet-jvl.fr\/site\/2024\/07\/04\/programme-dun-ete-studieux\/","title":{"rendered":"Programme d&#8217;un \u00e9t\u00e9 studieux"},"content":{"rendered":"\n<p>Cette semaine a \u00e9t\u00e9 consacr\u00e9e aux derni\u00e8res s\u00e9ances collectives ou individuelles d&#8217;Analyse des Pratiques Professionnelles &#8211; Supervisions (APP-S) r\u00e9alis\u00e9es aux b\u00e9n\u00e9fices des cadres de l&#8217;action sociale et leurs \u00e9quipes de travailleurs sociaux, avant la pause estivale et la reprise en septembre.<\/p>\n\n\n\n<!--more-->\n\n\n\n<p>Maintenant place au s\u00e9ances individuelles d&#8217;accompagnement en th\u00e9rapie et aussi \u00e0 l&#8217;\u00e9criture pour un \u00e9t\u00e9 qui promet d&#8217;\u00eatre studieux :<\/p>\n\n\n\n<p>&#8211; 1 chapitre de livre \u00e0 \u00e9crire dans le cadre d&#8217;une <a><\/a>collaboration transatlantique avec <a href=\"https:\/\/www.facebook.com\/concugogopo\">Gilbert \u00c9mond<\/a> et Monique Benoit, dead-line au 15 ao\u00fbt 2024<\/p>\n\n\n\n<p>&#8211; 1 article avec Anne Griffond-Bo\u00eetier et une enqu\u00eate terrain (pour la fin d&#8217;\u00e9t\u00e9)<\/p>\n\n\n\n<p>&#8211; 15 jours, dans les Cevennes, <a href=\"https:\/\/www.facebook.com\/profile.php?id=61552071273435&amp;__cft__[0]=AZXDnmPX5PDsfnzkzhnANcvNEXMzQ38ToRahzgq8_eEbWDay6GUml59H4R9WLRTuMgkb7FZkp3gCqbmmHYwPWNCshtQ0I7DtWP2liiVrKJEuS0o2VmQCiFgqtyKavm6y5R3GSa7tDngZQ4E2oHxhIEagUYuzCiczrTbOA5sd5j87y9a4t9uq3R-xkV1LCpJsFBwmLW2fQ258589RuFoDWx8e\">Au Domaine de l&#8217;Elzet<\/a> avec <a href=\"https:\/\/www.facebook.com\/jean.dupre\">Jean Dupre<\/a> afin d&#8217;avancer sur notre livre (sortie fin de premier semestre 2025) &#8211; plaisir de retrouver <a href=\"https:\/\/www.facebook.com\/lisa.pingley\">Lisa David Dupr\u00e9<\/a><\/p>\n\n\n\n<p>&#8211; avancer sur un projet de livre personnel dont la sortie est pr\u00e9vue en fin 2025.<\/p>\n","protected":false},"excerpt":{"rendered":"<p>Cette semaine a \u00e9t\u00e9 consacr\u00e9e aux derni\u00e8res s\u00e9ances collectives ou individuelles d&#8217;Analyse des Pratiques Professionnelles &#8211; Supervisions (APP-S) r\u00e9alis\u00e9es aux b\u00e9n\u00e9fices des cadres de l&#8217;action sociale et leurs \u00e9quipes de travailleurs sociaux, avant la pause estivale et la reprise en septembre.<\/p>\n","protected":false},"author":1,"featured_media":1400,"comment_status":"open","ping_status":"open","sticky":false,"template":"","format":"standard","meta":{"footnotes":""},"categories":[7],"tags":[140,14,115,142,96,114,108,141],"class_list":["post-1399","post","type-post","status-publish","format-standard","has-post-thumbnail","hentry","category-a-la-une","tag-activites-de-lete","tag-anne-griffond-boitier","tag-domaine-de-lelzet","tag-gilbert-emond","tag-jean-dupre","tag-lisa-david-dupre","tag-livre","tag-periode-estivale"],"yoast_head":"<!-- This site is optimized with the Yoast SEO plugin v23.6 - https:\/\/yoast.com\/wordpress\/plugins\/seo\/ -->\n<title>Programme d&#039;un \u00e9t\u00e9 studieux - Cabinet JVL<\/title>\n<meta name=\"robots\" content=\"index, follow, max-snippet:-1, max-image-preview:large, max-video-preview:-1\" \/>\n<link rel=\"canonical\" href=\"https:\/\/www.cabinet-jvl.fr\/site\/2024\/07\/04\/programme-dun-ete-studieux\/\" \/>\n<meta property=\"og:locale\" content=\"fr_FR\" \/>\n<meta property=\"og:type\" content=\"article\" \/>\n<meta property=\"og:title\" content=\"Programme d&#039;un \u00e9t\u00e9 studieux - Cabinet JVL\" \/>\n<meta property=\"og:description\" content=\"Cette semaine a \u00e9t\u00e9 consacr\u00e9e aux derni\u00e8res s\u00e9ances collectives ou individuelles d&#8217;Analyse des Pratiques Professionnelles &#8211; Supervisions (APP-S) r\u00e9alis\u00e9es aux b\u00e9n\u00e9fices des cadres de l&#8217;action sociale et leurs \u00e9quipes de travailleurs sociaux, avant la pause estivale et la reprise en septembre.\" \/>\n<meta property=\"og:url\" content=\"https:\/\/www.cabinet-jvl.fr\/site\/2024\/07\/04\/programme-dun-ete-studieux\/\" \/>\n<meta property=\"og:site_name\" content=\"Cabinet JVL\" \/>\n<meta property=\"article:publisher\" content=\"https:\/\/www.facebook.com\/CabinetJVL\" \/>\n<meta property=\"article:published_time\" content=\"2024-07-04T13:54:49+00:00\" \/>\n<meta property=\"article:modified_time\" content=\"2024-07-09T13:56:51+00:00\" \/>\n<meta property=\"og:image\" content=\"https:\/\/www.cabinet-jvl.fr\/site\/wp-content\/uploads\/Activites-de-lete-2024.jpg\" \/>\n\t<meta property=\"og:image:width\" content=\"960\" \/>\n\t<meta property=\"og:image:height\" content=\"960\" \/>\n\t<meta property=\"og:image:type\" content=\"image\/jpeg\" \/>\n<meta name=\"author\" content=\"J\u00e9r\u00f4me Valentin-L\u00e9autaud\" \/>\n<meta name=\"twitter:card\" content=\"summary_large_image\" \/>\n<meta name=\"twitter:creator\" content=\"@lamethodejvl\" \/>\n<meta name=\"twitter:site\" content=\"@lamethodejvl\" \/>\n<meta name=\"twitter:label1\" content=\"\u00c9crit par\" \/>\n\t<meta name=\"twitter:data1\" content=\"J\u00e9r\u00f4me Valentin-L\u00e9autaud\" \/>\n\t<meta name=\"twitter:label2\" content=\"Dur\u00e9e de lecture estim\u00e9e\" \/>\n\t<meta name=\"twitter:data2\" content=\"1 minute\" \/>\n<script type=\"application\/ld+json\" class=\"yoast-schema-graph\">{\"@context\":\"https:\/\/schema.org\",\"@graph\":[{\"@type\":\"Article\",\"@id\":\"https:\/\/www.cabinet-jvl.fr\/site\/2024\/07\/04\/programme-dun-ete-studieux\/#article\",\"isPartOf\":{\"@id\":\"https:\/\/www.cabinet-jvl.fr\/site\/2024\/07\/04\/programme-dun-ete-studieux\/\"},\"author\":{\"name\":\"J\u00e9r\u00f4me Valentin-L\u00e9autaud\",\"@id\":\"https:\/\/www.cabinet-jvl.fr\/site\/#\/schema\/person\/3f7adc0ea0ad8315a1ecc9e4d896e976\"},\"headline\":\"Programme d&#8217;un \u00e9t\u00e9 studieux\",\"datePublished\":\"2024-07-04T13:54:49+00:00\",\"dateModified\":\"2024-07-09T13:56:51+00:00\",\"mainEntityOfPage\":{\"@id\":\"https:\/\/www.cabinet-jvl.fr\/site\/2024\/07\/04\/programme-dun-ete-studieux\/\"},\"wordCount\":163,\"commentCount\":0,\"publisher\":{\"@id\":\"https:\/\/www.cabinet-jvl.fr\/site\/#organization\"},\"image\":{\"@id\":\"https:\/\/www.cabinet-jvl.fr\/site\/2024\/07\/04\/programme-dun-ete-studieux\/#primaryimage\"},\"thumbnailUrl\":\"https:\/\/www.cabinet-jvl.fr\/site\/wp-content\/uploads\/Activites-de-lete-2024.jpg\",\"keywords\":[\"Activit\u00e9s de l'\u00e9t\u00e9\",\"Anne Griffond-Boitier\",\"Domaine de l'Elzet\",\"Gilbert \u00c9mond\",\"Jean Dupr\u00e9\",\"Lisa David Dupr\u00e9\",\"Livre\",\"P\u00e9riode estivale\"],\"articleSection\":[\"A la Une\"],\"inLanguage\":\"fr-FR\",\"potentialAction\":[{\"@type\":\"CommentAction\",\"name\":\"Comment\",\"target\":[\"https:\/\/www.cabinet-jvl.fr\/site\/2024\/07\/04\/programme-dun-ete-studieux\/#respond\"]}]},{\"@type\":\"WebPage\",\"@id\":\"https:\/\/www.cabinet-jvl.fr\/site\/2024\/07\/04\/programme-dun-ete-studieux\/\",\"url\":\"https:\/\/www.cabinet-jvl.fr\/site\/2024\/07\/04\/programme-dun-ete-studieux\/\",\"name\":\"Programme d'un \u00e9t\u00e9 studieux - Cabinet JVL\",\"isPartOf\":{\"@id\":\"https:\/\/www.cabinet-jvl.fr\/site\/#website\"},\"primaryImageOfPage\":{\"@id\":\"https:\/\/www.cabinet-jvl.fr\/site\/2024\/07\/04\/programme-dun-ete-studieux\/#primaryimage\"},\"image\":{\"@id\":\"https:\/\/www.cabinet-jvl.fr\/site\/2024\/07\/04\/programme-dun-ete-studieux\/#primaryimage\"},\"thumbnailUrl\":\"https:\/\/www.cabinet-jvl.fr\/site\/wp-content\/uploads\/Activites-de-lete-2024.jpg\",\"datePublished\":\"2024-07-04T13:54:49+00:00\",\"dateModified\":\"2024-07-09T13:56:51+00:00\",\"breadcrumb\":{\"@id\":\"https:\/\/www.cabinet-jvl.fr\/site\/2024\/07\/04\/programme-dun-ete-studieux\/#breadcrumb\"},\"inLanguage\":\"fr-FR\",\"potentialAction\":[{\"@type\":\"ReadAction\",\"target\":[\"https:\/\/www.cabinet-jvl.fr\/site\/2024\/07\/04\/programme-dun-ete-studieux\/\"]}]},{\"@type\":\"ImageObject\",\"inLanguage\":\"fr-FR\",\"@id\":\"https:\/\/www.cabinet-jvl.fr\/site\/2024\/07\/04\/programme-dun-ete-studieux\/#primaryimage\",\"url\":\"https:\/\/www.cabinet-jvl.fr\/site\/wp-content\/uploads\/Activites-de-lete-2024.jpg\",\"contentUrl\":\"https:\/\/www.cabinet-jvl.fr\/site\/wp-content\/uploads\/Activites-de-lete-2024.jpg\",\"width\":960,\"height\":960},{\"@type\":\"BreadcrumbList\",\"@id\":\"https:\/\/www.cabinet-jvl.fr\/site\/2024\/07\/04\/programme-dun-ete-studieux\/#breadcrumb\",\"itemListElement\":[{\"@type\":\"ListItem\",\"position\":1,\"name\":\"Accueil\",\"item\":\"https:\/\/www.cabinet-jvl.fr\/site\/\"},{\"@type\":\"ListItem\",\"position\":2,\"name\":\"Programme d&#8217;un \u00e9t\u00e9 studieux\"}]},{\"@type\":\"WebSite\",\"@id\":\"https:\/\/www.cabinet-jvl.fr\/site\/#website\",\"url\":\"https:\/\/www.cabinet-jvl.fr\/site\/\",\"name\":\"Cabinet JVL\",\"description\":\"J\u00e9r\u00f4me Valentin-L\u00e9autaud, Th\u00e9rapeute Consultant et Formateur \u00e0 Nice\",\"publisher\":{\"@id\":\"https:\/\/www.cabinet-jvl.fr\/site\/#organization\"},\"potentialAction\":[{\"@type\":\"SearchAction\",\"target\":{\"@type\":\"EntryPoint\",\"urlTemplate\":\"https:\/\/www.cabinet-jvl.fr\/site\/?s={search_term_string}\"},\"query-input\":{\"@type\":\"PropertyValueSpecification\",\"valueRequired\":true,\"valueName\":\"search_term_string\"}}],\"inLanguage\":\"fr-FR\"},{\"@type\":\"Organization\",\"@id\":\"https:\/\/www.cabinet-jvl.fr\/site\/#organization\",\"name\":\"Cabinet J\u00e9r\u00f4me Valentin-L\u00e9autaud\",\"url\":\"https:\/\/www.cabinet-jvl.fr\/site\/\",\"logo\":{\"@type\":\"ImageObject\",\"inLanguage\":\"fr-FR\",\"@id\":\"https:\/\/www.cabinet-jvl.fr\/site\/#\/schema\/logo\/image\/\",\"url\":\"https:\/\/www.cabinet-jvl.fr\/site\/wp-content\/uploads\/logo-cabinet-jvl-s.png\",\"contentUrl\":\"https:\/\/www.cabinet-jvl.fr\/site\/wp-content\/uploads\/logo-cabinet-jvl-s.png\",\"width\":1044,\"height\":638,\"caption\":\"Cabinet J\u00e9r\u00f4me Valentin-L\u00e9autaud\"},\"image\":{\"@id\":\"https:\/\/www.cabinet-jvl.fr\/site\/#\/schema\/logo\/image\/\"},\"sameAs\":[\"https:\/\/www.facebook.com\/CabinetJVL\",\"https:\/\/x.com\/lamethodejvl\"]},{\"@type\":\"Person\",\"@id\":\"https:\/\/www.cabinet-jvl.fr\/site\/#\/schema\/person\/3f7adc0ea0ad8315a1ecc9e4d896e976\",\"name\":\"J\u00e9r\u00f4me Valentin-L\u00e9autaud\",\"image\":{\"@type\":\"ImageObject\",\"inLanguage\":\"fr-FR\",\"@id\":\"https:\/\/www.cabinet-jvl.fr\/site\/#\/schema\/person\/image\/\",\"url\":\"https:\/\/secure.gravatar.com\/avatar\/3c7df8595cbb6a5b80fff35e6641c1b2c9f037f9024948d5a5667177267c4526?s=96&d=mm&r=g\",\"contentUrl\":\"https:\/\/secure.gravatar.com\/avatar\/3c7df8595cbb6a5b80fff35e6641c1b2c9f037f9024948d5a5667177267c4526?s=96&d=mm&r=g\",\"caption\":\"J\u00e9r\u00f4me Valentin-L\u00e9autaud\"},\"sameAs\":[\"https:\/\/www.cabinet-jvl.fr\/site\"],\"url\":\"https:\/\/www.cabinet-jvl.fr\/site\/author\/hcy3e\/\"}]}<\/script>\n<!-- \/ Yoast SEO plugin. -->","yoast_head_json":{"title":"Programme d'un \u00e9t\u00e9 studieux - Cabinet JVL","robots":{"index":"index","follow":"follow","max-snippet":"max-snippet:-1","max-image-preview":"max-image-preview:large","max-video-preview":"max-video-preview:-1"},"canonical":"https:\/\/www.cabinet-jvl.fr\/site\/2024\/07\/04\/programme-dun-ete-studieux\/","og_locale":"fr_FR","og_type":"article","og_title":"Programme d'un \u00e9t\u00e9 studieux - Cabinet JVL","og_description":"Cette semaine a \u00e9t\u00e9 consacr\u00e9e aux derni\u00e8res s\u00e9ances collectives ou individuelles d&#8217;Analyse des Pratiques Professionnelles &#8211; Supervisions (APP-S) r\u00e9alis\u00e9es aux b\u00e9n\u00e9fices des cadres de l&#8217;action sociale et leurs \u00e9quipes de travailleurs sociaux, avant la pause estivale et la reprise en septembre.","og_url":"https:\/\/www.cabinet-jvl.fr\/site\/2024\/07\/04\/programme-dun-ete-studieux\/","og_site_name":"Cabinet JVL","article_publisher":"https:\/\/www.facebook.com\/CabinetJVL","article_published_time":"2024-07-04T13:54:49+00:00","article_modified_time":"2024-07-09T13:56:51+00:00","og_image":[{"width":960,"height":960,"url":"https:\/\/www.cabinet-jvl.fr\/site\/wp-content\/uploads\/Activites-de-lete-2024.jpg","type":"image\/jpeg"}],"author":"J\u00e9r\u00f4me Valentin-L\u00e9autaud","twitter_card":"summary_large_image","twitter_creator":"@lamethodejvl","twitter_site":"@lamethodejvl","twitter_misc":{"\u00c9crit par":"J\u00e9r\u00f4me Valentin-L\u00e9autaud","Dur\u00e9e de lecture estim\u00e9e":"1 minute"},"schema":{"@context":"https:\/\/schema.org","@graph":[{"@type":"Article","@id":"https:\/\/www.cabinet-jvl.fr\/site\/2024\/07\/04\/programme-dun-ete-studieux\/#article","isPartOf":{"@id":"https:\/\/www.cabinet-jvl.fr\/site\/2024\/07\/04\/programme-dun-ete-studieux\/"},"author":{"name":"J\u00e9r\u00f4me Valentin-L\u00e9autaud","@id":"https:\/\/www.cabinet-jvl.fr\/site\/#\/schema\/person\/3f7adc0ea0ad8315a1ecc9e4d896e976"},"headline":"Programme d&#8217;un \u00e9t\u00e9 studieux","datePublished":"2024-07-04T13:54:49+00:00","dateModified":"2024-07-09T13:56:51+00:00","mainEntityOfPage":{"@id":"https:\/\/www.cabinet-jvl.fr\/site\/2024\/07\/04\/programme-dun-ete-studieux\/"},"wordCount":163,"commentCount":0,"publisher":{"@id":"https:\/\/www.cabinet-jvl.fr\/site\/#organization"},"image":{"@id":"https:\/\/www.cabinet-jvl.fr\/site\/2024\/07\/04\/programme-dun-ete-studieux\/#primaryimage"},"thumbnailUrl":"https:\/\/www.cabinet-jvl.fr\/site\/wp-content\/uploads\/Activites-de-lete-2024.jpg","keywords":["Activit\u00e9s de l'\u00e9t\u00e9","Anne Griffond-Boitier","Domaine de l'Elzet","Gilbert \u00c9mond","Jean Dupr\u00e9","Lisa David Dupr\u00e9","Livre","P\u00e9riode estivale"],"articleSection":["A la Une"],"inLanguage":"fr-FR","potentialAction":[{"@type":"CommentAction","name":"Comment","target":["https:\/\/www.cabinet-jvl.fr\/site\/2024\/07\/04\/programme-dun-ete-studieux\/#respond"]}]},{"@type":"WebPage","@id":"https:\/\/www.cabinet-jvl.fr\/site\/2024\/07\/04\/programme-dun-ete-studieux\/","url":"https:\/\/www.cabinet-jvl.fr\/site\/2024\/07\/04\/programme-dun-ete-studieux\/","name":"Programme d'un \u00e9t\u00e9 studieux - Cabinet JVL","isPartOf":{"@id":"https:\/\/www.cabinet-jvl.fr\/site\/#website"},"primaryImageOfPage":{"@id":"https:\/\/www.cabinet-jvl.fr\/site\/2024\/07\/04\/programme-dun-ete-studieux\/#primaryimage"},"image":{"@id":"https:\/\/www.cabinet-jvl.fr\/site\/2024\/07\/04\/programme-dun-ete-studieux\/#primaryimage"},"thumbnailUrl":"https:\/\/www.cabinet-jvl.fr\/site\/wp-content\/uploads\/Activites-de-lete-2024.jpg","datePublished":"2024-07-04T13:54:49+00:00","dateModified":"2024-07-09T13:56:51+00:00","breadcrumb":{"@id":"https:\/\/www.cabinet-jvl.fr\/site\/2024\/07\/04\/programme-dun-ete-studieux\/#breadcrumb"},"inLanguage":"fr-FR","potentialAction":[{"@type":"ReadAction","target":["https:\/\/www.cabinet-jvl.fr\/site\/2024\/07\/04\/programme-dun-ete-studieux\/"]}]},{"@type":"ImageObject","inLanguage":"fr-FR","@id":"https:\/\/www.cabinet-jvl.fr\/site\/2024\/07\/04\/programme-dun-ete-studieux\/#primaryimage","url":"https:\/\/www.cabinet-jvl.fr\/site\/wp-content\/uploads\/Activites-de-lete-2024.jpg","contentUrl":"https:\/\/www.cabinet-jvl.fr\/site\/wp-content\/uploads\/Activites-de-lete-2024.jpg","width":960,"height":960},{"@type":"BreadcrumbList","@id":"https:\/\/www.cabinet-jvl.fr\/site\/2024\/07\/04\/programme-dun-ete-studieux\/#breadcrumb","itemListElement":[{"@type":"ListItem","position":1,"name":"Accueil","item":"https:\/\/www.cabinet-jvl.fr\/site\/"},{"@type":"ListItem","position":2,"name":"Programme d&#8217;un \u00e9t\u00e9 studieux"}]},{"@type":"WebSite","@id":"https:\/\/www.cabinet-jvl.fr\/site\/#website","url":"https:\/\/www.cabinet-jvl.fr\/site\/","name":"Cabinet JVL","description":"J\u00e9r\u00f4me Valentin-L\u00e9autaud, Th\u00e9rapeute Consultant et Formateur \u00e0 Nice","publisher":{"@id":"https:\/\/www.cabinet-jvl.fr\/site\/#organization"},"potentialAction":[{"@type":"SearchAction","target":{"@type":"EntryPoint","urlTemplate":"https:\/\/www.cabinet-jvl.fr\/site\/?s={search_term_string}"},"query-input":{"@type":"PropertyValueSpecification","valueRequired":true,"valueName":"search_term_string"}}],"inLanguage":"fr-FR"},{"@type":"Organization","@id":"https:\/\/www.cabinet-jvl.fr\/site\/#organization","name":"Cabinet J\u00e9r\u00f4me Valentin-L\u00e9autaud","url":"https:\/\/www.cabinet-jvl.fr\/site\/","logo":{"@type":"ImageObject","inLanguage":"fr-FR","@id":"https:\/\/www.cabinet-jvl.fr\/site\/#\/schema\/logo\/image\/","url":"https:\/\/www.cabinet-jvl.fr\/site\/wp-content\/uploads\/logo-cabinet-jvl-s.png","contentUrl":"https:\/\/www.cabinet-jvl.fr\/site\/wp-content\/uploads\/logo-cabinet-jvl-s.png","width":1044,"height":638,"caption":"Cabinet J\u00e9r\u00f4me Valentin-L\u00e9autaud"},"image":{"@id":"https:\/\/www.cabinet-jvl.fr\/site\/#\/schema\/logo\/image\/"},"sameAs":["https:\/\/www.facebook.com\/CabinetJVL","https:\/\/x.com\/lamethodejvl"]},{"@type":"Person","@id":"https:\/\/www.cabinet-jvl.fr\/site\/#\/schema\/person\/3f7adc0ea0ad8315a1ecc9e4d896e976","name":"J\u00e9r\u00f4me Valentin-L\u00e9autaud","image":{"@type":"ImageObject","inLanguage":"fr-FR","@id":"https:\/\/www.cabinet-jvl.fr\/site\/#\/schema\/person\/image\/","url":"https:\/\/secure.gravatar.com\/avatar\/3c7df8595cbb6a5b80fff35e6641c1b2c9f037f9024948d5a5667177267c4526?s=96&d=mm&r=g","contentUrl":"https:\/\/secure.gravatar.com\/avatar\/3c7df8595cbb6a5b80fff35e6641c1b2c9f037f9024948d5a5667177267c4526?s=96&d=mm&r=g","caption":"J\u00e9r\u00f4me Valentin-L\u00e9autaud"},"sameAs":["https:\/\/www.cabinet-jvl.fr\/site"],"url":"https:\/\/www.cabinet-jvl.fr\/site\/author\/hcy3e\/"}]}},"_links":{"self":[{"href":"https:\/\/www.cabinet-jvl.fr\/site\/wp-json\/wp\/v2\/posts\/1399","targetHints":{"allow":["GET"]}}],"collection":[{"href":"https:\/\/www.cabinet-jvl.fr\/site\/wp-json\/wp\/v2\/posts"}],"about":[{"href":"https:\/\/www.cabinet-jvl.fr\/site\/wp-json\/wp\/v2\/types\/post"}],"author":[{"embeddable":true,"href":"https:\/\/www.cabinet-jvl.fr\/site\/wp-json\/wp\/v2\/users\/1"}],"replies":[{"embeddable":true,"href":"https:\/\/www.cabinet-jvl.fr\/site\/wp-json\/wp\/v2\/comments?post=1399"}],"version-history":[{"count":1,"href":"https:\/\/www.cabinet-jvl.fr\/site\/wp-json\/wp\/v2\/posts\/1399\/revisions"}],"predecessor-version":[{"id":1401,"href":"https:\/\/www.cabinet-jvl.fr\/site\/wp-json\/wp\/v2\/posts\/1399\/revisions\/1401"}],"wp:featuredmedia":[{"embeddable":true,"href":"https:\/\/www.cabinet-jvl.fr\/site\/wp-json\/wp\/v2\/media\/1400"}],"wp:attachment":[{"href":"https:\/\/www.cabinet-jvl.fr\/site\/wp-json\/wp\/v2\/media?parent=1399"}],"wp:term":[{"taxonomy":"category","embeddable":true,"href":"https:\/\/www.cabinet-jvl.fr\/site\/wp-json\/wp\/v2\/categories?post=1399"},{"taxonomy":"post_tag","embeddable":true,"href":"https:\/\/www.cabinet-jvl.fr\/site\/wp-json\/wp\/v2\/tags?post=1399"}],"curies":[{"name":"wp","href":"https:\/\/api.w.org\/{rel}","templated":true}]}}