{"id":1393,"date":"2024-06-28T15:45:53","date_gmt":"2024-06-28T13:45:53","guid":{"rendered":"https:\/\/www.cabinet-jvl.fr\/site\/?p=1393"},"modified":"2024-07-09T15:49:05","modified_gmt":"2024-07-09T13:49:05","slug":"juste-avant-lete","status":"publish","type":"post","link":"https:\/\/www.cabinet-jvl.fr\/site\/2024\/06\/28\/juste-avant-lete\/","title":{"rendered":"Juste avant l&#8217;\u00e9t\u00e9&#8230;"},"content":{"rendered":"\n<p>Hier, deux temps forts de supervision et d&#8217;analyse des pratiques, l&#8217;un avec une \u00e9quipe d&#8217;infirmi\u00e8res, l&#8217;autre avec une \u00e9quipe de travailleurs sociaux.<\/p>\n\n\n\n<!--more-->\n\n\n\n<p>&#8211; <strong>Fin d&#8217;un cycle de supervision<\/strong> pour une \u00e9quipe d&#8217;infirmier\u2022e\u2022s que j&#8217;ai eu le plaisir d&#8217;accompagner durant un certain temps, une belle page \u00e9crite avec des professionnel\u2022le\u2022s pour qui l&#8217;analyse des pratiques professionnelles &#8211; supervision (APP-S) n&#8217;est pas suffisamment d\u00e9velopp\u00e9e ce qui se traduit en mati\u00e8re d&#8217;usure professionnelle, de turn-over, d&#8217;\u00e9puisement et de dynamique d&#8217;\u00e9quipe&#8230;<\/p>\n\n\n\n<p>&#8211; <strong>Derni\u00e8re s\u00e9ance, avant la pause estivale d&#8217;APP-S<\/strong> pour les travailleurs sociaux du <a href=\"https:\/\/www.antibes-juanlespins.com\/vivre-a-antibes\/le-centre-communal-daction-sociale\">CCAS d&#8217;Antibes Juan les Pins<\/a>, que j&#8217;aurai le plaisir de retrouver en septembre afin de poursuivre un travail r\u00e9flexif et engag\u00e9 dans l&#8217;am\u00e9lioration continue des pratiques professionnelles d&#8217;accompagnement social aux b\u00e9n\u00e9fices des usagers.<\/p>\n\n\n\n<p>Aujourd&#8217;hui s\u00e9ances et d\u00e9veloppement de projets \u00e0 venir avec quelques personnes ! je vous en dis plus bient\u00f4t.<\/p>\n","protected":false},"excerpt":{"rendered":"<p>Hier, deux temps forts de supervision et d&#8217;analyse des pratiques, l&#8217;un avec une \u00e9quipe d&#8217;infirmi\u00e8res, l&#8217;autre avec une \u00e9quipe de travailleurs sociaux.<\/p>\n","protected":false},"author":1,"featured_media":1394,"comment_status":"open","ping_status":"open","sticky":false,"template":"","format":"standard","meta":{"footnotes":""},"categories":[7],"tags":[31,135,28,136],"class_list":["post-1393","post","type-post","status-publish","format-standard","has-post-thumbnail","hentry","category-a-la-une","tag-analyse-des-pratiques","tag-infirmieres","tag-supervision","tag-travailleurs-sociaux"],"yoast_head":"<!-- This site is optimized with the Yoast SEO plugin v23.6 - https:\/\/yoast.com\/wordpress\/plugins\/seo\/ -->\n<title>Juste avant l&#039;\u00e9t\u00e9... - Cabinet JVL<\/title>\n<meta name=\"robots\" content=\"index, follow, max-snippet:-1, max-image-preview:large, max-video-preview:-1\" \/>\n<link rel=\"canonical\" href=\"https:\/\/www.cabinet-jvl.fr\/site\/2024\/06\/28\/juste-avant-lete\/\" \/>\n<meta property=\"og:locale\" content=\"fr_FR\" \/>\n<meta property=\"og:type\" content=\"article\" \/>\n<meta property=\"og:title\" content=\"Juste avant l&#039;\u00e9t\u00e9... - Cabinet JVL\" \/>\n<meta property=\"og:description\" content=\"Hier, deux temps forts de supervision et d&#8217;analyse des pratiques, l&#8217;un avec une \u00e9quipe d&#8217;infirmi\u00e8res, l&#8217;autre avec une \u00e9quipe de travailleurs sociaux.\" \/>\n<meta property=\"og:url\" content=\"https:\/\/www.cabinet-jvl.fr\/site\/2024\/06\/28\/juste-avant-lete\/\" \/>\n<meta property=\"og:site_name\" content=\"Cabinet JVL\" \/>\n<meta property=\"article:publisher\" content=\"https:\/\/www.facebook.com\/CabinetJVL\" \/>\n<meta property=\"article:published_time\" content=\"2024-06-28T13:45:53+00:00\" \/>\n<meta property=\"article:modified_time\" content=\"2024-07-09T13:49:05+00:00\" \/>\n<meta property=\"og:image\" content=\"https:\/\/www.cabinet-jvl.fr\/site\/wp-content\/uploads\/JVL-par-Romain-Jacquot.jpg\" \/>\n\t<meta property=\"og:image:width\" content=\"1703\" \/>\n\t<meta property=\"og:image:height\" content=\"1703\" \/>\n\t<meta property=\"og:image:type\" content=\"image\/jpeg\" \/>\n<meta name=\"author\" content=\"J\u00e9r\u00f4me Valentin-L\u00e9autaud\" \/>\n<meta name=\"twitter:card\" content=\"summary_large_image\" \/>\n<meta name=\"twitter:creator\" content=\"@lamethodejvl\" \/>\n<meta name=\"twitter:site\" content=\"@lamethodejvl\" \/>\n<meta name=\"twitter:label1\" content=\"\u00c9crit par\" \/>\n\t<meta name=\"twitter:data1\" content=\"J\u00e9r\u00f4me Valentin-L\u00e9autaud\" \/>\n\t<meta name=\"twitter:label2\" content=\"Dur\u00e9e de lecture estim\u00e9e\" \/>\n\t<meta name=\"twitter:data2\" content=\"1 minute\" \/>\n<script type=\"application\/ld+json\" class=\"yoast-schema-graph\">{\"@context\":\"https:\/\/schema.org\",\"@graph\":[{\"@type\":\"Article\",\"@id\":\"https:\/\/www.cabinet-jvl.fr\/site\/2024\/06\/28\/juste-avant-lete\/#article\",\"isPartOf\":{\"@id\":\"https:\/\/www.cabinet-jvl.fr\/site\/2024\/06\/28\/juste-avant-lete\/\"},\"author\":{\"name\":\"J\u00e9r\u00f4me Valentin-L\u00e9autaud\",\"@id\":\"https:\/\/www.cabinet-jvl.fr\/site\/#\/schema\/person\/3f7adc0ea0ad8315a1ecc9e4d896e976\"},\"headline\":\"Juste avant l&#8217;\u00e9t\u00e9&#8230;\",\"datePublished\":\"2024-06-28T13:45:53+00:00\",\"dateModified\":\"2024-07-09T13:49:05+00:00\",\"mainEntityOfPage\":{\"@id\":\"https:\/\/www.cabinet-jvl.fr\/site\/2024\/06\/28\/juste-avant-lete\/\"},\"wordCount\":179,\"commentCount\":0,\"publisher\":{\"@id\":\"https:\/\/www.cabinet-jvl.fr\/site\/#organization\"},\"image\":{\"@id\":\"https:\/\/www.cabinet-jvl.fr\/site\/2024\/06\/28\/juste-avant-lete\/#primaryimage\"},\"thumbnailUrl\":\"https:\/\/www.cabinet-jvl.fr\/site\/wp-content\/uploads\/JVL-par-Romain-Jacquot.jpg\",\"keywords\":[\"Analyse des pratiques\",\"Infirmi\u00e8res\",\"Supervision\",\"Travailleurs sociaux\"],\"articleSection\":[\"A la Une\"],\"inLanguage\":\"fr-FR\",\"potentialAction\":[{\"@type\":\"CommentAction\",\"name\":\"Comment\",\"target\":[\"https:\/\/www.cabinet-jvl.fr\/site\/2024\/06\/28\/juste-avant-lete\/#respond\"]}]},{\"@type\":\"WebPage\",\"@id\":\"https:\/\/www.cabinet-jvl.fr\/site\/2024\/06\/28\/juste-avant-lete\/\",\"url\":\"https:\/\/www.cabinet-jvl.fr\/site\/2024\/06\/28\/juste-avant-lete\/\",\"name\":\"Juste avant l'\u00e9t\u00e9... - Cabinet JVL\",\"isPartOf\":{\"@id\":\"https:\/\/www.cabinet-jvl.fr\/site\/#website\"},\"primaryImageOfPage\":{\"@id\":\"https:\/\/www.cabinet-jvl.fr\/site\/2024\/06\/28\/juste-avant-lete\/#primaryimage\"},\"image\":{\"@id\":\"https:\/\/www.cabinet-jvl.fr\/site\/2024\/06\/28\/juste-avant-lete\/#primaryimage\"},\"thumbnailUrl\":\"https:\/\/www.cabinet-jvl.fr\/site\/wp-content\/uploads\/JVL-par-Romain-Jacquot.jpg\",\"datePublished\":\"2024-06-28T13:45:53+00:00\",\"dateModified\":\"2024-07-09T13:49:05+00:00\",\"breadcrumb\":{\"@id\":\"https:\/\/www.cabinet-jvl.fr\/site\/2024\/06\/28\/juste-avant-lete\/#breadcrumb\"},\"inLanguage\":\"fr-FR\",\"potentialAction\":[{\"@type\":\"ReadAction\",\"target\":[\"https:\/\/www.cabinet-jvl.fr\/site\/2024\/06\/28\/juste-avant-lete\/\"]}]},{\"@type\":\"ImageObject\",\"inLanguage\":\"fr-FR\",\"@id\":\"https:\/\/www.cabinet-jvl.fr\/site\/2024\/06\/28\/juste-avant-lete\/#primaryimage\",\"url\":\"https:\/\/www.cabinet-jvl.fr\/site\/wp-content\/uploads\/JVL-par-Romain-Jacquot.jpg\",\"contentUrl\":\"https:\/\/www.cabinet-jvl.fr\/site\/wp-content\/uploads\/JVL-par-Romain-Jacquot.jpg\",\"width\":1703,\"height\":1703,\"caption\":\"Photo par Romain Jacquot\"},{\"@type\":\"BreadcrumbList\",\"@id\":\"https:\/\/www.cabinet-jvl.fr\/site\/2024\/06\/28\/juste-avant-lete\/#breadcrumb\",\"itemListElement\":[{\"@type\":\"ListItem\",\"position\":1,\"name\":\"Accueil\",\"item\":\"https:\/\/www.cabinet-jvl.fr\/site\/\"},{\"@type\":\"ListItem\",\"position\":2,\"name\":\"Juste avant l&#8217;\u00e9t\u00e9&#8230;\"}]},{\"@type\":\"WebSite\",\"@id\":\"https:\/\/www.cabinet-jvl.fr\/site\/#website\",\"url\":\"https:\/\/www.cabinet-jvl.fr\/site\/\",\"name\":\"Cabinet JVL\",\"description\":\"J\u00e9r\u00f4me Valentin-L\u00e9autaud, Th\u00e9rapeute Consultant et Formateur \u00e0 Nice\",\"publisher\":{\"@id\":\"https:\/\/www.cabinet-jvl.fr\/site\/#organization\"},\"potentialAction\":[{\"@type\":\"SearchAction\",\"target\":{\"@type\":\"EntryPoint\",\"urlTemplate\":\"https:\/\/www.cabinet-jvl.fr\/site\/?s={search_term_string}\"},\"query-input\":{\"@type\":\"PropertyValueSpecification\",\"valueRequired\":true,\"valueName\":\"search_term_string\"}}],\"inLanguage\":\"fr-FR\"},{\"@type\":\"Organization\",\"@id\":\"https:\/\/www.cabinet-jvl.fr\/site\/#organization\",\"name\":\"Cabinet J\u00e9r\u00f4me Valentin-L\u00e9autaud\",\"url\":\"https:\/\/www.cabinet-jvl.fr\/site\/\",\"logo\":{\"@type\":\"ImageObject\",\"inLanguage\":\"fr-FR\",\"@id\":\"https:\/\/www.cabinet-jvl.fr\/site\/#\/schema\/logo\/image\/\",\"url\":\"https:\/\/www.cabinet-jvl.fr\/site\/wp-content\/uploads\/logo-cabinet-jvl-s.png\",\"contentUrl\":\"https:\/\/www.cabinet-jvl.fr\/site\/wp-content\/uploads\/logo-cabinet-jvl-s.png\",\"width\":1044,\"height\":638,\"caption\":\"Cabinet J\u00e9r\u00f4me Valentin-L\u00e9autaud\"},\"image\":{\"@id\":\"https:\/\/www.cabinet-jvl.fr\/site\/#\/schema\/logo\/image\/\"},\"sameAs\":[\"https:\/\/www.facebook.com\/CabinetJVL\",\"https:\/\/x.com\/lamethodejvl\"]},{\"@type\":\"Person\",\"@id\":\"https:\/\/www.cabinet-jvl.fr\/site\/#\/schema\/person\/3f7adc0ea0ad8315a1ecc9e4d896e976\",\"name\":\"J\u00e9r\u00f4me Valentin-L\u00e9autaud\",\"image\":{\"@type\":\"ImageObject\",\"inLanguage\":\"fr-FR\",\"@id\":\"https:\/\/www.cabinet-jvl.fr\/site\/#\/schema\/person\/image\/\",\"url\":\"https:\/\/secure.gravatar.com\/avatar\/3c7df8595cbb6a5b80fff35e6641c1b2c9f037f9024948d5a5667177267c4526?s=96&d=mm&r=g\",\"contentUrl\":\"https:\/\/secure.gravatar.com\/avatar\/3c7df8595cbb6a5b80fff35e6641c1b2c9f037f9024948d5a5667177267c4526?s=96&d=mm&r=g\",\"caption\":\"J\u00e9r\u00f4me Valentin-L\u00e9autaud\"},\"sameAs\":[\"https:\/\/www.cabinet-jvl.fr\/site\"],\"url\":\"https:\/\/www.cabinet-jvl.fr\/site\/author\/hcy3e\/\"}]}<\/script>\n<!-- \/ Yoast SEO plugin. -->","yoast_head_json":{"title":"Juste avant l'\u00e9t\u00e9... - Cabinet JVL","robots":{"index":"index","follow":"follow","max-snippet":"max-snippet:-1","max-image-preview":"max-image-preview:large","max-video-preview":"max-video-preview:-1"},"canonical":"https:\/\/www.cabinet-jvl.fr\/site\/2024\/06\/28\/juste-avant-lete\/","og_locale":"fr_FR","og_type":"article","og_title":"Juste avant l'\u00e9t\u00e9... - Cabinet JVL","og_description":"Hier, deux temps forts de supervision et d&#8217;analyse des pratiques, l&#8217;un avec une \u00e9quipe d&#8217;infirmi\u00e8res, l&#8217;autre avec une \u00e9quipe de travailleurs sociaux.","og_url":"https:\/\/www.cabinet-jvl.fr\/site\/2024\/06\/28\/juste-avant-lete\/","og_site_name":"Cabinet JVL","article_publisher":"https:\/\/www.facebook.com\/CabinetJVL","article_published_time":"2024-06-28T13:45:53+00:00","article_modified_time":"2024-07-09T13:49:05+00:00","og_image":[{"width":1703,"height":1703,"url":"https:\/\/www.cabinet-jvl.fr\/site\/wp-content\/uploads\/JVL-par-Romain-Jacquot.jpg","type":"image\/jpeg"}],"author":"J\u00e9r\u00f4me Valentin-L\u00e9autaud","twitter_card":"summary_large_image","twitter_creator":"@lamethodejvl","twitter_site":"@lamethodejvl","twitter_misc":{"\u00c9crit par":"J\u00e9r\u00f4me Valentin-L\u00e9autaud","Dur\u00e9e de lecture estim\u00e9e":"1 minute"},"schema":{"@context":"https:\/\/schema.org","@graph":[{"@type":"Article","@id":"https:\/\/www.cabinet-jvl.fr\/site\/2024\/06\/28\/juste-avant-lete\/#article","isPartOf":{"@id":"https:\/\/www.cabinet-jvl.fr\/site\/2024\/06\/28\/juste-avant-lete\/"},"author":{"name":"J\u00e9r\u00f4me Valentin-L\u00e9autaud","@id":"https:\/\/www.cabinet-jvl.fr\/site\/#\/schema\/person\/3f7adc0ea0ad8315a1ecc9e4d896e976"},"headline":"Juste avant l&#8217;\u00e9t\u00e9&#8230;","datePublished":"2024-06-28T13:45:53+00:00","dateModified":"2024-07-09T13:49:05+00:00","mainEntityOfPage":{"@id":"https:\/\/www.cabinet-jvl.fr\/site\/2024\/06\/28\/juste-avant-lete\/"},"wordCount":179,"commentCount":0,"publisher":{"@id":"https:\/\/www.cabinet-jvl.fr\/site\/#organization"},"image":{"@id":"https:\/\/www.cabinet-jvl.fr\/site\/2024\/06\/28\/juste-avant-lete\/#primaryimage"},"thumbnailUrl":"https:\/\/www.cabinet-jvl.fr\/site\/wp-content\/uploads\/JVL-par-Romain-Jacquot.jpg","keywords":["Analyse des pratiques","Infirmi\u00e8res","Supervision","Travailleurs sociaux"],"articleSection":["A la Une"],"inLanguage":"fr-FR","potentialAction":[{"@type":"CommentAction","name":"Comment","target":["https:\/\/www.cabinet-jvl.fr\/site\/2024\/06\/28\/juste-avant-lete\/#respond"]}]},{"@type":"WebPage","@id":"https:\/\/www.cabinet-jvl.fr\/site\/2024\/06\/28\/juste-avant-lete\/","url":"https:\/\/www.cabinet-jvl.fr\/site\/2024\/06\/28\/juste-avant-lete\/","name":"Juste avant l'\u00e9t\u00e9... - Cabinet JVL","isPartOf":{"@id":"https:\/\/www.cabinet-jvl.fr\/site\/#website"},"primaryImageOfPage":{"@id":"https:\/\/www.cabinet-jvl.fr\/site\/2024\/06\/28\/juste-avant-lete\/#primaryimage"},"image":{"@id":"https:\/\/www.cabinet-jvl.fr\/site\/2024\/06\/28\/juste-avant-lete\/#primaryimage"},"thumbnailUrl":"https:\/\/www.cabinet-jvl.fr\/site\/wp-content\/uploads\/JVL-par-Romain-Jacquot.jpg","datePublished":"2024-06-28T13:45:53+00:00","dateModified":"2024-07-09T13:49:05+00:00","breadcrumb":{"@id":"https:\/\/www.cabinet-jvl.fr\/site\/2024\/06\/28\/juste-avant-lete\/#breadcrumb"},"inLanguage":"fr-FR","potentialAction":[{"@type":"ReadAction","target":["https:\/\/www.cabinet-jvl.fr\/site\/2024\/06\/28\/juste-avant-lete\/"]}]},{"@type":"ImageObject","inLanguage":"fr-FR","@id":"https:\/\/www.cabinet-jvl.fr\/site\/2024\/06\/28\/juste-avant-lete\/#primaryimage","url":"https:\/\/www.cabinet-jvl.fr\/site\/wp-content\/uploads\/JVL-par-Romain-Jacquot.jpg","contentUrl":"https:\/\/www.cabinet-jvl.fr\/site\/wp-content\/uploads\/JVL-par-Romain-Jacquot.jpg","width":1703,"height":1703,"caption":"Photo par Romain Jacquot"},{"@type":"BreadcrumbList","@id":"https:\/\/www.cabinet-jvl.fr\/site\/2024\/06\/28\/juste-avant-lete\/#breadcrumb","itemListElement":[{"@type":"ListItem","position":1,"name":"Accueil","item":"https:\/\/www.cabinet-jvl.fr\/site\/"},{"@type":"ListItem","position":2,"name":"Juste avant l&#8217;\u00e9t\u00e9&#8230;"}]},{"@type":"WebSite","@id":"https:\/\/www.cabinet-jvl.fr\/site\/#website","url":"https:\/\/www.cabinet-jvl.fr\/site\/","name":"Cabinet JVL","description":"J\u00e9r\u00f4me Valentin-L\u00e9autaud, Th\u00e9rapeute Consultant et Formateur \u00e0 Nice","publisher":{"@id":"https:\/\/www.cabinet-jvl.fr\/site\/#organization"},"potentialAction":[{"@type":"SearchAction","target":{"@type":"EntryPoint","urlTemplate":"https:\/\/www.cabinet-jvl.fr\/site\/?s={search_term_string}"},"query-input":{"@type":"PropertyValueSpecification","valueRequired":true,"valueName":"search_term_string"}}],"inLanguage":"fr-FR"},{"@type":"Organization","@id":"https:\/\/www.cabinet-jvl.fr\/site\/#organization","name":"Cabinet J\u00e9r\u00f4me Valentin-L\u00e9autaud","url":"https:\/\/www.cabinet-jvl.fr\/site\/","logo":{"@type":"ImageObject","inLanguage":"fr-FR","@id":"https:\/\/www.cabinet-jvl.fr\/site\/#\/schema\/logo\/image\/","url":"https:\/\/www.cabinet-jvl.fr\/site\/wp-content\/uploads\/logo-cabinet-jvl-s.png","contentUrl":"https:\/\/www.cabinet-jvl.fr\/site\/wp-content\/uploads\/logo-cabinet-jvl-s.png","width":1044,"height":638,"caption":"Cabinet J\u00e9r\u00f4me Valentin-L\u00e9autaud"},"image":{"@id":"https:\/\/www.cabinet-jvl.fr\/site\/#\/schema\/logo\/image\/"},"sameAs":["https:\/\/www.facebook.com\/CabinetJVL","https:\/\/x.com\/lamethodejvl"]},{"@type":"Person","@id":"https:\/\/www.cabinet-jvl.fr\/site\/#\/schema\/person\/3f7adc0ea0ad8315a1ecc9e4d896e976","name":"J\u00e9r\u00f4me Valentin-L\u00e9autaud","image":{"@type":"ImageObject","inLanguage":"fr-FR","@id":"https:\/\/www.cabinet-jvl.fr\/site\/#\/schema\/person\/image\/","url":"https:\/\/secure.gravatar.com\/avatar\/3c7df8595cbb6a5b80fff35e6641c1b2c9f037f9024948d5a5667177267c4526?s=96&d=mm&r=g","contentUrl":"https:\/\/secure.gravatar.com\/avatar\/3c7df8595cbb6a5b80fff35e6641c1b2c9f037f9024948d5a5667177267c4526?s=96&d=mm&r=g","caption":"J\u00e9r\u00f4me Valentin-L\u00e9autaud"},"sameAs":["https:\/\/www.cabinet-jvl.fr\/site"],"url":"https:\/\/www.cabinet-jvl.fr\/site\/author\/hcy3e\/"}]}},"_links":{"self":[{"href":"https:\/\/www.cabinet-jvl.fr\/site\/wp-json\/wp\/v2\/posts\/1393","targetHints":{"allow":["GET"]}}],"collection":[{"href":"https:\/\/www.cabinet-jvl.fr\/site\/wp-json\/wp\/v2\/posts"}],"about":[{"href":"https:\/\/www.cabinet-jvl.fr\/site\/wp-json\/wp\/v2\/types\/post"}],"author":[{"embeddable":true,"href":"https:\/\/www.cabinet-jvl.fr\/site\/wp-json\/wp\/v2\/users\/1"}],"replies":[{"embeddable":true,"href":"https:\/\/www.cabinet-jvl.fr\/site\/wp-json\/wp\/v2\/comments?post=1393"}],"version-history":[{"count":1,"href":"https:\/\/www.cabinet-jvl.fr\/site\/wp-json\/wp\/v2\/posts\/1393\/revisions"}],"predecessor-version":[{"id":1395,"href":"https:\/\/www.cabinet-jvl.fr\/site\/wp-json\/wp\/v2\/posts\/1393\/revisions\/1395"}],"wp:featuredmedia":[{"embeddable":true,"href":"https:\/\/www.cabinet-jvl.fr\/site\/wp-json\/wp\/v2\/media\/1394"}],"wp:attachment":[{"href":"https:\/\/www.cabinet-jvl.fr\/site\/wp-json\/wp\/v2\/media?parent=1393"}],"wp:term":[{"taxonomy":"category","embeddable":true,"href":"https:\/\/www.cabinet-jvl.fr\/site\/wp-json\/wp\/v2\/categories?post=1393"},{"taxonomy":"post_tag","embeddable":true,"href":"https:\/\/www.cabinet-jvl.fr\/site\/wp-json\/wp\/v2\/tags?post=1393"}],"curies":[{"name":"wp","href":"https:\/\/api.w.org\/{rel}","templated":true}]}}