{"id":1371,"date":"2024-06-17T15:24:25","date_gmt":"2024-06-17T13:24:25","guid":{"rendered":"https:\/\/www.cabinet-jvl.fr\/site\/?p=1371"},"modified":"2024-07-09T15:26:04","modified_gmt":"2024-07-09T13:26:04","slug":"ces-biais-qui-nous-gouvernent","status":"publish","type":"post","link":"https:\/\/www.cabinet-jvl.fr\/site\/2024\/06\/17\/ces-biais-qui-nous-gouvernent\/","title":{"rendered":"Ces biais qui nous gouvernent&#8230;"},"content":{"rendered":"\n<p>Pens\u00e9e du matin : le probl\u00e8me quand les gens ne raisonnent pas sur la base de faits mais de fantasmes est qu&#8217;ils se construisent une r\u00e9alit\u00e9 encore plus subjective qu&#8217;elle ne l&#8217;est d\u00e9j\u00e0 initialement.<\/p>\n\n\n\n<!--more-->\n\n\n\n<p>Le biais de confirmation d\u2019hypoth\u00e8se* accentue encore le ph\u00e9nom\u00e8ne ce qui rend les \u00e9changes de moins en moins riches et simples, et de plus en plus clivants. Il contribue \u00e0 enfermer chacun dans sa &#8220;v\u00e9rit\u00e9 subjective&#8221; perdant de vue la mat\u00e9rialit\u00e9 des faits, du r\u00e9el et du vrai dans sa complexit\u00e9 et ses nuances.<\/p>\n\n\n\n<p>Le cercle vicieux est boucl\u00e9 de fa\u00e7on syst\u00e9mique quand les m\u00e9dias, les responsables politiques ou autres prennent fonctions de catalyseurs, amplificateurs et diffuseurs de &#8220;verit\u00e9s subjectives&#8221;&#8230;<\/p>\n\n\n\n<p>Il y a un &#8220;d\u00e9calage entre la r\u00e9alit\u00e9 des pratiques et la prolif\u00e9ration des croyances d\u00e9lirantes&#8221; pour reprendre les justes mots de Arnaud Brennetot, Professeur des Universit\u00e9s qui prend l&#8217;exemple de l&#8217;\u00e9volution en France des crimes et d\u00e9lits pour 1000 habitants depuis 1960.<\/p>\n\n\n\n<p>* biais de confirmation d&#8217;hypoth\u00e8se : est une tendance cognitive qui pousse les individus \u00e0 favoriser les informations qui confirment leurs croyances ou hypoth\u00e8ses pr\u00e9existantes, tout en ignorant ou minimisant les informations qui les contredisent. Ce biais peut affecter la prise de d\u00e9cision et le raisonnement, car les gens cherchent, interpr\u00e8tent et se souviennent des informations de mani\u00e8re s\u00e9lective pour conforter leurs id\u00e9es initiales.<\/p>\n","protected":false},"excerpt":{"rendered":"<p>Pens\u00e9e du matin : le probl\u00e8me quand les gens ne raisonnent pas sur la base de faits mais de fantasmes est qu&#8217;ils se construisent une r\u00e9alit\u00e9 encore plus subjective qu&#8217;elle ne l&#8217;est d\u00e9j\u00e0 initialement.<\/p>\n","protected":false},"author":1,"featured_media":1372,"comment_status":"open","ping_status":"open","sticky":false,"template":"","format":"standard","meta":{"footnotes":""},"categories":[7],"tags":[121,123,122,124],"class_list":["post-1371","post","type-post","status-publish","format-standard","has-post-thumbnail","hentry","category-a-la-une","tag-biais","tag-chiffres","tag-hypotheses","tag-statistiques"],"yoast_head":"<!-- This site is optimized with the Yoast SEO plugin v23.6 - https:\/\/yoast.com\/wordpress\/plugins\/seo\/ -->\n<title>Ces biais qui nous gouvernent... - Cabinet JVL<\/title>\n<meta name=\"robots\" content=\"index, follow, max-snippet:-1, max-image-preview:large, max-video-preview:-1\" \/>\n<link rel=\"canonical\" href=\"https:\/\/www.cabinet-jvl.fr\/site\/2024\/06\/17\/ces-biais-qui-nous-gouvernent\/\" \/>\n<meta property=\"og:locale\" content=\"fr_FR\" \/>\n<meta property=\"og:type\" content=\"article\" \/>\n<meta property=\"og:title\" content=\"Ces biais qui nous gouvernent... - Cabinet JVL\" \/>\n<meta property=\"og:description\" content=\"Pens\u00e9e du matin : le probl\u00e8me quand les gens ne raisonnent pas sur la base de faits mais de fantasmes est qu&#8217;ils se construisent une r\u00e9alit\u00e9 encore plus subjective qu&#8217;elle ne l&#8217;est d\u00e9j\u00e0 initialement.\" \/>\n<meta property=\"og:url\" content=\"https:\/\/www.cabinet-jvl.fr\/site\/2024\/06\/17\/ces-biais-qui-nous-gouvernent\/\" \/>\n<meta property=\"og:site_name\" content=\"Cabinet JVL\" \/>\n<meta property=\"article:publisher\" content=\"https:\/\/www.facebook.com\/CabinetJVL\" \/>\n<meta property=\"article:published_time\" content=\"2024-06-17T13:24:25+00:00\" \/>\n<meta property=\"article:modified_time\" content=\"2024-07-09T13:26:04+00:00\" \/>\n<meta property=\"og:image\" content=\"https:\/\/www.cabinet-jvl.fr\/site\/wp-content\/uploads\/Billet-taux-crimes-et-delit.jpg\" \/>\n\t<meta property=\"og:image:width\" content=\"548\" \/>\n\t<meta property=\"og:image:height\" content=\"496\" \/>\n\t<meta property=\"og:image:type\" content=\"image\/jpeg\" \/>\n<meta name=\"author\" content=\"J\u00e9r\u00f4me Valentin-L\u00e9autaud\" \/>\n<meta name=\"twitter:card\" content=\"summary_large_image\" \/>\n<meta name=\"twitter:creator\" content=\"@lamethodejvl\" \/>\n<meta name=\"twitter:site\" content=\"@lamethodejvl\" \/>\n<meta name=\"twitter:label1\" content=\"\u00c9crit par\" \/>\n\t<meta name=\"twitter:data1\" content=\"J\u00e9r\u00f4me Valentin-L\u00e9autaud\" \/>\n\t<meta name=\"twitter:label2\" content=\"Dur\u00e9e de lecture estim\u00e9e\" \/>\n\t<meta name=\"twitter:data2\" content=\"2 minutes\" \/>\n<script type=\"application\/ld+json\" class=\"yoast-schema-graph\">{\"@context\":\"https:\/\/schema.org\",\"@graph\":[{\"@type\":\"Article\",\"@id\":\"https:\/\/www.cabinet-jvl.fr\/site\/2024\/06\/17\/ces-biais-qui-nous-gouvernent\/#article\",\"isPartOf\":{\"@id\":\"https:\/\/www.cabinet-jvl.fr\/site\/2024\/06\/17\/ces-biais-qui-nous-gouvernent\/\"},\"author\":{\"name\":\"J\u00e9r\u00f4me Valentin-L\u00e9autaud\",\"@id\":\"https:\/\/www.cabinet-jvl.fr\/site\/#\/schema\/person\/3f7adc0ea0ad8315a1ecc9e4d896e976\"},\"headline\":\"Ces biais qui nous gouvernent&#8230;\",\"datePublished\":\"2024-06-17T13:24:25+00:00\",\"dateModified\":\"2024-07-09T13:26:04+00:00\",\"mainEntityOfPage\":{\"@id\":\"https:\/\/www.cabinet-jvl.fr\/site\/2024\/06\/17\/ces-biais-qui-nous-gouvernent\/\"},\"wordCount\":254,\"commentCount\":0,\"publisher\":{\"@id\":\"https:\/\/www.cabinet-jvl.fr\/site\/#organization\"},\"image\":{\"@id\":\"https:\/\/www.cabinet-jvl.fr\/site\/2024\/06\/17\/ces-biais-qui-nous-gouvernent\/#primaryimage\"},\"thumbnailUrl\":\"https:\/\/www.cabinet-jvl.fr\/site\/wp-content\/uploads\/Billet-taux-crimes-et-delit.jpg\",\"keywords\":[\"Biais\",\"Chiffres\",\"Hypoth\u00e8ses\",\"Statistiques\"],\"articleSection\":[\"A la Une\"],\"inLanguage\":\"fr-FR\",\"potentialAction\":[{\"@type\":\"CommentAction\",\"name\":\"Comment\",\"target\":[\"https:\/\/www.cabinet-jvl.fr\/site\/2024\/06\/17\/ces-biais-qui-nous-gouvernent\/#respond\"]}]},{\"@type\":\"WebPage\",\"@id\":\"https:\/\/www.cabinet-jvl.fr\/site\/2024\/06\/17\/ces-biais-qui-nous-gouvernent\/\",\"url\":\"https:\/\/www.cabinet-jvl.fr\/site\/2024\/06\/17\/ces-biais-qui-nous-gouvernent\/\",\"name\":\"Ces biais qui nous gouvernent... - Cabinet JVL\",\"isPartOf\":{\"@id\":\"https:\/\/www.cabinet-jvl.fr\/site\/#website\"},\"primaryImageOfPage\":{\"@id\":\"https:\/\/www.cabinet-jvl.fr\/site\/2024\/06\/17\/ces-biais-qui-nous-gouvernent\/#primaryimage\"},\"image\":{\"@id\":\"https:\/\/www.cabinet-jvl.fr\/site\/2024\/06\/17\/ces-biais-qui-nous-gouvernent\/#primaryimage\"},\"thumbnailUrl\":\"https:\/\/www.cabinet-jvl.fr\/site\/wp-content\/uploads\/Billet-taux-crimes-et-delit.jpg\",\"datePublished\":\"2024-06-17T13:24:25+00:00\",\"dateModified\":\"2024-07-09T13:26:04+00:00\",\"breadcrumb\":{\"@id\":\"https:\/\/www.cabinet-jvl.fr\/site\/2024\/06\/17\/ces-biais-qui-nous-gouvernent\/#breadcrumb\"},\"inLanguage\":\"fr-FR\",\"potentialAction\":[{\"@type\":\"ReadAction\",\"target\":[\"https:\/\/www.cabinet-jvl.fr\/site\/2024\/06\/17\/ces-biais-qui-nous-gouvernent\/\"]}]},{\"@type\":\"ImageObject\",\"inLanguage\":\"fr-FR\",\"@id\":\"https:\/\/www.cabinet-jvl.fr\/site\/2024\/06\/17\/ces-biais-qui-nous-gouvernent\/#primaryimage\",\"url\":\"https:\/\/www.cabinet-jvl.fr\/site\/wp-content\/uploads\/Billet-taux-crimes-et-delit.jpg\",\"contentUrl\":\"https:\/\/www.cabinet-jvl.fr\/site\/wp-content\/uploads\/Billet-taux-crimes-et-delit.jpg\",\"width\":548,\"height\":496},{\"@type\":\"BreadcrumbList\",\"@id\":\"https:\/\/www.cabinet-jvl.fr\/site\/2024\/06\/17\/ces-biais-qui-nous-gouvernent\/#breadcrumb\",\"itemListElement\":[{\"@type\":\"ListItem\",\"position\":1,\"name\":\"Accueil\",\"item\":\"https:\/\/www.cabinet-jvl.fr\/site\/\"},{\"@type\":\"ListItem\",\"position\":2,\"name\":\"Ces biais qui nous gouvernent&#8230;\"}]},{\"@type\":\"WebSite\",\"@id\":\"https:\/\/www.cabinet-jvl.fr\/site\/#website\",\"url\":\"https:\/\/www.cabinet-jvl.fr\/site\/\",\"name\":\"Cabinet JVL\",\"description\":\"J\u00e9r\u00f4me Valentin-L\u00e9autaud, Th\u00e9rapeute Consultant et Formateur \u00e0 Nice\",\"publisher\":{\"@id\":\"https:\/\/www.cabinet-jvl.fr\/site\/#organization\"},\"potentialAction\":[{\"@type\":\"SearchAction\",\"target\":{\"@type\":\"EntryPoint\",\"urlTemplate\":\"https:\/\/www.cabinet-jvl.fr\/site\/?s={search_term_string}\"},\"query-input\":{\"@type\":\"PropertyValueSpecification\",\"valueRequired\":true,\"valueName\":\"search_term_string\"}}],\"inLanguage\":\"fr-FR\"},{\"@type\":\"Organization\",\"@id\":\"https:\/\/www.cabinet-jvl.fr\/site\/#organization\",\"name\":\"Cabinet J\u00e9r\u00f4me Valentin-L\u00e9autaud\",\"url\":\"https:\/\/www.cabinet-jvl.fr\/site\/\",\"logo\":{\"@type\":\"ImageObject\",\"inLanguage\":\"fr-FR\",\"@id\":\"https:\/\/www.cabinet-jvl.fr\/site\/#\/schema\/logo\/image\/\",\"url\":\"https:\/\/www.cabinet-jvl.fr\/site\/wp-content\/uploads\/logo-cabinet-jvl-s.png\",\"contentUrl\":\"https:\/\/www.cabinet-jvl.fr\/site\/wp-content\/uploads\/logo-cabinet-jvl-s.png\",\"width\":1044,\"height\":638,\"caption\":\"Cabinet J\u00e9r\u00f4me Valentin-L\u00e9autaud\"},\"image\":{\"@id\":\"https:\/\/www.cabinet-jvl.fr\/site\/#\/schema\/logo\/image\/\"},\"sameAs\":[\"https:\/\/www.facebook.com\/CabinetJVL\",\"https:\/\/x.com\/lamethodejvl\"]},{\"@type\":\"Person\",\"@id\":\"https:\/\/www.cabinet-jvl.fr\/site\/#\/schema\/person\/3f7adc0ea0ad8315a1ecc9e4d896e976\",\"name\":\"J\u00e9r\u00f4me Valentin-L\u00e9autaud\",\"image\":{\"@type\":\"ImageObject\",\"inLanguage\":\"fr-FR\",\"@id\":\"https:\/\/www.cabinet-jvl.fr\/site\/#\/schema\/person\/image\/\",\"url\":\"https:\/\/secure.gravatar.com\/avatar\/3c7df8595cbb6a5b80fff35e6641c1b2c9f037f9024948d5a5667177267c4526?s=96&d=mm&r=g\",\"contentUrl\":\"https:\/\/secure.gravatar.com\/avatar\/3c7df8595cbb6a5b80fff35e6641c1b2c9f037f9024948d5a5667177267c4526?s=96&d=mm&r=g\",\"caption\":\"J\u00e9r\u00f4me Valentin-L\u00e9autaud\"},\"sameAs\":[\"https:\/\/www.cabinet-jvl.fr\/site\"],\"url\":\"https:\/\/www.cabinet-jvl.fr\/site\/author\/hcy3e\/\"}]}<\/script>\n<!-- \/ Yoast SEO plugin. -->","yoast_head_json":{"title":"Ces biais qui nous gouvernent... - Cabinet JVL","robots":{"index":"index","follow":"follow","max-snippet":"max-snippet:-1","max-image-preview":"max-image-preview:large","max-video-preview":"max-video-preview:-1"},"canonical":"https:\/\/www.cabinet-jvl.fr\/site\/2024\/06\/17\/ces-biais-qui-nous-gouvernent\/","og_locale":"fr_FR","og_type":"article","og_title":"Ces biais qui nous gouvernent... - Cabinet JVL","og_description":"Pens\u00e9e du matin : le probl\u00e8me quand les gens ne raisonnent pas sur la base de faits mais de fantasmes est qu&#8217;ils se construisent une r\u00e9alit\u00e9 encore plus subjective qu&#8217;elle ne l&#8217;est d\u00e9j\u00e0 initialement.","og_url":"https:\/\/www.cabinet-jvl.fr\/site\/2024\/06\/17\/ces-biais-qui-nous-gouvernent\/","og_site_name":"Cabinet JVL","article_publisher":"https:\/\/www.facebook.com\/CabinetJVL","article_published_time":"2024-06-17T13:24:25+00:00","article_modified_time":"2024-07-09T13:26:04+00:00","og_image":[{"width":548,"height":496,"url":"https:\/\/www.cabinet-jvl.fr\/site\/wp-content\/uploads\/Billet-taux-crimes-et-delit.jpg","type":"image\/jpeg"}],"author":"J\u00e9r\u00f4me Valentin-L\u00e9autaud","twitter_card":"summary_large_image","twitter_creator":"@lamethodejvl","twitter_site":"@lamethodejvl","twitter_misc":{"\u00c9crit par":"J\u00e9r\u00f4me Valentin-L\u00e9autaud","Dur\u00e9e de lecture estim\u00e9e":"2 minutes"},"schema":{"@context":"https:\/\/schema.org","@graph":[{"@type":"Article","@id":"https:\/\/www.cabinet-jvl.fr\/site\/2024\/06\/17\/ces-biais-qui-nous-gouvernent\/#article","isPartOf":{"@id":"https:\/\/www.cabinet-jvl.fr\/site\/2024\/06\/17\/ces-biais-qui-nous-gouvernent\/"},"author":{"name":"J\u00e9r\u00f4me Valentin-L\u00e9autaud","@id":"https:\/\/www.cabinet-jvl.fr\/site\/#\/schema\/person\/3f7adc0ea0ad8315a1ecc9e4d896e976"},"headline":"Ces biais qui nous gouvernent&#8230;","datePublished":"2024-06-17T13:24:25+00:00","dateModified":"2024-07-09T13:26:04+00:00","mainEntityOfPage":{"@id":"https:\/\/www.cabinet-jvl.fr\/site\/2024\/06\/17\/ces-biais-qui-nous-gouvernent\/"},"wordCount":254,"commentCount":0,"publisher":{"@id":"https:\/\/www.cabinet-jvl.fr\/site\/#organization"},"image":{"@id":"https:\/\/www.cabinet-jvl.fr\/site\/2024\/06\/17\/ces-biais-qui-nous-gouvernent\/#primaryimage"},"thumbnailUrl":"https:\/\/www.cabinet-jvl.fr\/site\/wp-content\/uploads\/Billet-taux-crimes-et-delit.jpg","keywords":["Biais","Chiffres","Hypoth\u00e8ses","Statistiques"],"articleSection":["A la Une"],"inLanguage":"fr-FR","potentialAction":[{"@type":"CommentAction","name":"Comment","target":["https:\/\/www.cabinet-jvl.fr\/site\/2024\/06\/17\/ces-biais-qui-nous-gouvernent\/#respond"]}]},{"@type":"WebPage","@id":"https:\/\/www.cabinet-jvl.fr\/site\/2024\/06\/17\/ces-biais-qui-nous-gouvernent\/","url":"https:\/\/www.cabinet-jvl.fr\/site\/2024\/06\/17\/ces-biais-qui-nous-gouvernent\/","name":"Ces biais qui nous gouvernent... - Cabinet JVL","isPartOf":{"@id":"https:\/\/www.cabinet-jvl.fr\/site\/#website"},"primaryImageOfPage":{"@id":"https:\/\/www.cabinet-jvl.fr\/site\/2024\/06\/17\/ces-biais-qui-nous-gouvernent\/#primaryimage"},"image":{"@id":"https:\/\/www.cabinet-jvl.fr\/site\/2024\/06\/17\/ces-biais-qui-nous-gouvernent\/#primaryimage"},"thumbnailUrl":"https:\/\/www.cabinet-jvl.fr\/site\/wp-content\/uploads\/Billet-taux-crimes-et-delit.jpg","datePublished":"2024-06-17T13:24:25+00:00","dateModified":"2024-07-09T13:26:04+00:00","breadcrumb":{"@id":"https:\/\/www.cabinet-jvl.fr\/site\/2024\/06\/17\/ces-biais-qui-nous-gouvernent\/#breadcrumb"},"inLanguage":"fr-FR","potentialAction":[{"@type":"ReadAction","target":["https:\/\/www.cabinet-jvl.fr\/site\/2024\/06\/17\/ces-biais-qui-nous-gouvernent\/"]}]},{"@type":"ImageObject","inLanguage":"fr-FR","@id":"https:\/\/www.cabinet-jvl.fr\/site\/2024\/06\/17\/ces-biais-qui-nous-gouvernent\/#primaryimage","url":"https:\/\/www.cabinet-jvl.fr\/site\/wp-content\/uploads\/Billet-taux-crimes-et-delit.jpg","contentUrl":"https:\/\/www.cabinet-jvl.fr\/site\/wp-content\/uploads\/Billet-taux-crimes-et-delit.jpg","width":548,"height":496},{"@type":"BreadcrumbList","@id":"https:\/\/www.cabinet-jvl.fr\/site\/2024\/06\/17\/ces-biais-qui-nous-gouvernent\/#breadcrumb","itemListElement":[{"@type":"ListItem","position":1,"name":"Accueil","item":"https:\/\/www.cabinet-jvl.fr\/site\/"},{"@type":"ListItem","position":2,"name":"Ces biais qui nous gouvernent&#8230;"}]},{"@type":"WebSite","@id":"https:\/\/www.cabinet-jvl.fr\/site\/#website","url":"https:\/\/www.cabinet-jvl.fr\/site\/","name":"Cabinet JVL","description":"J\u00e9r\u00f4me Valentin-L\u00e9autaud, Th\u00e9rapeute Consultant et Formateur \u00e0 Nice","publisher":{"@id":"https:\/\/www.cabinet-jvl.fr\/site\/#organization"},"potentialAction":[{"@type":"SearchAction","target":{"@type":"EntryPoint","urlTemplate":"https:\/\/www.cabinet-jvl.fr\/site\/?s={search_term_string}"},"query-input":{"@type":"PropertyValueSpecification","valueRequired":true,"valueName":"search_term_string"}}],"inLanguage":"fr-FR"},{"@type":"Organization","@id":"https:\/\/www.cabinet-jvl.fr\/site\/#organization","name":"Cabinet J\u00e9r\u00f4me Valentin-L\u00e9autaud","url":"https:\/\/www.cabinet-jvl.fr\/site\/","logo":{"@type":"ImageObject","inLanguage":"fr-FR","@id":"https:\/\/www.cabinet-jvl.fr\/site\/#\/schema\/logo\/image\/","url":"https:\/\/www.cabinet-jvl.fr\/site\/wp-content\/uploads\/logo-cabinet-jvl-s.png","contentUrl":"https:\/\/www.cabinet-jvl.fr\/site\/wp-content\/uploads\/logo-cabinet-jvl-s.png","width":1044,"height":638,"caption":"Cabinet J\u00e9r\u00f4me Valentin-L\u00e9autaud"},"image":{"@id":"https:\/\/www.cabinet-jvl.fr\/site\/#\/schema\/logo\/image\/"},"sameAs":["https:\/\/www.facebook.com\/CabinetJVL","https:\/\/x.com\/lamethodejvl"]},{"@type":"Person","@id":"https:\/\/www.cabinet-jvl.fr\/site\/#\/schema\/person\/3f7adc0ea0ad8315a1ecc9e4d896e976","name":"J\u00e9r\u00f4me Valentin-L\u00e9autaud","image":{"@type":"ImageObject","inLanguage":"fr-FR","@id":"https:\/\/www.cabinet-jvl.fr\/site\/#\/schema\/person\/image\/","url":"https:\/\/secure.gravatar.com\/avatar\/3c7df8595cbb6a5b80fff35e6641c1b2c9f037f9024948d5a5667177267c4526?s=96&d=mm&r=g","contentUrl":"https:\/\/secure.gravatar.com\/avatar\/3c7df8595cbb6a5b80fff35e6641c1b2c9f037f9024948d5a5667177267c4526?s=96&d=mm&r=g","caption":"J\u00e9r\u00f4me Valentin-L\u00e9autaud"},"sameAs":["https:\/\/www.cabinet-jvl.fr\/site"],"url":"https:\/\/www.cabinet-jvl.fr\/site\/author\/hcy3e\/"}]}},"_links":{"self":[{"href":"https:\/\/www.cabinet-jvl.fr\/site\/wp-json\/wp\/v2\/posts\/1371","targetHints":{"allow":["GET"]}}],"collection":[{"href":"https:\/\/www.cabinet-jvl.fr\/site\/wp-json\/wp\/v2\/posts"}],"about":[{"href":"https:\/\/www.cabinet-jvl.fr\/site\/wp-json\/wp\/v2\/types\/post"}],"author":[{"embeddable":true,"href":"https:\/\/www.cabinet-jvl.fr\/site\/wp-json\/wp\/v2\/users\/1"}],"replies":[{"embeddable":true,"href":"https:\/\/www.cabinet-jvl.fr\/site\/wp-json\/wp\/v2\/comments?post=1371"}],"version-history":[{"count":2,"href":"https:\/\/www.cabinet-jvl.fr\/site\/wp-json\/wp\/v2\/posts\/1371\/revisions"}],"predecessor-version":[{"id":1374,"href":"https:\/\/www.cabinet-jvl.fr\/site\/wp-json\/wp\/v2\/posts\/1371\/revisions\/1374"}],"wp:featuredmedia":[{"embeddable":true,"href":"https:\/\/www.cabinet-jvl.fr\/site\/wp-json\/wp\/v2\/media\/1372"}],"wp:attachment":[{"href":"https:\/\/www.cabinet-jvl.fr\/site\/wp-json\/wp\/v2\/media?parent=1371"}],"wp:term":[{"taxonomy":"category","embeddable":true,"href":"https:\/\/www.cabinet-jvl.fr\/site\/wp-json\/wp\/v2\/categories?post=1371"},{"taxonomy":"post_tag","embeddable":true,"href":"https:\/\/www.cabinet-jvl.fr\/site\/wp-json\/wp\/v2\/tags?post=1371"}],"curies":[{"name":"wp","href":"https:\/\/api.w.org\/{rel}","templated":true}]}}