{"id":1309,"date":"2024-03-18T14:39:14","date_gmt":"2024-03-18T12:39:14","guid":{"rendered":"https:\/\/www.cabinet-jvl.fr\/site\/?p=1309"},"modified":"2024-05-31T14:41:48","modified_gmt":"2024-05-31T12:41:48","slug":"analyse-des-pratiques-professionnelles-pour-la-fondation-de-nice","status":"publish","type":"post","link":"https:\/\/www.cabinet-jvl.fr\/site\/2024\/03\/18\/analyse-des-pratiques-professionnelles-pour-la-fondation-de-nice\/","title":{"rendered":"Analyse des pratiques professionnelles pour la Fondation de Nice"},"content":{"rendered":"\n<p>Ce lundi, session d&#8217;analyse des pratiques professionnelles (APP) &#8211; supervision pour les professionnel\u00b7le\u00b7s de la &#8220;Plateforme de services Jeunes&#8221; de la <a href=\"https:\/\/www.facebook.com\/FondationDeNice\">Fondation de Nice<\/a>, Patronage Saint-Pierre Actes.<\/p>\n\n\n\n<!--more-->\n\n\n\n<p>Les APP sont des temps importants d&#8217;\u00e9changes r\u00e9flexifs qui visent la mise en perspective et la prise de recule sur des th\u00e9matiques complexes rep\u00e9r\u00e9es et v\u00e9cues au quotidien par les professionnel\u00b7le\u00b7s de l&#8217;accompagnement.<\/p>\n","protected":false},"excerpt":{"rendered":"<p>Ce lundi, session d&#8217;analyse des pratiques professionnelles (APP) &#8211; supervision pour les professionnel\u00b7le\u00b7s de la &#8220;Plateforme de services Jeunes&#8221; de la Fondation de Nice, Patronage Saint-Pierre Actes.<\/p>\n","protected":false},"author":1,"featured_media":1310,"comment_status":"open","ping_status":"open","sticky":false,"template":"","format":"standard","meta":{"footnotes":""},"categories":[7],"tags":[31,85,84,86],"class_list":["post-1309","post","type-post","status-publish","format-standard","has-post-thumbnail","hentry","category-a-la-une","tag-analyse-des-pratiques","tag-analyse-des-pratiques-professionnelles","tag-fondation-de-nice","tag-plateforme-de-services-jeunes"],"yoast_head":"<!-- This site is optimized with the Yoast SEO plugin v23.6 - https:\/\/yoast.com\/wordpress\/plugins\/seo\/ -->\n<title>Analyse des pratiques professionnelles pour la Fondation de Nice - Cabinet JVL<\/title>\n<meta name=\"robots\" content=\"index, follow, max-snippet:-1, max-image-preview:large, max-video-preview:-1\" \/>\n<link rel=\"canonical\" href=\"https:\/\/www.cabinet-jvl.fr\/site\/2024\/03\/18\/analyse-des-pratiques-professionnelles-pour-la-fondation-de-nice\/\" \/>\n<meta property=\"og:locale\" content=\"fr_FR\" \/>\n<meta property=\"og:type\" content=\"article\" \/>\n<meta property=\"og:title\" content=\"Analyse des pratiques professionnelles pour la Fondation de Nice - Cabinet JVL\" \/>\n<meta property=\"og:description\" content=\"Ce lundi, session d&#8217;analyse des pratiques professionnelles (APP) &#8211; supervision pour les professionnel\u00b7le\u00b7s de la &#8220;Plateforme de services Jeunes&#8221; de la Fondation de Nice, Patronage Saint-Pierre Actes.\" \/>\n<meta property=\"og:url\" content=\"https:\/\/www.cabinet-jvl.fr\/site\/2024\/03\/18\/analyse-des-pratiques-professionnelles-pour-la-fondation-de-nice\/\" \/>\n<meta property=\"og:site_name\" content=\"Cabinet JVL\" \/>\n<meta property=\"article:publisher\" content=\"https:\/\/www.facebook.com\/CabinetJVL\" \/>\n<meta property=\"article:published_time\" content=\"2024-03-18T12:39:14+00:00\" \/>\n<meta property=\"article:modified_time\" content=\"2024-05-31T12:41:48+00:00\" \/>\n<meta property=\"og:image\" content=\"https:\/\/www.cabinet-jvl.fr\/site\/wp-content\/uploads\/Fondation-de-Nice.jpg\" \/>\n\t<meta property=\"og:image:width\" content=\"526\" \/>\n\t<meta property=\"og:image:height\" content=\"526\" \/>\n\t<meta property=\"og:image:type\" content=\"image\/jpeg\" \/>\n<meta name=\"author\" content=\"J\u00e9r\u00f4me Valentin-L\u00e9autaud\" \/>\n<meta name=\"twitter:card\" content=\"summary_large_image\" \/>\n<meta name=\"twitter:creator\" content=\"@lamethodejvl\" \/>\n<meta name=\"twitter:site\" content=\"@lamethodejvl\" \/>\n<meta name=\"twitter:label1\" content=\"\u00c9crit par\" \/>\n\t<meta name=\"twitter:data1\" content=\"J\u00e9r\u00f4me Valentin-L\u00e9autaud\" \/>\n<script type=\"application\/ld+json\" class=\"yoast-schema-graph\">{\"@context\":\"https:\/\/schema.org\",\"@graph\":[{\"@type\":\"Article\",\"@id\":\"https:\/\/www.cabinet-jvl.fr\/site\/2024\/03\/18\/analyse-des-pratiques-professionnelles-pour-la-fondation-de-nice\/#article\",\"isPartOf\":{\"@id\":\"https:\/\/www.cabinet-jvl.fr\/site\/2024\/03\/18\/analyse-des-pratiques-professionnelles-pour-la-fondation-de-nice\/\"},\"author\":{\"name\":\"J\u00e9r\u00f4me Valentin-L\u00e9autaud\",\"@id\":\"https:\/\/www.cabinet-jvl.fr\/site\/#\/schema\/person\/3f7adc0ea0ad8315a1ecc9e4d896e976\"},\"headline\":\"Analyse des pratiques professionnelles pour la Fondation de Nice\",\"datePublished\":\"2024-03-18T12:39:14+00:00\",\"dateModified\":\"2024-05-31T12:41:48+00:00\",\"mainEntityOfPage\":{\"@id\":\"https:\/\/www.cabinet-jvl.fr\/site\/2024\/03\/18\/analyse-des-pratiques-professionnelles-pour-la-fondation-de-nice\/\"},\"wordCount\":81,\"commentCount\":0,\"publisher\":{\"@id\":\"https:\/\/www.cabinet-jvl.fr\/site\/#organization\"},\"image\":{\"@id\":\"https:\/\/www.cabinet-jvl.fr\/site\/2024\/03\/18\/analyse-des-pratiques-professionnelles-pour-la-fondation-de-nice\/#primaryimage\"},\"thumbnailUrl\":\"https:\/\/www.cabinet-jvl.fr\/site\/wp-content\/uploads\/Fondation-de-Nice.jpg\",\"keywords\":[\"Analyse des pratiques\",\"analyse des pratiques professionnelles\",\"Fondation de Nice\",\"Plateforme de services Jeunes\"],\"articleSection\":[\"A la Une\"],\"inLanguage\":\"fr-FR\",\"potentialAction\":[{\"@type\":\"CommentAction\",\"name\":\"Comment\",\"target\":[\"https:\/\/www.cabinet-jvl.fr\/site\/2024\/03\/18\/analyse-des-pratiques-professionnelles-pour-la-fondation-de-nice\/#respond\"]}]},{\"@type\":\"WebPage\",\"@id\":\"https:\/\/www.cabinet-jvl.fr\/site\/2024\/03\/18\/analyse-des-pratiques-professionnelles-pour-la-fondation-de-nice\/\",\"url\":\"https:\/\/www.cabinet-jvl.fr\/site\/2024\/03\/18\/analyse-des-pratiques-professionnelles-pour-la-fondation-de-nice\/\",\"name\":\"Analyse des pratiques professionnelles pour la Fondation de Nice - Cabinet JVL\",\"isPartOf\":{\"@id\":\"https:\/\/www.cabinet-jvl.fr\/site\/#website\"},\"primaryImageOfPage\":{\"@id\":\"https:\/\/www.cabinet-jvl.fr\/site\/2024\/03\/18\/analyse-des-pratiques-professionnelles-pour-la-fondation-de-nice\/#primaryimage\"},\"image\":{\"@id\":\"https:\/\/www.cabinet-jvl.fr\/site\/2024\/03\/18\/analyse-des-pratiques-professionnelles-pour-la-fondation-de-nice\/#primaryimage\"},\"thumbnailUrl\":\"https:\/\/www.cabinet-jvl.fr\/site\/wp-content\/uploads\/Fondation-de-Nice.jpg\",\"datePublished\":\"2024-03-18T12:39:14+00:00\",\"dateModified\":\"2024-05-31T12:41:48+00:00\",\"breadcrumb\":{\"@id\":\"https:\/\/www.cabinet-jvl.fr\/site\/2024\/03\/18\/analyse-des-pratiques-professionnelles-pour-la-fondation-de-nice\/#breadcrumb\"},\"inLanguage\":\"fr-FR\",\"potentialAction\":[{\"@type\":\"ReadAction\",\"target\":[\"https:\/\/www.cabinet-jvl.fr\/site\/2024\/03\/18\/analyse-des-pratiques-professionnelles-pour-la-fondation-de-nice\/\"]}]},{\"@type\":\"ImageObject\",\"inLanguage\":\"fr-FR\",\"@id\":\"https:\/\/www.cabinet-jvl.fr\/site\/2024\/03\/18\/analyse-des-pratiques-professionnelles-pour-la-fondation-de-nice\/#primaryimage\",\"url\":\"https:\/\/www.cabinet-jvl.fr\/site\/wp-content\/uploads\/Fondation-de-Nice.jpg\",\"contentUrl\":\"https:\/\/www.cabinet-jvl.fr\/site\/wp-content\/uploads\/Fondation-de-Nice.jpg\",\"width\":526,\"height\":526},{\"@type\":\"BreadcrumbList\",\"@id\":\"https:\/\/www.cabinet-jvl.fr\/site\/2024\/03\/18\/analyse-des-pratiques-professionnelles-pour-la-fondation-de-nice\/#breadcrumb\",\"itemListElement\":[{\"@type\":\"ListItem\",\"position\":1,\"name\":\"Accueil\",\"item\":\"https:\/\/www.cabinet-jvl.fr\/site\/\"},{\"@type\":\"ListItem\",\"position\":2,\"name\":\"Analyse des pratiques professionnelles pour la Fondation de Nice\"}]},{\"@type\":\"WebSite\",\"@id\":\"https:\/\/www.cabinet-jvl.fr\/site\/#website\",\"url\":\"https:\/\/www.cabinet-jvl.fr\/site\/\",\"name\":\"Cabinet JVL\",\"description\":\"J\u00e9r\u00f4me Valentin-L\u00e9autaud, Th\u00e9rapeute Consultant et Formateur \u00e0 Nice\",\"publisher\":{\"@id\":\"https:\/\/www.cabinet-jvl.fr\/site\/#organization\"},\"potentialAction\":[{\"@type\":\"SearchAction\",\"target\":{\"@type\":\"EntryPoint\",\"urlTemplate\":\"https:\/\/www.cabinet-jvl.fr\/site\/?s={search_term_string}\"},\"query-input\":{\"@type\":\"PropertyValueSpecification\",\"valueRequired\":true,\"valueName\":\"search_term_string\"}}],\"inLanguage\":\"fr-FR\"},{\"@type\":\"Organization\",\"@id\":\"https:\/\/www.cabinet-jvl.fr\/site\/#organization\",\"name\":\"Cabinet J\u00e9r\u00f4me Valentin-L\u00e9autaud\",\"url\":\"https:\/\/www.cabinet-jvl.fr\/site\/\",\"logo\":{\"@type\":\"ImageObject\",\"inLanguage\":\"fr-FR\",\"@id\":\"https:\/\/www.cabinet-jvl.fr\/site\/#\/schema\/logo\/image\/\",\"url\":\"https:\/\/www.cabinet-jvl.fr\/site\/wp-content\/uploads\/logo-cabinet-jvl-s.png\",\"contentUrl\":\"https:\/\/www.cabinet-jvl.fr\/site\/wp-content\/uploads\/logo-cabinet-jvl-s.png\",\"width\":1044,\"height\":638,\"caption\":\"Cabinet J\u00e9r\u00f4me Valentin-L\u00e9autaud\"},\"image\":{\"@id\":\"https:\/\/www.cabinet-jvl.fr\/site\/#\/schema\/logo\/image\/\"},\"sameAs\":[\"https:\/\/www.facebook.com\/CabinetJVL\",\"https:\/\/x.com\/lamethodejvl\"]},{\"@type\":\"Person\",\"@id\":\"https:\/\/www.cabinet-jvl.fr\/site\/#\/schema\/person\/3f7adc0ea0ad8315a1ecc9e4d896e976\",\"name\":\"J\u00e9r\u00f4me Valentin-L\u00e9autaud\",\"image\":{\"@type\":\"ImageObject\",\"inLanguage\":\"fr-FR\",\"@id\":\"https:\/\/www.cabinet-jvl.fr\/site\/#\/schema\/person\/image\/\",\"url\":\"https:\/\/secure.gravatar.com\/avatar\/3c7df8595cbb6a5b80fff35e6641c1b2c9f037f9024948d5a5667177267c4526?s=96&d=mm&r=g\",\"contentUrl\":\"https:\/\/secure.gravatar.com\/avatar\/3c7df8595cbb6a5b80fff35e6641c1b2c9f037f9024948d5a5667177267c4526?s=96&d=mm&r=g\",\"caption\":\"J\u00e9r\u00f4me Valentin-L\u00e9autaud\"},\"sameAs\":[\"https:\/\/www.cabinet-jvl.fr\/site\"],\"url\":\"https:\/\/www.cabinet-jvl.fr\/site\/author\/hcy3e\/\"}]}<\/script>\n<!-- \/ Yoast SEO plugin. -->","yoast_head_json":{"title":"Analyse des pratiques professionnelles pour la Fondation de Nice - Cabinet JVL","robots":{"index":"index","follow":"follow","max-snippet":"max-snippet:-1","max-image-preview":"max-image-preview:large","max-video-preview":"max-video-preview:-1"},"canonical":"https:\/\/www.cabinet-jvl.fr\/site\/2024\/03\/18\/analyse-des-pratiques-professionnelles-pour-la-fondation-de-nice\/","og_locale":"fr_FR","og_type":"article","og_title":"Analyse des pratiques professionnelles pour la Fondation de Nice - Cabinet JVL","og_description":"Ce lundi, session d&#8217;analyse des pratiques professionnelles (APP) &#8211; supervision pour les professionnel\u00b7le\u00b7s de la &#8220;Plateforme de services Jeunes&#8221; de la Fondation de Nice, Patronage Saint-Pierre Actes.","og_url":"https:\/\/www.cabinet-jvl.fr\/site\/2024\/03\/18\/analyse-des-pratiques-professionnelles-pour-la-fondation-de-nice\/","og_site_name":"Cabinet JVL","article_publisher":"https:\/\/www.facebook.com\/CabinetJVL","article_published_time":"2024-03-18T12:39:14+00:00","article_modified_time":"2024-05-31T12:41:48+00:00","og_image":[{"width":526,"height":526,"url":"https:\/\/www.cabinet-jvl.fr\/site\/wp-content\/uploads\/Fondation-de-Nice.jpg","type":"image\/jpeg"}],"author":"J\u00e9r\u00f4me Valentin-L\u00e9autaud","twitter_card":"summary_large_image","twitter_creator":"@lamethodejvl","twitter_site":"@lamethodejvl","twitter_misc":{"\u00c9crit par":"J\u00e9r\u00f4me Valentin-L\u00e9autaud"},"schema":{"@context":"https:\/\/schema.org","@graph":[{"@type":"Article","@id":"https:\/\/www.cabinet-jvl.fr\/site\/2024\/03\/18\/analyse-des-pratiques-professionnelles-pour-la-fondation-de-nice\/#article","isPartOf":{"@id":"https:\/\/www.cabinet-jvl.fr\/site\/2024\/03\/18\/analyse-des-pratiques-professionnelles-pour-la-fondation-de-nice\/"},"author":{"name":"J\u00e9r\u00f4me Valentin-L\u00e9autaud","@id":"https:\/\/www.cabinet-jvl.fr\/site\/#\/schema\/person\/3f7adc0ea0ad8315a1ecc9e4d896e976"},"headline":"Analyse des pratiques professionnelles pour la Fondation de Nice","datePublished":"2024-03-18T12:39:14+00:00","dateModified":"2024-05-31T12:41:48+00:00","mainEntityOfPage":{"@id":"https:\/\/www.cabinet-jvl.fr\/site\/2024\/03\/18\/analyse-des-pratiques-professionnelles-pour-la-fondation-de-nice\/"},"wordCount":81,"commentCount":0,"publisher":{"@id":"https:\/\/www.cabinet-jvl.fr\/site\/#organization"},"image":{"@id":"https:\/\/www.cabinet-jvl.fr\/site\/2024\/03\/18\/analyse-des-pratiques-professionnelles-pour-la-fondation-de-nice\/#primaryimage"},"thumbnailUrl":"https:\/\/www.cabinet-jvl.fr\/site\/wp-content\/uploads\/Fondation-de-Nice.jpg","keywords":["Analyse des pratiques","analyse des pratiques professionnelles","Fondation de Nice","Plateforme de services Jeunes"],"articleSection":["A la Une"],"inLanguage":"fr-FR","potentialAction":[{"@type":"CommentAction","name":"Comment","target":["https:\/\/www.cabinet-jvl.fr\/site\/2024\/03\/18\/analyse-des-pratiques-professionnelles-pour-la-fondation-de-nice\/#respond"]}]},{"@type":"WebPage","@id":"https:\/\/www.cabinet-jvl.fr\/site\/2024\/03\/18\/analyse-des-pratiques-professionnelles-pour-la-fondation-de-nice\/","url":"https:\/\/www.cabinet-jvl.fr\/site\/2024\/03\/18\/analyse-des-pratiques-professionnelles-pour-la-fondation-de-nice\/","name":"Analyse des pratiques professionnelles pour la Fondation de Nice - Cabinet JVL","isPartOf":{"@id":"https:\/\/www.cabinet-jvl.fr\/site\/#website"},"primaryImageOfPage":{"@id":"https:\/\/www.cabinet-jvl.fr\/site\/2024\/03\/18\/analyse-des-pratiques-professionnelles-pour-la-fondation-de-nice\/#primaryimage"},"image":{"@id":"https:\/\/www.cabinet-jvl.fr\/site\/2024\/03\/18\/analyse-des-pratiques-professionnelles-pour-la-fondation-de-nice\/#primaryimage"},"thumbnailUrl":"https:\/\/www.cabinet-jvl.fr\/site\/wp-content\/uploads\/Fondation-de-Nice.jpg","datePublished":"2024-03-18T12:39:14+00:00","dateModified":"2024-05-31T12:41:48+00:00","breadcrumb":{"@id":"https:\/\/www.cabinet-jvl.fr\/site\/2024\/03\/18\/analyse-des-pratiques-professionnelles-pour-la-fondation-de-nice\/#breadcrumb"},"inLanguage":"fr-FR","potentialAction":[{"@type":"ReadAction","target":["https:\/\/www.cabinet-jvl.fr\/site\/2024\/03\/18\/analyse-des-pratiques-professionnelles-pour-la-fondation-de-nice\/"]}]},{"@type":"ImageObject","inLanguage":"fr-FR","@id":"https:\/\/www.cabinet-jvl.fr\/site\/2024\/03\/18\/analyse-des-pratiques-professionnelles-pour-la-fondation-de-nice\/#primaryimage","url":"https:\/\/www.cabinet-jvl.fr\/site\/wp-content\/uploads\/Fondation-de-Nice.jpg","contentUrl":"https:\/\/www.cabinet-jvl.fr\/site\/wp-content\/uploads\/Fondation-de-Nice.jpg","width":526,"height":526},{"@type":"BreadcrumbList","@id":"https:\/\/www.cabinet-jvl.fr\/site\/2024\/03\/18\/analyse-des-pratiques-professionnelles-pour-la-fondation-de-nice\/#breadcrumb","itemListElement":[{"@type":"ListItem","position":1,"name":"Accueil","item":"https:\/\/www.cabinet-jvl.fr\/site\/"},{"@type":"ListItem","position":2,"name":"Analyse des pratiques professionnelles pour la Fondation de Nice"}]},{"@type":"WebSite","@id":"https:\/\/www.cabinet-jvl.fr\/site\/#website","url":"https:\/\/www.cabinet-jvl.fr\/site\/","name":"Cabinet JVL","description":"J\u00e9r\u00f4me Valentin-L\u00e9autaud, Th\u00e9rapeute Consultant et Formateur \u00e0 Nice","publisher":{"@id":"https:\/\/www.cabinet-jvl.fr\/site\/#organization"},"potentialAction":[{"@type":"SearchAction","target":{"@type":"EntryPoint","urlTemplate":"https:\/\/www.cabinet-jvl.fr\/site\/?s={search_term_string}"},"query-input":{"@type":"PropertyValueSpecification","valueRequired":true,"valueName":"search_term_string"}}],"inLanguage":"fr-FR"},{"@type":"Organization","@id":"https:\/\/www.cabinet-jvl.fr\/site\/#organization","name":"Cabinet J\u00e9r\u00f4me Valentin-L\u00e9autaud","url":"https:\/\/www.cabinet-jvl.fr\/site\/","logo":{"@type":"ImageObject","inLanguage":"fr-FR","@id":"https:\/\/www.cabinet-jvl.fr\/site\/#\/schema\/logo\/image\/","url":"https:\/\/www.cabinet-jvl.fr\/site\/wp-content\/uploads\/logo-cabinet-jvl-s.png","contentUrl":"https:\/\/www.cabinet-jvl.fr\/site\/wp-content\/uploads\/logo-cabinet-jvl-s.png","width":1044,"height":638,"caption":"Cabinet J\u00e9r\u00f4me Valentin-L\u00e9autaud"},"image":{"@id":"https:\/\/www.cabinet-jvl.fr\/site\/#\/schema\/logo\/image\/"},"sameAs":["https:\/\/www.facebook.com\/CabinetJVL","https:\/\/x.com\/lamethodejvl"]},{"@type":"Person","@id":"https:\/\/www.cabinet-jvl.fr\/site\/#\/schema\/person\/3f7adc0ea0ad8315a1ecc9e4d896e976","name":"J\u00e9r\u00f4me Valentin-L\u00e9autaud","image":{"@type":"ImageObject","inLanguage":"fr-FR","@id":"https:\/\/www.cabinet-jvl.fr\/site\/#\/schema\/person\/image\/","url":"https:\/\/secure.gravatar.com\/avatar\/3c7df8595cbb6a5b80fff35e6641c1b2c9f037f9024948d5a5667177267c4526?s=96&d=mm&r=g","contentUrl":"https:\/\/secure.gravatar.com\/avatar\/3c7df8595cbb6a5b80fff35e6641c1b2c9f037f9024948d5a5667177267c4526?s=96&d=mm&r=g","caption":"J\u00e9r\u00f4me Valentin-L\u00e9autaud"},"sameAs":["https:\/\/www.cabinet-jvl.fr\/site"],"url":"https:\/\/www.cabinet-jvl.fr\/site\/author\/hcy3e\/"}]}},"_links":{"self":[{"href":"https:\/\/www.cabinet-jvl.fr\/site\/wp-json\/wp\/v2\/posts\/1309","targetHints":{"allow":["GET"]}}],"collection":[{"href":"https:\/\/www.cabinet-jvl.fr\/site\/wp-json\/wp\/v2\/posts"}],"about":[{"href":"https:\/\/www.cabinet-jvl.fr\/site\/wp-json\/wp\/v2\/types\/post"}],"author":[{"embeddable":true,"href":"https:\/\/www.cabinet-jvl.fr\/site\/wp-json\/wp\/v2\/users\/1"}],"replies":[{"embeddable":true,"href":"https:\/\/www.cabinet-jvl.fr\/site\/wp-json\/wp\/v2\/comments?post=1309"}],"version-history":[{"count":1,"href":"https:\/\/www.cabinet-jvl.fr\/site\/wp-json\/wp\/v2\/posts\/1309\/revisions"}],"predecessor-version":[{"id":1311,"href":"https:\/\/www.cabinet-jvl.fr\/site\/wp-json\/wp\/v2\/posts\/1309\/revisions\/1311"}],"wp:featuredmedia":[{"embeddable":true,"href":"https:\/\/www.cabinet-jvl.fr\/site\/wp-json\/wp\/v2\/media\/1310"}],"wp:attachment":[{"href":"https:\/\/www.cabinet-jvl.fr\/site\/wp-json\/wp\/v2\/media?parent=1309"}],"wp:term":[{"taxonomy":"category","embeddable":true,"href":"https:\/\/www.cabinet-jvl.fr\/site\/wp-json\/wp\/v2\/categories?post=1309"},{"taxonomy":"post_tag","embeddable":true,"href":"https:\/\/www.cabinet-jvl.fr\/site\/wp-json\/wp\/v2\/tags?post=1309"}],"curies":[{"name":"wp","href":"https:\/\/api.w.org\/{rel}","templated":true}]}}