{"id":1215,"date":"2023-11-02T13:25:11","date_gmt":"2023-11-02T11:25:11","guid":{"rendered":"https:\/\/www.cabinet-jvl.fr\/site\/?p=1215"},"modified":"2023-11-02T13:34:18","modified_gmt":"2023-11-02T11:34:18","slug":"jerome-valentin-leautaud-est-chercheur-associe-clinicien-a-la-chaire-tradis-uqam-canada","status":"publish","type":"post","link":"https:\/\/www.cabinet-jvl.fr\/site\/2023\/11\/02\/jerome-valentin-leautaud-est-chercheur-associe-clinicien-a-la-chaire-tradis-uqam-canada\/","title":{"rendered":"J\u00e9r\u00f4me Valentin-L\u00e9autaud est chercheur associ\u00e9 clinicien \u00e0 la Chaire TRADIS (UQAM &#8211; Canada)"},"content":{"rendered":"\n<p>C&#8217;est avec un grand plaisir et \u00e9galement tr\u00e8s honor\u00e9, que je vous annonce <a href=\"https:\/\/tradis.uqam.ca\/jerome-valentin-leautaud\/\" target=\"_blank\" rel=\"noreferrer noopener\">mon rattachement en tant que chercheur associ\u00e9 clinicien<\/a> \u00e0 <a href=\"https:\/\/tradis.uqam.ca\/la-chaire-tradis\/\" target=\"_blank\" rel=\"noreferrer noopener\">la chaire TRADIS (TRAjectoires, DIversit\u00e9, Substances)<\/a> de <a href=\"https:\/\/uqam.ca\/\" target=\"_blank\" rel=\"noreferrer noopener\">l&#8217;UQAM (Universit\u00e9 de Qu\u00e9bec \u00e0 Montr\u00e9al)<\/a>.<\/p>\n\n\n\n<!--more-->\n\n\n\n<p>Un tr\u00e8s grand remerciement au <a href=\"https:\/\/tradis.uqam.ca\/jorge-flores-aranda\/\" target=\"_blank\" rel=\"noreferrer noopener\">Professeur  Jorge Flores-Aranda<\/a> et \u00e0 ces coll\u00e8gues. Une pens\u00e9e et des remerciements \u00e9galement pour un ami, qui est un v\u00e9ritable trait d&#8217;union transatlantique, en la personne du <a href=\"https:\/\/www.concordia.ca\/faculty\/gilbert-emond.html\" target=\"_blank\" rel=\"noreferrer noopener\">Professeur Gilbert EMOND<\/a> de l&#8217;<a href=\"https:\/\/www.concordia.ca\/\" target=\"_blank\" rel=\"noreferrer noopener\">Universit\u00e9 de Concordia<\/a> \u00e0 Montr\u00e9al .<\/p>\n\n\n\n<p>La chaire TRADIS est donc la &#8220;chaire de recherche du Canada sur les personnes de la diversit\u00e9 sexuelle et de genre (DSG) et leurs trajectoires de consommation de substances psychoactives.<\/p>\n\n\n\n<p>Les travaux de recherche visent \u00e0 comprendre les interrelations entre ces trajectoires et les diff\u00e9rents facteurs d\u2019oppression auxquels les personnes de la DSG sont confront\u00e9es. La compr\u00e9hension de ces interrelations permet de d\u00e9velopper et d\u2019\u00e9valuer l\u2019implantation et les effets d\u2019interventions novatrices bas\u00e9es sur une approche anti-oppressive et de r\u00e9duction des m\u00e9faits, dont des interventions en ligne&#8221; (cf. <a href=\"https:\/\/tradis.uqam.ca\/la-chaire-tradis\/?fbclid=IwAR1vVm1wvQejQBHg9dSCSjdxJuBW3Vrsu-2KSZoYkW7d4qyl2nKXSVSq0jM\" rel=\"noreferrer noopener\" target=\"_blank\">https:\/\/tradis.uqam.ca\/la-chaire-tradis\/<\/a> ).<\/p>\n\n\n\n<p>De beaux projets en perspectives et \u00e0 venir&#8230;<\/p>\n\n\n\n<figure class=\"wp-block-embed is-type-wp-embed is-provider-chaire-de-recherche-du-canada-tradis wp-block-embed-chaire-de-recherche-du-canada-tradis\"><div class=\"wp-block-embed__wrapper\">\n<blockquote class=\"wp-embedded-content\" data-secret=\"ZGnoL2aQl5\"><a href=\"https:\/\/tradis.uqam.ca\/jerome-valentin-leautaud\/\">J\u00e9r\u00f4me VALENTIN-LEAUTAUD<\/a><\/blockquote><iframe loading=\"lazy\" class=\"wp-embedded-content\" sandbox=\"allow-scripts\" security=\"restricted\" style=\"position: absolute; clip: rect(1px, 1px, 1px, 1px);\" title=\"\u00ab\u00a0J\u00e9r\u00f4me VALENTIN-LEAUTAUD\u00a0\u00bb &#8212; Chaire de recherche du Canada TRADIS\" src=\"https:\/\/tradis.uqam.ca\/jerome-valentin-leautaud\/embed\/#?secret=2Rp4fch1eD#?secret=ZGnoL2aQl5\" data-secret=\"ZGnoL2aQl5\" width=\"500\" height=\"282\" frameborder=\"0\" marginwidth=\"0\" marginheight=\"0\" scrolling=\"no\"><\/iframe>\n<\/div><\/figure>\n","protected":false},"excerpt":{"rendered":"<p>C&#8217;est avec un grand plaisir et \u00e9galement tr\u00e8s honor\u00e9, que je vous annonce mon rattachement en tant que chercheur associ\u00e9 clinicien \u00e0 la chaire TRADIS (TRAjectoires, DIversit\u00e9, Substances) de l&#8217;UQAM (Universit\u00e9 de Qu\u00e9bec \u00e0 Montr\u00e9al).<\/p>\n","protected":false},"author":2,"featured_media":1216,"comment_status":"open","ping_status":"open","sticky":false,"template":"","format":"standard","meta":{"footnotes":""},"categories":[7,5,3,4],"tags":[],"class_list":["post-1215","post","type-post","status-publish","format-standard","has-post-thumbnail","hentry","category-a-la-une","category-consulting","category-formation","category-therapie"],"yoast_head":"<!-- This site is optimized with the Yoast SEO plugin v23.6 - https:\/\/yoast.com\/wordpress\/plugins\/seo\/ -->\n<title>J\u00e9r\u00f4me Valentin-L\u00e9autaud est chercheur associ\u00e9 clinicien \u00e0 la Chaire TRADIS (UQAM - Canada) - Cabinet JVL<\/title>\n<meta name=\"robots\" content=\"index, follow, max-snippet:-1, max-image-preview:large, max-video-preview:-1\" \/>\n<link rel=\"canonical\" href=\"https:\/\/www.cabinet-jvl.fr\/site\/2023\/11\/02\/jerome-valentin-leautaud-est-chercheur-associe-clinicien-a-la-chaire-tradis-uqam-canada\/\" \/>\n<meta property=\"og:locale\" content=\"fr_FR\" \/>\n<meta property=\"og:type\" content=\"article\" \/>\n<meta property=\"og:title\" content=\"J\u00e9r\u00f4me Valentin-L\u00e9autaud est chercheur associ\u00e9 clinicien \u00e0 la Chaire TRADIS (UQAM - Canada) - Cabinet JVL\" \/>\n<meta property=\"og:description\" content=\"C&#8217;est avec un grand plaisir et \u00e9galement tr\u00e8s honor\u00e9, que je vous annonce mon rattachement en tant que chercheur associ\u00e9 clinicien \u00e0 la chaire TRADIS (TRAjectoires, DIversit\u00e9, Substances) de l&#8217;UQAM (Universit\u00e9 de Qu\u00e9bec \u00e0 Montr\u00e9al).\" \/>\n<meta property=\"og:url\" content=\"https:\/\/www.cabinet-jvl.fr\/site\/2023\/11\/02\/jerome-valentin-leautaud-est-chercheur-associe-clinicien-a-la-chaire-tradis-uqam-canada\/\" \/>\n<meta property=\"og:site_name\" content=\"Cabinet JVL\" \/>\n<meta property=\"article:publisher\" content=\"https:\/\/www.facebook.com\/CabinetJVL\" \/>\n<meta property=\"article:published_time\" content=\"2023-11-02T11:25:11+00:00\" \/>\n<meta property=\"article:modified_time\" content=\"2023-11-02T11:34:18+00:00\" \/>\n<meta property=\"og:image\" content=\"https:\/\/www.cabinet-jvl.fr\/site\/wp-content\/uploads\/Tradis.png\" \/>\n\t<meta property=\"og:image:width\" content=\"1788\" \/>\n\t<meta property=\"og:image:height\" content=\"1255\" \/>\n\t<meta property=\"og:image:type\" content=\"image\/png\" \/>\n<meta name=\"author\" content=\"J\u00e9r\u00f4me Valentin-L\u00e9autaud\" \/>\n<meta name=\"twitter:card\" content=\"summary_large_image\" \/>\n<meta name=\"twitter:creator\" content=\"@lamethodejvl\" \/>\n<meta name=\"twitter:site\" content=\"@lamethodejvl\" \/>\n<meta name=\"twitter:label1\" content=\"\u00c9crit par\" \/>\n\t<meta name=\"twitter:data1\" content=\"J\u00e9r\u00f4me Valentin-L\u00e9autaud\" \/>\n\t<meta name=\"twitter:label2\" content=\"Dur\u00e9e de lecture estim\u00e9e\" \/>\n\t<meta name=\"twitter:data2\" content=\"1 minute\" \/>\n<script type=\"application\/ld+json\" class=\"yoast-schema-graph\">{\"@context\":\"https:\/\/schema.org\",\"@graph\":[{\"@type\":\"Article\",\"@id\":\"https:\/\/www.cabinet-jvl.fr\/site\/2023\/11\/02\/jerome-valentin-leautaud-est-chercheur-associe-clinicien-a-la-chaire-tradis-uqam-canada\/#article\",\"isPartOf\":{\"@id\":\"https:\/\/www.cabinet-jvl.fr\/site\/2023\/11\/02\/jerome-valentin-leautaud-est-chercheur-associe-clinicien-a-la-chaire-tradis-uqam-canada\/\"},\"author\":{\"name\":\"J\u00e9r\u00f4me Valentin-L\u00e9autaud\",\"@id\":\"https:\/\/www.cabinet-jvl.fr\/site\/#\/schema\/person\/6e5b1c6b96e0d0add241b04222fc3c70\"},\"headline\":\"J\u00e9r\u00f4me Valentin-L\u00e9autaud est chercheur associ\u00e9 clinicien \u00e0 la Chaire TRADIS (UQAM &#8211; Canada)\",\"datePublished\":\"2023-11-02T11:25:11+00:00\",\"dateModified\":\"2023-11-02T11:34:18+00:00\",\"mainEntityOfPage\":{\"@id\":\"https:\/\/www.cabinet-jvl.fr\/site\/2023\/11\/02\/jerome-valentin-leautaud-est-chercheur-associe-clinicien-a-la-chaire-tradis-uqam-canada\/\"},\"wordCount\":213,\"commentCount\":0,\"publisher\":{\"@id\":\"https:\/\/www.cabinet-jvl.fr\/site\/#organization\"},\"image\":{\"@id\":\"https:\/\/www.cabinet-jvl.fr\/site\/2023\/11\/02\/jerome-valentin-leautaud-est-chercheur-associe-clinicien-a-la-chaire-tradis-uqam-canada\/#primaryimage\"},\"thumbnailUrl\":\"https:\/\/www.cabinet-jvl.fr\/site\/wp-content\/uploads\/Tradis.png\",\"articleSection\":[\"A la Une\",\"Consulting\",\"Formation\",\"Th\u00e9rapie\"],\"inLanguage\":\"fr-FR\",\"potentialAction\":[{\"@type\":\"CommentAction\",\"name\":\"Comment\",\"target\":[\"https:\/\/www.cabinet-jvl.fr\/site\/2023\/11\/02\/jerome-valentin-leautaud-est-chercheur-associe-clinicien-a-la-chaire-tradis-uqam-canada\/#respond\"]}]},{\"@type\":\"WebPage\",\"@id\":\"https:\/\/www.cabinet-jvl.fr\/site\/2023\/11\/02\/jerome-valentin-leautaud-est-chercheur-associe-clinicien-a-la-chaire-tradis-uqam-canada\/\",\"url\":\"https:\/\/www.cabinet-jvl.fr\/site\/2023\/11\/02\/jerome-valentin-leautaud-est-chercheur-associe-clinicien-a-la-chaire-tradis-uqam-canada\/\",\"name\":\"J\u00e9r\u00f4me Valentin-L\u00e9autaud est chercheur associ\u00e9 clinicien \u00e0 la Chaire TRADIS (UQAM - Canada) - Cabinet JVL\",\"isPartOf\":{\"@id\":\"https:\/\/www.cabinet-jvl.fr\/site\/#website\"},\"primaryImageOfPage\":{\"@id\":\"https:\/\/www.cabinet-jvl.fr\/site\/2023\/11\/02\/jerome-valentin-leautaud-est-chercheur-associe-clinicien-a-la-chaire-tradis-uqam-canada\/#primaryimage\"},\"image\":{\"@id\":\"https:\/\/www.cabinet-jvl.fr\/site\/2023\/11\/02\/jerome-valentin-leautaud-est-chercheur-associe-clinicien-a-la-chaire-tradis-uqam-canada\/#primaryimage\"},\"thumbnailUrl\":\"https:\/\/www.cabinet-jvl.fr\/site\/wp-content\/uploads\/Tradis.png\",\"datePublished\":\"2023-11-02T11:25:11+00:00\",\"dateModified\":\"2023-11-02T11:34:18+00:00\",\"breadcrumb\":{\"@id\":\"https:\/\/www.cabinet-jvl.fr\/site\/2023\/11\/02\/jerome-valentin-leautaud-est-chercheur-associe-clinicien-a-la-chaire-tradis-uqam-canada\/#breadcrumb\"},\"inLanguage\":\"fr-FR\",\"potentialAction\":[{\"@type\":\"ReadAction\",\"target\":[\"https:\/\/www.cabinet-jvl.fr\/site\/2023\/11\/02\/jerome-valentin-leautaud-est-chercheur-associe-clinicien-a-la-chaire-tradis-uqam-canada\/\"]}]},{\"@type\":\"ImageObject\",\"inLanguage\":\"fr-FR\",\"@id\":\"https:\/\/www.cabinet-jvl.fr\/site\/2023\/11\/02\/jerome-valentin-leautaud-est-chercheur-associe-clinicien-a-la-chaire-tradis-uqam-canada\/#primaryimage\",\"url\":\"https:\/\/www.cabinet-jvl.fr\/site\/wp-content\/uploads\/Tradis.png\",\"contentUrl\":\"https:\/\/www.cabinet-jvl.fr\/site\/wp-content\/uploads\/Tradis.png\",\"width\":1788,\"height\":1255},{\"@type\":\"BreadcrumbList\",\"@id\":\"https:\/\/www.cabinet-jvl.fr\/site\/2023\/11\/02\/jerome-valentin-leautaud-est-chercheur-associe-clinicien-a-la-chaire-tradis-uqam-canada\/#breadcrumb\",\"itemListElement\":[{\"@type\":\"ListItem\",\"position\":1,\"name\":\"Accueil\",\"item\":\"https:\/\/www.cabinet-jvl.fr\/site\/\"},{\"@type\":\"ListItem\",\"position\":2,\"name\":\"J\u00e9r\u00f4me Valentin-L\u00e9autaud est chercheur associ\u00e9 clinicien \u00e0 la Chaire TRADIS (UQAM &#8211; Canada)\"}]},{\"@type\":\"WebSite\",\"@id\":\"https:\/\/www.cabinet-jvl.fr\/site\/#website\",\"url\":\"https:\/\/www.cabinet-jvl.fr\/site\/\",\"name\":\"Cabinet JVL\",\"description\":\"J\u00e9r\u00f4me Valentin-L\u00e9autaud, Th\u00e9rapeute Consultant et Formateur \u00e0 Nice\",\"publisher\":{\"@id\":\"https:\/\/www.cabinet-jvl.fr\/site\/#organization\"},\"potentialAction\":[{\"@type\":\"SearchAction\",\"target\":{\"@type\":\"EntryPoint\",\"urlTemplate\":\"https:\/\/www.cabinet-jvl.fr\/site\/?s={search_term_string}\"},\"query-input\":{\"@type\":\"PropertyValueSpecification\",\"valueRequired\":true,\"valueName\":\"search_term_string\"}}],\"inLanguage\":\"fr-FR\"},{\"@type\":\"Organization\",\"@id\":\"https:\/\/www.cabinet-jvl.fr\/site\/#organization\",\"name\":\"Cabinet J\u00e9r\u00f4me Valentin-L\u00e9autaud\",\"url\":\"https:\/\/www.cabinet-jvl.fr\/site\/\",\"logo\":{\"@type\":\"ImageObject\",\"inLanguage\":\"fr-FR\",\"@id\":\"https:\/\/www.cabinet-jvl.fr\/site\/#\/schema\/logo\/image\/\",\"url\":\"https:\/\/www.cabinet-jvl.fr\/site\/wp-content\/uploads\/logo-cabinet-jvl-s.png\",\"contentUrl\":\"https:\/\/www.cabinet-jvl.fr\/site\/wp-content\/uploads\/logo-cabinet-jvl-s.png\",\"width\":1044,\"height\":638,\"caption\":\"Cabinet J\u00e9r\u00f4me Valentin-L\u00e9autaud\"},\"image\":{\"@id\":\"https:\/\/www.cabinet-jvl.fr\/site\/#\/schema\/logo\/image\/\"},\"sameAs\":[\"https:\/\/www.facebook.com\/CabinetJVL\",\"https:\/\/x.com\/lamethodejvl\"]},{\"@type\":\"Person\",\"@id\":\"https:\/\/www.cabinet-jvl.fr\/site\/#\/schema\/person\/6e5b1c6b96e0d0add241b04222fc3c70\",\"name\":\"J\u00e9r\u00f4me Valentin-L\u00e9autaud\",\"image\":{\"@type\":\"ImageObject\",\"inLanguage\":\"fr-FR\",\"@id\":\"https:\/\/www.cabinet-jvl.fr\/site\/#\/schema\/person\/image\/\",\"url\":\"https:\/\/secure.gravatar.com\/avatar\/320546516242fa092184253c303851dd20d5830010cdcfb81d184d8abb5d1eed?s=96&d=mm&r=g\",\"contentUrl\":\"https:\/\/secure.gravatar.com\/avatar\/320546516242fa092184253c303851dd20d5830010cdcfb81d184d8abb5d1eed?s=96&d=mm&r=g\",\"caption\":\"J\u00e9r\u00f4me Valentin-L\u00e9autaud\"},\"url\":\"https:\/\/www.cabinet-jvl.fr\/site\/author\/jeromevl\/\"}]}<\/script>\n<!-- \/ Yoast SEO plugin. -->","yoast_head_json":{"title":"J\u00e9r\u00f4me Valentin-L\u00e9autaud est chercheur associ\u00e9 clinicien \u00e0 la Chaire TRADIS (UQAM - Canada) - Cabinet JVL","robots":{"index":"index","follow":"follow","max-snippet":"max-snippet:-1","max-image-preview":"max-image-preview:large","max-video-preview":"max-video-preview:-1"},"canonical":"https:\/\/www.cabinet-jvl.fr\/site\/2023\/11\/02\/jerome-valentin-leautaud-est-chercheur-associe-clinicien-a-la-chaire-tradis-uqam-canada\/","og_locale":"fr_FR","og_type":"article","og_title":"J\u00e9r\u00f4me Valentin-L\u00e9autaud est chercheur associ\u00e9 clinicien \u00e0 la Chaire TRADIS (UQAM - Canada) - Cabinet JVL","og_description":"C&#8217;est avec un grand plaisir et \u00e9galement tr\u00e8s honor\u00e9, que je vous annonce mon rattachement en tant que chercheur associ\u00e9 clinicien \u00e0 la chaire TRADIS (TRAjectoires, DIversit\u00e9, Substances) de l&#8217;UQAM (Universit\u00e9 de Qu\u00e9bec \u00e0 Montr\u00e9al).","og_url":"https:\/\/www.cabinet-jvl.fr\/site\/2023\/11\/02\/jerome-valentin-leautaud-est-chercheur-associe-clinicien-a-la-chaire-tradis-uqam-canada\/","og_site_name":"Cabinet JVL","article_publisher":"https:\/\/www.facebook.com\/CabinetJVL","article_published_time":"2023-11-02T11:25:11+00:00","article_modified_time":"2023-11-02T11:34:18+00:00","og_image":[{"width":1788,"height":1255,"url":"https:\/\/www.cabinet-jvl.fr\/site\/wp-content\/uploads\/Tradis.png","type":"image\/png"}],"author":"J\u00e9r\u00f4me Valentin-L\u00e9autaud","twitter_card":"summary_large_image","twitter_creator":"@lamethodejvl","twitter_site":"@lamethodejvl","twitter_misc":{"\u00c9crit par":"J\u00e9r\u00f4me Valentin-L\u00e9autaud","Dur\u00e9e de lecture estim\u00e9e":"1 minute"},"schema":{"@context":"https:\/\/schema.org","@graph":[{"@type":"Article","@id":"https:\/\/www.cabinet-jvl.fr\/site\/2023\/11\/02\/jerome-valentin-leautaud-est-chercheur-associe-clinicien-a-la-chaire-tradis-uqam-canada\/#article","isPartOf":{"@id":"https:\/\/www.cabinet-jvl.fr\/site\/2023\/11\/02\/jerome-valentin-leautaud-est-chercheur-associe-clinicien-a-la-chaire-tradis-uqam-canada\/"},"author":{"name":"J\u00e9r\u00f4me Valentin-L\u00e9autaud","@id":"https:\/\/www.cabinet-jvl.fr\/site\/#\/schema\/person\/6e5b1c6b96e0d0add241b04222fc3c70"},"headline":"J\u00e9r\u00f4me Valentin-L\u00e9autaud est chercheur associ\u00e9 clinicien \u00e0 la Chaire TRADIS (UQAM &#8211; Canada)","datePublished":"2023-11-02T11:25:11+00:00","dateModified":"2023-11-02T11:34:18+00:00","mainEntityOfPage":{"@id":"https:\/\/www.cabinet-jvl.fr\/site\/2023\/11\/02\/jerome-valentin-leautaud-est-chercheur-associe-clinicien-a-la-chaire-tradis-uqam-canada\/"},"wordCount":213,"commentCount":0,"publisher":{"@id":"https:\/\/www.cabinet-jvl.fr\/site\/#organization"},"image":{"@id":"https:\/\/www.cabinet-jvl.fr\/site\/2023\/11\/02\/jerome-valentin-leautaud-est-chercheur-associe-clinicien-a-la-chaire-tradis-uqam-canada\/#primaryimage"},"thumbnailUrl":"https:\/\/www.cabinet-jvl.fr\/site\/wp-content\/uploads\/Tradis.png","articleSection":["A la Une","Consulting","Formation","Th\u00e9rapie"],"inLanguage":"fr-FR","potentialAction":[{"@type":"CommentAction","name":"Comment","target":["https:\/\/www.cabinet-jvl.fr\/site\/2023\/11\/02\/jerome-valentin-leautaud-est-chercheur-associe-clinicien-a-la-chaire-tradis-uqam-canada\/#respond"]}]},{"@type":"WebPage","@id":"https:\/\/www.cabinet-jvl.fr\/site\/2023\/11\/02\/jerome-valentin-leautaud-est-chercheur-associe-clinicien-a-la-chaire-tradis-uqam-canada\/","url":"https:\/\/www.cabinet-jvl.fr\/site\/2023\/11\/02\/jerome-valentin-leautaud-est-chercheur-associe-clinicien-a-la-chaire-tradis-uqam-canada\/","name":"J\u00e9r\u00f4me Valentin-L\u00e9autaud est chercheur associ\u00e9 clinicien \u00e0 la Chaire TRADIS (UQAM - Canada) - Cabinet JVL","isPartOf":{"@id":"https:\/\/www.cabinet-jvl.fr\/site\/#website"},"primaryImageOfPage":{"@id":"https:\/\/www.cabinet-jvl.fr\/site\/2023\/11\/02\/jerome-valentin-leautaud-est-chercheur-associe-clinicien-a-la-chaire-tradis-uqam-canada\/#primaryimage"},"image":{"@id":"https:\/\/www.cabinet-jvl.fr\/site\/2023\/11\/02\/jerome-valentin-leautaud-est-chercheur-associe-clinicien-a-la-chaire-tradis-uqam-canada\/#primaryimage"},"thumbnailUrl":"https:\/\/www.cabinet-jvl.fr\/site\/wp-content\/uploads\/Tradis.png","datePublished":"2023-11-02T11:25:11+00:00","dateModified":"2023-11-02T11:34:18+00:00","breadcrumb":{"@id":"https:\/\/www.cabinet-jvl.fr\/site\/2023\/11\/02\/jerome-valentin-leautaud-est-chercheur-associe-clinicien-a-la-chaire-tradis-uqam-canada\/#breadcrumb"},"inLanguage":"fr-FR","potentialAction":[{"@type":"ReadAction","target":["https:\/\/www.cabinet-jvl.fr\/site\/2023\/11\/02\/jerome-valentin-leautaud-est-chercheur-associe-clinicien-a-la-chaire-tradis-uqam-canada\/"]}]},{"@type":"ImageObject","inLanguage":"fr-FR","@id":"https:\/\/www.cabinet-jvl.fr\/site\/2023\/11\/02\/jerome-valentin-leautaud-est-chercheur-associe-clinicien-a-la-chaire-tradis-uqam-canada\/#primaryimage","url":"https:\/\/www.cabinet-jvl.fr\/site\/wp-content\/uploads\/Tradis.png","contentUrl":"https:\/\/www.cabinet-jvl.fr\/site\/wp-content\/uploads\/Tradis.png","width":1788,"height":1255},{"@type":"BreadcrumbList","@id":"https:\/\/www.cabinet-jvl.fr\/site\/2023\/11\/02\/jerome-valentin-leautaud-est-chercheur-associe-clinicien-a-la-chaire-tradis-uqam-canada\/#breadcrumb","itemListElement":[{"@type":"ListItem","position":1,"name":"Accueil","item":"https:\/\/www.cabinet-jvl.fr\/site\/"},{"@type":"ListItem","position":2,"name":"J\u00e9r\u00f4me Valentin-L\u00e9autaud est chercheur associ\u00e9 clinicien \u00e0 la Chaire TRADIS (UQAM &#8211; Canada)"}]},{"@type":"WebSite","@id":"https:\/\/www.cabinet-jvl.fr\/site\/#website","url":"https:\/\/www.cabinet-jvl.fr\/site\/","name":"Cabinet JVL","description":"J\u00e9r\u00f4me Valentin-L\u00e9autaud, Th\u00e9rapeute Consultant et Formateur \u00e0 Nice","publisher":{"@id":"https:\/\/www.cabinet-jvl.fr\/site\/#organization"},"potentialAction":[{"@type":"SearchAction","target":{"@type":"EntryPoint","urlTemplate":"https:\/\/www.cabinet-jvl.fr\/site\/?s={search_term_string}"},"query-input":{"@type":"PropertyValueSpecification","valueRequired":true,"valueName":"search_term_string"}}],"inLanguage":"fr-FR"},{"@type":"Organization","@id":"https:\/\/www.cabinet-jvl.fr\/site\/#organization","name":"Cabinet J\u00e9r\u00f4me Valentin-L\u00e9autaud","url":"https:\/\/www.cabinet-jvl.fr\/site\/","logo":{"@type":"ImageObject","inLanguage":"fr-FR","@id":"https:\/\/www.cabinet-jvl.fr\/site\/#\/schema\/logo\/image\/","url":"https:\/\/www.cabinet-jvl.fr\/site\/wp-content\/uploads\/logo-cabinet-jvl-s.png","contentUrl":"https:\/\/www.cabinet-jvl.fr\/site\/wp-content\/uploads\/logo-cabinet-jvl-s.png","width":1044,"height":638,"caption":"Cabinet J\u00e9r\u00f4me Valentin-L\u00e9autaud"},"image":{"@id":"https:\/\/www.cabinet-jvl.fr\/site\/#\/schema\/logo\/image\/"},"sameAs":["https:\/\/www.facebook.com\/CabinetJVL","https:\/\/x.com\/lamethodejvl"]},{"@type":"Person","@id":"https:\/\/www.cabinet-jvl.fr\/site\/#\/schema\/person\/6e5b1c6b96e0d0add241b04222fc3c70","name":"J\u00e9r\u00f4me Valentin-L\u00e9autaud","image":{"@type":"ImageObject","inLanguage":"fr-FR","@id":"https:\/\/www.cabinet-jvl.fr\/site\/#\/schema\/person\/image\/","url":"https:\/\/secure.gravatar.com\/avatar\/320546516242fa092184253c303851dd20d5830010cdcfb81d184d8abb5d1eed?s=96&d=mm&r=g","contentUrl":"https:\/\/secure.gravatar.com\/avatar\/320546516242fa092184253c303851dd20d5830010cdcfb81d184d8abb5d1eed?s=96&d=mm&r=g","caption":"J\u00e9r\u00f4me Valentin-L\u00e9autaud"},"url":"https:\/\/www.cabinet-jvl.fr\/site\/author\/jeromevl\/"}]}},"_links":{"self":[{"href":"https:\/\/www.cabinet-jvl.fr\/site\/wp-json\/wp\/v2\/posts\/1215","targetHints":{"allow":["GET"]}}],"collection":[{"href":"https:\/\/www.cabinet-jvl.fr\/site\/wp-json\/wp\/v2\/posts"}],"about":[{"href":"https:\/\/www.cabinet-jvl.fr\/site\/wp-json\/wp\/v2\/types\/post"}],"author":[{"embeddable":true,"href":"https:\/\/www.cabinet-jvl.fr\/site\/wp-json\/wp\/v2\/users\/2"}],"replies":[{"embeddable":true,"href":"https:\/\/www.cabinet-jvl.fr\/site\/wp-json\/wp\/v2\/comments?post=1215"}],"version-history":[{"count":3,"href":"https:\/\/www.cabinet-jvl.fr\/site\/wp-json\/wp\/v2\/posts\/1215\/revisions"}],"predecessor-version":[{"id":1219,"href":"https:\/\/www.cabinet-jvl.fr\/site\/wp-json\/wp\/v2\/posts\/1215\/revisions\/1219"}],"wp:featuredmedia":[{"embeddable":true,"href":"https:\/\/www.cabinet-jvl.fr\/site\/wp-json\/wp\/v2\/media\/1216"}],"wp:attachment":[{"href":"https:\/\/www.cabinet-jvl.fr\/site\/wp-json\/wp\/v2\/media?parent=1215"}],"wp:term":[{"taxonomy":"category","embeddable":true,"href":"https:\/\/www.cabinet-jvl.fr\/site\/wp-json\/wp\/v2\/categories?post=1215"},{"taxonomy":"post_tag","embeddable":true,"href":"https:\/\/www.cabinet-jvl.fr\/site\/wp-json\/wp\/v2\/tags?post=1215"}],"curies":[{"name":"wp","href":"https:\/\/api.w.org\/{rel}","templated":true}]}}