{"id":1198,"date":"2023-08-28T15:56:00","date_gmt":"2023-08-28T13:56:00","guid":{"rendered":"https:\/\/www.cabinet-jvl.fr\/site\/?p=1198"},"modified":"2023-10-14T16:12:07","modified_gmt":"2023-10-14T14:12:07","slug":"session-decriture-2023","status":"publish","type":"post","link":"https:\/\/www.cabinet-jvl.fr\/site\/2023\/08\/28\/session-decriture-2023\/","title":{"rendered":"Session d&#8217;\u00e9criture 2023"},"content":{"rendered":"\n<p>Je ne resiste pas \u00e0 vous partager ma d\u00e9couverte progressive d&#8217;un lieu qui gagne \u00e0 \u00eatre connu (et pratiqu\u00e9 <img loading=\"lazy\" decoding=\"async\" width=\"16\" height=\"16\" src=\"https:\/\/static.xx.fbcdn.net\/images\/emoji.php\/v9\/t57\/1\/16\/1f609.png\" alt=\"\ud83d\ude09\"> ) : <a href=\"https:\/\/www.facebook.com\/groups\/635804021300653\/?__cft__[0]=AZW-u40HvNAE-Iw-PYbGaLz9d6Yv7QwzpAAQL4b5JWT33JRYk2wiMi8JZOePo56qN_T4T1Vn60bESsXv9mL6DbIuTRJvnqK8EmhiUXNaMS0U8quHb8kuZu4BdnJbl5HGa1fcKXc_by95xA2BI-R250PvffbqLQrFtcjCIw88wxVajogdISQE31-A6iiaVqqo54g&amp;__tn__=-UK-R\">Au Domaine de l&#8217;Elzet<\/a>.<\/p>\n\n\n\n<!--more-->\n\n\n\n<p>Dix jours en r\u00e9sidence consacr\u00e9s au livre que nous \u00e9crivons avec <a href=\"https:\/\/www.facebook.com\/jean.dupre?__cft__[0]=AZW-u40HvNAE-Iw-PYbGaLz9d6Yv7QwzpAAQL4b5JWT33JRYk2wiMi8JZOePo56qN_T4T1Vn60bESsXv9mL6DbIuTRJvnqK8EmhiUXNaMS0U8quHb8kuZu4BdnJbl5HGa1fcKXc_by95xA2BI-R250PvffbqLQrFtcjCIw88wxVajogdISQE31-A6iiaVqqo54g&amp;__tn__=-]K-R\">Jean Dupre<\/a> sous le regard attentif, encourageant et souriant d&#8217;une <a href=\"https:\/\/www.facebook.com\/lisa.pingley?__cft__[0]=AZW-u40HvNAE-Iw-PYbGaLz9d6Yv7QwzpAAQL4b5JWT33JRYk2wiMi8JZOePo56qN_T4T1Vn60bESsXv9mL6DbIuTRJvnqK8EmhiUXNaMS0U8quHb8kuZu4BdnJbl5HGa1fcKXc_by95xA2BI-R250PvffbqLQrFtcjCIw88wxVajogdISQE31-A6iiaVqqo54g&amp;__tn__=-]K-R\">Lisa David Dupr\u00e9<\/a> avec qui les temps &#8220;hors travail&#8221; sont rieurs, mutins et souvent profonds.<\/p>\n\n\n\n<p>D\u00e9couverte avec plaisir du sympathique et ancr\u00e9, Alain, ainsi que son acolyte \u00e0 l&#8217;accent chantant et hispanique, Juan.<\/p>\n\n\n\n<p>Work in progress dans un cadre enchanteur !<\/p>\n\n\n\n<figure class=\"wp-block-gallery has-nested-images columns-default is-cropped wp-block-gallery-1 is-layout-flex wp-block-gallery-is-layout-flex\">\n<figure class=\"wp-block-image size-large\"><img loading=\"lazy\" decoding=\"async\" width=\"1024\" height=\"1024\" data-id=\"1201\" src=\"https:\/\/www.cabinet-jvl.fr\/site\/wp-content\/uploads\/Elzet-3-1024x1024.jpg\" alt=\"\" class=\"wp-image-1201\" srcset=\"https:\/\/www.cabinet-jvl.fr\/site\/wp-content\/uploads\/Elzet-3-1024x1024.jpg 1024w, https:\/\/www.cabinet-jvl.fr\/site\/wp-content\/uploads\/Elzet-3-300x300.jpg 300w, https:\/\/www.cabinet-jvl.fr\/site\/wp-content\/uploads\/Elzet-3-100x100.jpg 100w, https:\/\/www.cabinet-jvl.fr\/site\/wp-content\/uploads\/Elzet-3-600x600.jpg 600w, https:\/\/www.cabinet-jvl.fr\/site\/wp-content\/uploads\/Elzet-3-150x150.jpg 150w, https:\/\/www.cabinet-jvl.fr\/site\/wp-content\/uploads\/Elzet-3-768x768.jpg 768w, https:\/\/www.cabinet-jvl.fr\/site\/wp-content\/uploads\/Elzet-3-1536x1536.jpg 1536w, https:\/\/www.cabinet-jvl.fr\/site\/wp-content\/uploads\/Elzet-3.jpg 2048w\" sizes=\"auto, (max-width: 1024px) 100vw, 1024px\" \/><\/figure>\n\n\n\n<figure class=\"wp-block-image size-large\"><img loading=\"lazy\" decoding=\"async\" width=\"1024\" height=\"1024\" data-id=\"1200\" src=\"https:\/\/www.cabinet-jvl.fr\/site\/wp-content\/uploads\/Elzet-2-1024x1024.jpg\" alt=\"\" class=\"wp-image-1200\" srcset=\"https:\/\/www.cabinet-jvl.fr\/site\/wp-content\/uploads\/Elzet-2-1024x1024.jpg 1024w, https:\/\/www.cabinet-jvl.fr\/site\/wp-content\/uploads\/Elzet-2-300x300.jpg 300w, https:\/\/www.cabinet-jvl.fr\/site\/wp-content\/uploads\/Elzet-2-100x100.jpg 100w, https:\/\/www.cabinet-jvl.fr\/site\/wp-content\/uploads\/Elzet-2-600x600.jpg 600w, https:\/\/www.cabinet-jvl.fr\/site\/wp-content\/uploads\/Elzet-2-150x150.jpg 150w, https:\/\/www.cabinet-jvl.fr\/site\/wp-content\/uploads\/Elzet-2-768x768.jpg 768w, https:\/\/www.cabinet-jvl.fr\/site\/wp-content\/uploads\/Elzet-2-1536x1536.jpg 1536w, https:\/\/www.cabinet-jvl.fr\/site\/wp-content\/uploads\/Elzet-2.jpg 2048w\" sizes=\"auto, (max-width: 1024px) 100vw, 1024px\" \/><\/figure>\n\n\n\n<figure class=\"wp-block-image size-large\"><img loading=\"lazy\" decoding=\"async\" width=\"1024\" height=\"1024\" data-id=\"1202\" src=\"https:\/\/www.cabinet-jvl.fr\/site\/wp-content\/uploads\/Elzet-4-1024x1024.jpg\" alt=\"\" class=\"wp-image-1202\" srcset=\"https:\/\/www.cabinet-jvl.fr\/site\/wp-content\/uploads\/Elzet-4-1024x1024.jpg 1024w, https:\/\/www.cabinet-jvl.fr\/site\/wp-content\/uploads\/Elzet-4-300x300.jpg 300w, https:\/\/www.cabinet-jvl.fr\/site\/wp-content\/uploads\/Elzet-4-100x100.jpg 100w, https:\/\/www.cabinet-jvl.fr\/site\/wp-content\/uploads\/Elzet-4-600x600.jpg 600w, https:\/\/www.cabinet-jvl.fr\/site\/wp-content\/uploads\/Elzet-4-150x150.jpg 150w, https:\/\/www.cabinet-jvl.fr\/site\/wp-content\/uploads\/Elzet-4-768x768.jpg 768w, https:\/\/www.cabinet-jvl.fr\/site\/wp-content\/uploads\/Elzet-4-1536x1536.jpg 1536w, https:\/\/www.cabinet-jvl.fr\/site\/wp-content\/uploads\/Elzet-4.jpg 2048w\" sizes=\"auto, (max-width: 1024px) 100vw, 1024px\" \/><\/figure>\n\n\n\n<figure class=\"wp-block-image size-large\"><img loading=\"lazy\" decoding=\"async\" width=\"1024\" height=\"1024\" data-id=\"1199\" src=\"https:\/\/www.cabinet-jvl.fr\/site\/wp-content\/uploads\/Elzet-1-1024x1024.jpg\" alt=\"\" class=\"wp-image-1199\" srcset=\"https:\/\/www.cabinet-jvl.fr\/site\/wp-content\/uploads\/Elzet-1-1024x1024.jpg 1024w, https:\/\/www.cabinet-jvl.fr\/site\/wp-content\/uploads\/Elzet-1-300x300.jpg 300w, https:\/\/www.cabinet-jvl.fr\/site\/wp-content\/uploads\/Elzet-1-100x100.jpg 100w, https:\/\/www.cabinet-jvl.fr\/site\/wp-content\/uploads\/Elzet-1-600x600.jpg 600w, https:\/\/www.cabinet-jvl.fr\/site\/wp-content\/uploads\/Elzet-1-150x150.jpg 150w, https:\/\/www.cabinet-jvl.fr\/site\/wp-content\/uploads\/Elzet-1-768x768.jpg 768w, https:\/\/www.cabinet-jvl.fr\/site\/wp-content\/uploads\/Elzet-1-1536x1536.jpg 1536w, https:\/\/www.cabinet-jvl.fr\/site\/wp-content\/uploads\/Elzet-1.jpg 2048w\" sizes=\"auto, (max-width: 1024px) 100vw, 1024px\" \/><\/figure>\n<\/figure>\n\n\n\n<p>Le travail se poursuit, <a href=\"https:\/\/www.facebook.com\/groups\/635804021300653\/?__cft__[0]=AZU1V86lEcu2cACoQK6JW8uL61i1Ab2bBOaygv_NnZEgJTix1iQurcE2g6K7glT5Z2ywOhj6D4xnefGNN_F0XTMqBmhhdwBBAS7v_4EAr0xGFM-2fyyGhnqE7mISyxb2_-tVexSgsN_KC9TeUbtk_71aq-vAEN-93jinRi2pVya32LnQozEzFKV5_Gu6Tso2KX0&amp;__tn__=-UK-R\">Au Domaine de l&#8217;Elzet<\/a>, avec <a href=\"https:\/\/www.facebook.com\/jean.dupre?__cft__[0]=AZU1V86lEcu2cACoQK6JW8uL61i1Ab2bBOaygv_NnZEgJTix1iQurcE2g6K7glT5Z2ywOhj6D4xnefGNN_F0XTMqBmhhdwBBAS7v_4EAr0xGFM-2fyyGhnqE7mISyxb2_-tVexSgsN_KC9TeUbtk_71aq-vAEN-93jinRi2pVya32LnQozEzFKV5_Gu6Tso2KX0&amp;__tn__=-]K-R\">Jean Dupre<\/a>, dans un contexte de plaisir o\u00f9 les nombreux autres instants partag\u00e9s avec <a href=\"https:\/\/www.facebook.com\/lisa.pingley?__cft__[0]=AZU1V86lEcu2cACoQK6JW8uL61i1Ab2bBOaygv_NnZEgJTix1iQurcE2g6K7glT5Z2ywOhj6D4xnefGNN_F0XTMqBmhhdwBBAS7v_4EAr0xGFM-2fyyGhnqE7mISyxb2_-tVexSgsN_KC9TeUbtk_71aq-vAEN-93jinRi2pVya32LnQozEzFKV5_Gu6Tso2KX0&amp;__tn__=-]K-R\">Lisa David Dupr\u00e9<\/a>, Alain et bien d&#8217;autres, posent un cadre de l\u00e9g\u00e8ret\u00e9, propice au d\u00e9veloppement s\u00e9rieux du texte&#8230;<\/p>\n\n\n\n<p>Plaisir, aussi et surtout, de travailler dans le sourire et la rigueur qu&#8217;impose l&#8217;objectif final (extraits de morceaux choisis en photos <img loading=\"lazy\" decoding=\"async\" alt=\"\ud83d\ude09\" src=\"https:\/\/static.xx.fbcdn.net\/images\/emoji.php\/v9\/t57\/1\/16\/1f609.png\" width=\"16\" height=\"16\"> ).<\/p>\n\n\n\n<p>Chaque jour qui passe nous rapproche d&#8217;un aboutissement dont, nous nous disons <a><\/a>qu&#8217;il sera utile et que le &#8220;jeu en vaut la chandelle&#8221;&#8230;<\/p>\n\n\n\n<p>Une pierre de plus \u00e0 l&#8217;\u00e9difice&#8230;<\/p>\n\n\n\n<figure class=\"wp-block-gallery has-nested-images columns-default is-cropped wp-block-gallery-2 is-layout-flex wp-block-gallery-is-layout-flex\">\n<figure class=\"wp-block-image size-large\"><img loading=\"lazy\" decoding=\"async\" width=\"689\" height=\"687\" data-id=\"1203\" src=\"https:\/\/www.cabinet-jvl.fr\/site\/wp-content\/uploads\/Elzet-5.jpg\" alt=\"\" class=\"wp-image-1203\" srcset=\"https:\/\/www.cabinet-jvl.fr\/site\/wp-content\/uploads\/Elzet-5.jpg 689w, https:\/\/www.cabinet-jvl.fr\/site\/wp-content\/uploads\/Elzet-5-300x300.jpg 300w, https:\/\/www.cabinet-jvl.fr\/site\/wp-content\/uploads\/Elzet-5-100x100.jpg 100w, https:\/\/www.cabinet-jvl.fr\/site\/wp-content\/uploads\/Elzet-5-600x598.jpg 600w, https:\/\/www.cabinet-jvl.fr\/site\/wp-content\/uploads\/Elzet-5-150x150.jpg 150w\" sizes=\"auto, (max-width: 689px) 100vw, 689px\" \/><\/figure>\n\n\n\n<figure class=\"wp-block-image size-large\"><img loading=\"lazy\" decoding=\"async\" width=\"764\" height=\"770\" data-id=\"1204\" src=\"https:\/\/www.cabinet-jvl.fr\/site\/wp-content\/uploads\/Elzet-6.jpg\" alt=\"\" class=\"wp-image-1204\" srcset=\"https:\/\/www.cabinet-jvl.fr\/site\/wp-content\/uploads\/Elzet-6.jpg 764w, https:\/\/www.cabinet-jvl.fr\/site\/wp-content\/uploads\/Elzet-6-300x302.jpg 300w, https:\/\/www.cabinet-jvl.fr\/site\/wp-content\/uploads\/Elzet-6-100x100.jpg 100w, https:\/\/www.cabinet-jvl.fr\/site\/wp-content\/uploads\/Elzet-6-600x605.jpg 600w, https:\/\/www.cabinet-jvl.fr\/site\/wp-content\/uploads\/Elzet-6-298x300.jpg 298w, https:\/\/www.cabinet-jvl.fr\/site\/wp-content\/uploads\/Elzet-6-150x150.jpg 150w\" sizes=\"auto, (max-width: 764px) 100vw, 764px\" \/><\/figure>\n<\/figure>\n\n\n\n<p><\/p>\n","protected":false},"excerpt":{"rendered":"<p>Je ne resiste pas \u00e0 vous partager ma d\u00e9couverte progressive d&#8217;un lieu qui gagne \u00e0 \u00eatre connu (et pratiqu\u00e9 ) : Au Domaine de l&#8217;Elzet.<\/p>\n","protected":false},"author":1,"featured_media":1204,"comment_status":"open","ping_status":"open","sticky":false,"template":"","format":"standard","meta":{"footnotes":""},"categories":[7],"tags":[37],"class_list":["post-1198","post","type-post","status-publish","format-standard","has-post-thumbnail","hentry","category-a-la-une","tag-ecriture"],"yoast_head":"<!-- This site is optimized with the Yoast SEO plugin v23.6 - https:\/\/yoast.com\/wordpress\/plugins\/seo\/ -->\n<title>Session d&#039;\u00e9criture 2023 - Cabinet JVL<\/title>\n<meta name=\"robots\" content=\"index, follow, max-snippet:-1, max-image-preview:large, max-video-preview:-1\" \/>\n<link rel=\"canonical\" href=\"https:\/\/www.cabinet-jvl.fr\/site\/2023\/08\/28\/session-decriture-2023\/\" \/>\n<meta property=\"og:locale\" content=\"fr_FR\" \/>\n<meta property=\"og:type\" content=\"article\" \/>\n<meta property=\"og:title\" content=\"Session d&#039;\u00e9criture 2023 - Cabinet JVL\" \/>\n<meta property=\"og:description\" content=\"Je ne resiste pas \u00e0 vous partager ma d\u00e9couverte progressive d&#8217;un lieu qui gagne \u00e0 \u00eatre connu (et pratiqu\u00e9 ) : Au Domaine de l&#8217;Elzet.\" \/>\n<meta property=\"og:url\" content=\"https:\/\/www.cabinet-jvl.fr\/site\/2023\/08\/28\/session-decriture-2023\/\" \/>\n<meta property=\"og:site_name\" content=\"Cabinet JVL\" \/>\n<meta property=\"article:publisher\" content=\"https:\/\/www.facebook.com\/CabinetJVL\" \/>\n<meta property=\"article:published_time\" content=\"2023-08-28T13:56:00+00:00\" \/>\n<meta property=\"article:modified_time\" content=\"2023-10-14T14:12:07+00:00\" \/>\n<meta property=\"og:image\" content=\"https:\/\/www.cabinet-jvl.fr\/site\/wp-content\/uploads\/Elzet-6.jpg\" \/>\n\t<meta property=\"og:image:width\" content=\"764\" \/>\n\t<meta property=\"og:image:height\" content=\"770\" \/>\n\t<meta property=\"og:image:type\" content=\"image\/jpeg\" \/>\n<meta name=\"author\" content=\"J\u00e9r\u00f4me Valentin-L\u00e9autaud\" \/>\n<meta name=\"twitter:card\" content=\"summary_large_image\" \/>\n<meta name=\"twitter:creator\" content=\"@lamethodejvl\" \/>\n<meta name=\"twitter:site\" content=\"@lamethodejvl\" \/>\n<meta name=\"twitter:label1\" content=\"\u00c9crit par\" \/>\n\t<meta name=\"twitter:data1\" content=\"J\u00e9r\u00f4me Valentin-L\u00e9autaud\" \/>\n\t<meta name=\"twitter:label2\" content=\"Dur\u00e9e de lecture estim\u00e9e\" \/>\n\t<meta name=\"twitter:data2\" content=\"1 minute\" \/>\n<script type=\"application\/ld+json\" class=\"yoast-schema-graph\">{\"@context\":\"https:\/\/schema.org\",\"@graph\":[{\"@type\":\"Article\",\"@id\":\"https:\/\/www.cabinet-jvl.fr\/site\/2023\/08\/28\/session-decriture-2023\/#article\",\"isPartOf\":{\"@id\":\"https:\/\/www.cabinet-jvl.fr\/site\/2023\/08\/28\/session-decriture-2023\/\"},\"author\":{\"name\":\"J\u00e9r\u00f4me Valentin-L\u00e9autaud\",\"@id\":\"https:\/\/www.cabinet-jvl.fr\/site\/#\/schema\/person\/3f7adc0ea0ad8315a1ecc9e4d896e976\"},\"headline\":\"Session d&#8217;\u00e9criture 2023\",\"datePublished\":\"2023-08-28T13:56:00+00:00\",\"dateModified\":\"2023-10-14T14:12:07+00:00\",\"mainEntityOfPage\":{\"@id\":\"https:\/\/www.cabinet-jvl.fr\/site\/2023\/08\/28\/session-decriture-2023\/\"},\"wordCount\":194,\"commentCount\":0,\"publisher\":{\"@id\":\"https:\/\/www.cabinet-jvl.fr\/site\/#organization\"},\"image\":{\"@id\":\"https:\/\/www.cabinet-jvl.fr\/site\/2023\/08\/28\/session-decriture-2023\/#primaryimage\"},\"thumbnailUrl\":\"https:\/\/www.cabinet-jvl.fr\/site\/wp-content\/uploads\/Elzet-6.jpg\",\"keywords\":[\"Ecriture\"],\"articleSection\":[\"A la Une\"],\"inLanguage\":\"fr-FR\",\"potentialAction\":[{\"@type\":\"CommentAction\",\"name\":\"Comment\",\"target\":[\"https:\/\/www.cabinet-jvl.fr\/site\/2023\/08\/28\/session-decriture-2023\/#respond\"]}]},{\"@type\":\"WebPage\",\"@id\":\"https:\/\/www.cabinet-jvl.fr\/site\/2023\/08\/28\/session-decriture-2023\/\",\"url\":\"https:\/\/www.cabinet-jvl.fr\/site\/2023\/08\/28\/session-decriture-2023\/\",\"name\":\"Session d'\u00e9criture 2023 - Cabinet JVL\",\"isPartOf\":{\"@id\":\"https:\/\/www.cabinet-jvl.fr\/site\/#website\"},\"primaryImageOfPage\":{\"@id\":\"https:\/\/www.cabinet-jvl.fr\/site\/2023\/08\/28\/session-decriture-2023\/#primaryimage\"},\"image\":{\"@id\":\"https:\/\/www.cabinet-jvl.fr\/site\/2023\/08\/28\/session-decriture-2023\/#primaryimage\"},\"thumbnailUrl\":\"https:\/\/www.cabinet-jvl.fr\/site\/wp-content\/uploads\/Elzet-6.jpg\",\"datePublished\":\"2023-08-28T13:56:00+00:00\",\"dateModified\":\"2023-10-14T14:12:07+00:00\",\"breadcrumb\":{\"@id\":\"https:\/\/www.cabinet-jvl.fr\/site\/2023\/08\/28\/session-decriture-2023\/#breadcrumb\"},\"inLanguage\":\"fr-FR\",\"potentialAction\":[{\"@type\":\"ReadAction\",\"target\":[\"https:\/\/www.cabinet-jvl.fr\/site\/2023\/08\/28\/session-decriture-2023\/\"]}]},{\"@type\":\"ImageObject\",\"inLanguage\":\"fr-FR\",\"@id\":\"https:\/\/www.cabinet-jvl.fr\/site\/2023\/08\/28\/session-decriture-2023\/#primaryimage\",\"url\":\"https:\/\/www.cabinet-jvl.fr\/site\/wp-content\/uploads\/Elzet-6.jpg\",\"contentUrl\":\"https:\/\/www.cabinet-jvl.fr\/site\/wp-content\/uploads\/Elzet-6.jpg\",\"width\":764,\"height\":770},{\"@type\":\"BreadcrumbList\",\"@id\":\"https:\/\/www.cabinet-jvl.fr\/site\/2023\/08\/28\/session-decriture-2023\/#breadcrumb\",\"itemListElement\":[{\"@type\":\"ListItem\",\"position\":1,\"name\":\"Accueil\",\"item\":\"https:\/\/www.cabinet-jvl.fr\/site\/\"},{\"@type\":\"ListItem\",\"position\":2,\"name\":\"Session d&#8217;\u00e9criture 2023\"}]},{\"@type\":\"WebSite\",\"@id\":\"https:\/\/www.cabinet-jvl.fr\/site\/#website\",\"url\":\"https:\/\/www.cabinet-jvl.fr\/site\/\",\"name\":\"Cabinet JVL\",\"description\":\"J\u00e9r\u00f4me Valentin-L\u00e9autaud, Th\u00e9rapeute Consultant et Formateur \u00e0 Nice\",\"publisher\":{\"@id\":\"https:\/\/www.cabinet-jvl.fr\/site\/#organization\"},\"potentialAction\":[{\"@type\":\"SearchAction\",\"target\":{\"@type\":\"EntryPoint\",\"urlTemplate\":\"https:\/\/www.cabinet-jvl.fr\/site\/?s={search_term_string}\"},\"query-input\":{\"@type\":\"PropertyValueSpecification\",\"valueRequired\":true,\"valueName\":\"search_term_string\"}}],\"inLanguage\":\"fr-FR\"},{\"@type\":\"Organization\",\"@id\":\"https:\/\/www.cabinet-jvl.fr\/site\/#organization\",\"name\":\"Cabinet J\u00e9r\u00f4me Valentin-L\u00e9autaud\",\"url\":\"https:\/\/www.cabinet-jvl.fr\/site\/\",\"logo\":{\"@type\":\"ImageObject\",\"inLanguage\":\"fr-FR\",\"@id\":\"https:\/\/www.cabinet-jvl.fr\/site\/#\/schema\/logo\/image\/\",\"url\":\"https:\/\/www.cabinet-jvl.fr\/site\/wp-content\/uploads\/logo-cabinet-jvl-s.png\",\"contentUrl\":\"https:\/\/www.cabinet-jvl.fr\/site\/wp-content\/uploads\/logo-cabinet-jvl-s.png\",\"width\":1044,\"height\":638,\"caption\":\"Cabinet J\u00e9r\u00f4me Valentin-L\u00e9autaud\"},\"image\":{\"@id\":\"https:\/\/www.cabinet-jvl.fr\/site\/#\/schema\/logo\/image\/\"},\"sameAs\":[\"https:\/\/www.facebook.com\/CabinetJVL\",\"https:\/\/x.com\/lamethodejvl\"]},{\"@type\":\"Person\",\"@id\":\"https:\/\/www.cabinet-jvl.fr\/site\/#\/schema\/person\/3f7adc0ea0ad8315a1ecc9e4d896e976\",\"name\":\"J\u00e9r\u00f4me Valentin-L\u00e9autaud\",\"image\":{\"@type\":\"ImageObject\",\"inLanguage\":\"fr-FR\",\"@id\":\"https:\/\/www.cabinet-jvl.fr\/site\/#\/schema\/person\/image\/\",\"url\":\"https:\/\/secure.gravatar.com\/avatar\/3c7df8595cbb6a5b80fff35e6641c1b2c9f037f9024948d5a5667177267c4526?s=96&d=mm&r=g\",\"contentUrl\":\"https:\/\/secure.gravatar.com\/avatar\/3c7df8595cbb6a5b80fff35e6641c1b2c9f037f9024948d5a5667177267c4526?s=96&d=mm&r=g\",\"caption\":\"J\u00e9r\u00f4me Valentin-L\u00e9autaud\"},\"sameAs\":[\"https:\/\/www.cabinet-jvl.fr\/site\"],\"url\":\"https:\/\/www.cabinet-jvl.fr\/site\/author\/hcy3e\/\"}]}<\/script>\n<!-- \/ Yoast SEO plugin. -->","yoast_head_json":{"title":"Session d'\u00e9criture 2023 - Cabinet JVL","robots":{"index":"index","follow":"follow","max-snippet":"max-snippet:-1","max-image-preview":"max-image-preview:large","max-video-preview":"max-video-preview:-1"},"canonical":"https:\/\/www.cabinet-jvl.fr\/site\/2023\/08\/28\/session-decriture-2023\/","og_locale":"fr_FR","og_type":"article","og_title":"Session d'\u00e9criture 2023 - Cabinet JVL","og_description":"Je ne resiste pas \u00e0 vous partager ma d\u00e9couverte progressive d&#8217;un lieu qui gagne \u00e0 \u00eatre connu (et pratiqu\u00e9 ) : Au Domaine de l&#8217;Elzet.","og_url":"https:\/\/www.cabinet-jvl.fr\/site\/2023\/08\/28\/session-decriture-2023\/","og_site_name":"Cabinet JVL","article_publisher":"https:\/\/www.facebook.com\/CabinetJVL","article_published_time":"2023-08-28T13:56:00+00:00","article_modified_time":"2023-10-14T14:12:07+00:00","og_image":[{"width":764,"height":770,"url":"https:\/\/www.cabinet-jvl.fr\/site\/wp-content\/uploads\/Elzet-6.jpg","type":"image\/jpeg"}],"author":"J\u00e9r\u00f4me Valentin-L\u00e9autaud","twitter_card":"summary_large_image","twitter_creator":"@lamethodejvl","twitter_site":"@lamethodejvl","twitter_misc":{"\u00c9crit par":"J\u00e9r\u00f4me Valentin-L\u00e9autaud","Dur\u00e9e de lecture estim\u00e9e":"1 minute"},"schema":{"@context":"https:\/\/schema.org","@graph":[{"@type":"Article","@id":"https:\/\/www.cabinet-jvl.fr\/site\/2023\/08\/28\/session-decriture-2023\/#article","isPartOf":{"@id":"https:\/\/www.cabinet-jvl.fr\/site\/2023\/08\/28\/session-decriture-2023\/"},"author":{"name":"J\u00e9r\u00f4me Valentin-L\u00e9autaud","@id":"https:\/\/www.cabinet-jvl.fr\/site\/#\/schema\/person\/3f7adc0ea0ad8315a1ecc9e4d896e976"},"headline":"Session d&#8217;\u00e9criture 2023","datePublished":"2023-08-28T13:56:00+00:00","dateModified":"2023-10-14T14:12:07+00:00","mainEntityOfPage":{"@id":"https:\/\/www.cabinet-jvl.fr\/site\/2023\/08\/28\/session-decriture-2023\/"},"wordCount":194,"commentCount":0,"publisher":{"@id":"https:\/\/www.cabinet-jvl.fr\/site\/#organization"},"image":{"@id":"https:\/\/www.cabinet-jvl.fr\/site\/2023\/08\/28\/session-decriture-2023\/#primaryimage"},"thumbnailUrl":"https:\/\/www.cabinet-jvl.fr\/site\/wp-content\/uploads\/Elzet-6.jpg","keywords":["Ecriture"],"articleSection":["A la Une"],"inLanguage":"fr-FR","potentialAction":[{"@type":"CommentAction","name":"Comment","target":["https:\/\/www.cabinet-jvl.fr\/site\/2023\/08\/28\/session-decriture-2023\/#respond"]}]},{"@type":"WebPage","@id":"https:\/\/www.cabinet-jvl.fr\/site\/2023\/08\/28\/session-decriture-2023\/","url":"https:\/\/www.cabinet-jvl.fr\/site\/2023\/08\/28\/session-decriture-2023\/","name":"Session d'\u00e9criture 2023 - Cabinet JVL","isPartOf":{"@id":"https:\/\/www.cabinet-jvl.fr\/site\/#website"},"primaryImageOfPage":{"@id":"https:\/\/www.cabinet-jvl.fr\/site\/2023\/08\/28\/session-decriture-2023\/#primaryimage"},"image":{"@id":"https:\/\/www.cabinet-jvl.fr\/site\/2023\/08\/28\/session-decriture-2023\/#primaryimage"},"thumbnailUrl":"https:\/\/www.cabinet-jvl.fr\/site\/wp-content\/uploads\/Elzet-6.jpg","datePublished":"2023-08-28T13:56:00+00:00","dateModified":"2023-10-14T14:12:07+00:00","breadcrumb":{"@id":"https:\/\/www.cabinet-jvl.fr\/site\/2023\/08\/28\/session-decriture-2023\/#breadcrumb"},"inLanguage":"fr-FR","potentialAction":[{"@type":"ReadAction","target":["https:\/\/www.cabinet-jvl.fr\/site\/2023\/08\/28\/session-decriture-2023\/"]}]},{"@type":"ImageObject","inLanguage":"fr-FR","@id":"https:\/\/www.cabinet-jvl.fr\/site\/2023\/08\/28\/session-decriture-2023\/#primaryimage","url":"https:\/\/www.cabinet-jvl.fr\/site\/wp-content\/uploads\/Elzet-6.jpg","contentUrl":"https:\/\/www.cabinet-jvl.fr\/site\/wp-content\/uploads\/Elzet-6.jpg","width":764,"height":770},{"@type":"BreadcrumbList","@id":"https:\/\/www.cabinet-jvl.fr\/site\/2023\/08\/28\/session-decriture-2023\/#breadcrumb","itemListElement":[{"@type":"ListItem","position":1,"name":"Accueil","item":"https:\/\/www.cabinet-jvl.fr\/site\/"},{"@type":"ListItem","position":2,"name":"Session d&#8217;\u00e9criture 2023"}]},{"@type":"WebSite","@id":"https:\/\/www.cabinet-jvl.fr\/site\/#website","url":"https:\/\/www.cabinet-jvl.fr\/site\/","name":"Cabinet JVL","description":"J\u00e9r\u00f4me Valentin-L\u00e9autaud, Th\u00e9rapeute Consultant et Formateur \u00e0 Nice","publisher":{"@id":"https:\/\/www.cabinet-jvl.fr\/site\/#organization"},"potentialAction":[{"@type":"SearchAction","target":{"@type":"EntryPoint","urlTemplate":"https:\/\/www.cabinet-jvl.fr\/site\/?s={search_term_string}"},"query-input":{"@type":"PropertyValueSpecification","valueRequired":true,"valueName":"search_term_string"}}],"inLanguage":"fr-FR"},{"@type":"Organization","@id":"https:\/\/www.cabinet-jvl.fr\/site\/#organization","name":"Cabinet J\u00e9r\u00f4me Valentin-L\u00e9autaud","url":"https:\/\/www.cabinet-jvl.fr\/site\/","logo":{"@type":"ImageObject","inLanguage":"fr-FR","@id":"https:\/\/www.cabinet-jvl.fr\/site\/#\/schema\/logo\/image\/","url":"https:\/\/www.cabinet-jvl.fr\/site\/wp-content\/uploads\/logo-cabinet-jvl-s.png","contentUrl":"https:\/\/www.cabinet-jvl.fr\/site\/wp-content\/uploads\/logo-cabinet-jvl-s.png","width":1044,"height":638,"caption":"Cabinet J\u00e9r\u00f4me Valentin-L\u00e9autaud"},"image":{"@id":"https:\/\/www.cabinet-jvl.fr\/site\/#\/schema\/logo\/image\/"},"sameAs":["https:\/\/www.facebook.com\/CabinetJVL","https:\/\/x.com\/lamethodejvl"]},{"@type":"Person","@id":"https:\/\/www.cabinet-jvl.fr\/site\/#\/schema\/person\/3f7adc0ea0ad8315a1ecc9e4d896e976","name":"J\u00e9r\u00f4me Valentin-L\u00e9autaud","image":{"@type":"ImageObject","inLanguage":"fr-FR","@id":"https:\/\/www.cabinet-jvl.fr\/site\/#\/schema\/person\/image\/","url":"https:\/\/secure.gravatar.com\/avatar\/3c7df8595cbb6a5b80fff35e6641c1b2c9f037f9024948d5a5667177267c4526?s=96&d=mm&r=g","contentUrl":"https:\/\/secure.gravatar.com\/avatar\/3c7df8595cbb6a5b80fff35e6641c1b2c9f037f9024948d5a5667177267c4526?s=96&d=mm&r=g","caption":"J\u00e9r\u00f4me Valentin-L\u00e9autaud"},"sameAs":["https:\/\/www.cabinet-jvl.fr\/site"],"url":"https:\/\/www.cabinet-jvl.fr\/site\/author\/hcy3e\/"}]}},"_links":{"self":[{"href":"https:\/\/www.cabinet-jvl.fr\/site\/wp-json\/wp\/v2\/posts\/1198","targetHints":{"allow":["GET"]}}],"collection":[{"href":"https:\/\/www.cabinet-jvl.fr\/site\/wp-json\/wp\/v2\/posts"}],"about":[{"href":"https:\/\/www.cabinet-jvl.fr\/site\/wp-json\/wp\/v2\/types\/post"}],"author":[{"embeddable":true,"href":"https:\/\/www.cabinet-jvl.fr\/site\/wp-json\/wp\/v2\/users\/1"}],"replies":[{"embeddable":true,"href":"https:\/\/www.cabinet-jvl.fr\/site\/wp-json\/wp\/v2\/comments?post=1198"}],"version-history":[{"count":1,"href":"https:\/\/www.cabinet-jvl.fr\/site\/wp-json\/wp\/v2\/posts\/1198\/revisions"}],"predecessor-version":[{"id":1205,"href":"https:\/\/www.cabinet-jvl.fr\/site\/wp-json\/wp\/v2\/posts\/1198\/revisions\/1205"}],"wp:featuredmedia":[{"embeddable":true,"href":"https:\/\/www.cabinet-jvl.fr\/site\/wp-json\/wp\/v2\/media\/1204"}],"wp:attachment":[{"href":"https:\/\/www.cabinet-jvl.fr\/site\/wp-json\/wp\/v2\/media?parent=1198"}],"wp:term":[{"taxonomy":"category","embeddable":true,"href":"https:\/\/www.cabinet-jvl.fr\/site\/wp-json\/wp\/v2\/categories?post=1198"},{"taxonomy":"post_tag","embeddable":true,"href":"https:\/\/www.cabinet-jvl.fr\/site\/wp-json\/wp\/v2\/tags?post=1198"}],"curies":[{"name":"wp","href":"https:\/\/api.w.org\/{rel}","templated":true}]}}