{"id":1178,"date":"2023-09-14T12:57:00","date_gmt":"2023-09-14T10:57:00","guid":{"rendered":"https:\/\/www.cabinet-jvl.fr\/site\/?p=1178"},"modified":"2023-10-14T13:00:31","modified_gmt":"2023-10-14T11:00:31","slug":"46e-rencontres-de-lactas-a-cherbourg","status":"publish","type":"post","link":"https:\/\/www.cabinet-jvl.fr\/site\/2023\/09\/14\/46e-rencontres-de-lactas-a-cherbourg\/","title":{"rendered":"46e rencontres de l&#8217;ACTAS \u00e0 Cherbourg"},"content":{"rendered":"\n<p>C&#8217;est parti pour 2 journ\u00e9es ancr\u00e9es dans la relation, l&#8217;\u00e9change et l&#8217;interaction ! C&#8217;est en effet un grand plaisir que de retrouver l&#8217;ensemble des membres de l&#8217;Association des Cadres Territoriaux de l&#8217;Action Sociale, ses administrateurs et l&#8217;ensemble des partenaires pour ces 46es Rencontres de l&#8217;ACTAS.<\/p>\n\n\n\n<!--more-->\n\n\n\n<p>Un cru consacr\u00e9 au th\u00e8me : &#8220;Pr\u00e9venir, prendre soin, accompagner&#8230;&#8221; ! autant vous dire que c&#8217;est un th\u00e8me qui percute nos r\u00e9alit\u00e9s du quotidien!<br><br>Plaisir de d\u00e9couvrir cette ann\u00e9e la charmante <a href=\"https:\/\/www.facebook.com\/villedecherbourg?__cft__[0]=AZXXCHW9cxnHASGB--Gmva8jMLREEhCdul6qBGxP97yO07BXQBHEkvMURDkz5F45iLKsdIEkPr4gCpUAoptGPIRCOF0N1hDzxufiyX2qUeQZR6M1HwwO69VvGq8m1LSx4DY-u-znjhAgnirMF0AjaKTnsUBWDYEyri82Ct1SD4IgQCxDAYZV4MXycrbj177ROVWcjKOUdWYjq9MTZ9zVw_T2&amp;__tn__=-]K*F\">Ville de Cherbourg-en-Cotentin<\/a> \/ <a href=\"https:\/\/www.facebook.com\/leCotentin?__cft__[0]=AZXXCHW9cxnHASGB--Gmva8jMLREEhCdul6qBGxP97yO07BXQBHEkvMURDkz5F45iLKsdIEkPr4gCpUAoptGPIRCOF0N1hDzxufiyX2qUeQZR6M1HwwO69VvGq8m1LSx4DY-u-znjhAgnirMF0AjaKTnsUBWDYEyri82Ct1SD4IgQCxDAYZV4MXycrbj177ROVWcjKOUdWYjq9MTZ9zVw_T2&amp;__tn__=-]K*F\">Communaut\u00e9 d&#8217;agglom\u00e9ration du Cotentin<\/a> et plus largement le <a href=\"https:\/\/www.facebook.com\/MancheDepartement?__cft__[0]=AZXXCHW9cxnHASGB--Gmva8jMLREEhCdul6qBGxP97yO07BXQBHEkvMURDkz5F45iLKsdIEkPr4gCpUAoptGPIRCOF0N1hDzxufiyX2qUeQZR6M1HwwO69VvGq8m1LSx4DY-u-znjhAgnirMF0AjaKTnsUBWDYEyri82Ct1SD4IgQCxDAYZV4MXycrbj177ROVWcjKOUdWYjq9MTZ9zVw_T2&amp;__tn__=-]K*F\">D\u00e9partement de la Manche<\/a> pour ces rencontres 2023 !<br>Plaisir \u00e9galement d&#8217;observer la richesse et la diversit\u00e9 des partenaires pr\u00e9sents.<br><br>Au del\u00e0 de tout ceci, plaisir de voir les rires, les sourires, les regards complices et l&#8217;\u00e9lan dynamique qui sont la signature d&#8217;un r\u00e9seau qui tous les ans nous honore d&#8217;un accueil rayonnant!<br><br>Pour consulter le programme des 46es Rencontres 2023 : <a href=\"https:\/\/lnkd.in\/eYZg4t5k?fbclid=IwAR35LjyJSebZdOMs6GrG5kX2D7qDbCxHrFw0VXGhwY1HnFWN2XT3l0oDEDA\" target=\"_blank\" rel=\"noreferrer noopener\">https:\/\/lnkd.in\/eYZg4t5k<\/a><\/p>\n","protected":false},"excerpt":{"rendered":"<p>C&#8217;est parti pour 2 journ\u00e9es ancr\u00e9es dans la relation, l&#8217;\u00e9change et l&#8217;interaction ! C&#8217;est en effet un grand plaisir que de retrouver l&#8217;ensemble des membres de l&#8217;Association des Cadres Territoriaux de l&#8217;Action Sociale, ses administrateurs et l&#8217;ensemble des partenaires pour ces 46es Rencontres de l&#8217;ACTAS.<\/p>\n","protected":false},"author":1,"featured_media":1179,"comment_status":"open","ping_status":"open","sticky":false,"template":"","format":"standard","meta":{"footnotes":""},"categories":[7,6,5,3,4],"tags":[24,27,26,25],"class_list":["post-1178","post","type-post","status-publish","format-standard","has-post-thumbnail","hentry","category-a-la-une","category-coaching","category-consulting","category-formation","category-therapie","tag-actas","tag-action-sociale","tag-cherbourg","tag-rencontres"],"yoast_head":"<!-- This site is optimized with the Yoast SEO plugin v23.6 - https:\/\/yoast.com\/wordpress\/plugins\/seo\/ -->\n<title>46e rencontres de l&#039;ACTAS \u00e0 Cherbourg - Cabinet JVL<\/title>\n<meta name=\"robots\" content=\"index, follow, max-snippet:-1, max-image-preview:large, max-video-preview:-1\" \/>\n<link rel=\"canonical\" href=\"https:\/\/www.cabinet-jvl.fr\/site\/2023\/09\/14\/46e-rencontres-de-lactas-a-cherbourg\/\" \/>\n<meta property=\"og:locale\" content=\"fr_FR\" \/>\n<meta property=\"og:type\" content=\"article\" \/>\n<meta property=\"og:title\" content=\"46e rencontres de l&#039;ACTAS \u00e0 Cherbourg - Cabinet JVL\" \/>\n<meta property=\"og:description\" content=\"C&#8217;est parti pour 2 journ\u00e9es ancr\u00e9es dans la relation, l&#8217;\u00e9change et l&#8217;interaction ! C&#8217;est en effet un grand plaisir que de retrouver l&#8217;ensemble des membres de l&#8217;Association des Cadres Territoriaux de l&#8217;Action Sociale, ses administrateurs et l&#8217;ensemble des partenaires pour ces 46es Rencontres de l&#8217;ACTAS.\" \/>\n<meta property=\"og:url\" content=\"https:\/\/www.cabinet-jvl.fr\/site\/2023\/09\/14\/46e-rencontres-de-lactas-a-cherbourg\/\" \/>\n<meta property=\"og:site_name\" content=\"Cabinet JVL\" \/>\n<meta property=\"article:publisher\" content=\"https:\/\/www.facebook.com\/CabinetJVL\" \/>\n<meta property=\"article:published_time\" content=\"2023-09-14T10:57:00+00:00\" \/>\n<meta property=\"article:modified_time\" content=\"2023-10-14T11:00:31+00:00\" \/>\n<meta property=\"og:image\" content=\"https:\/\/www.cabinet-jvl.fr\/site\/wp-content\/uploads\/RencontresACTAS2023Cherbourg.jpg\" \/>\n\t<meta property=\"og:image:width\" content=\"1564\" \/>\n\t<meta property=\"og:image:height\" content=\"1564\" \/>\n\t<meta property=\"og:image:type\" content=\"image\/jpeg\" \/>\n<meta name=\"author\" content=\"J\u00e9r\u00f4me Valentin-L\u00e9autaud\" \/>\n<meta name=\"twitter:card\" content=\"summary_large_image\" \/>\n<meta name=\"twitter:creator\" content=\"@lamethodejvl\" \/>\n<meta name=\"twitter:site\" content=\"@lamethodejvl\" \/>\n<meta name=\"twitter:label1\" content=\"\u00c9crit par\" \/>\n\t<meta name=\"twitter:data1\" content=\"J\u00e9r\u00f4me Valentin-L\u00e9autaud\" \/>\n\t<meta name=\"twitter:label2\" content=\"Dur\u00e9e de lecture estim\u00e9e\" \/>\n\t<meta name=\"twitter:data2\" content=\"1 minute\" \/>\n<script type=\"application\/ld+json\" class=\"yoast-schema-graph\">{\"@context\":\"https:\/\/schema.org\",\"@graph\":[{\"@type\":\"Article\",\"@id\":\"https:\/\/www.cabinet-jvl.fr\/site\/2023\/09\/14\/46e-rencontres-de-lactas-a-cherbourg\/#article\",\"isPartOf\":{\"@id\":\"https:\/\/www.cabinet-jvl.fr\/site\/2023\/09\/14\/46e-rencontres-de-lactas-a-cherbourg\/\"},\"author\":{\"name\":\"J\u00e9r\u00f4me Valentin-L\u00e9autaud\",\"@id\":\"https:\/\/www.cabinet-jvl.fr\/site\/#\/schema\/person\/3f7adc0ea0ad8315a1ecc9e4d896e976\"},\"headline\":\"46e rencontres de l&#8217;ACTAS \u00e0 Cherbourg\",\"datePublished\":\"2023-09-14T10:57:00+00:00\",\"dateModified\":\"2023-10-14T11:00:31+00:00\",\"mainEntityOfPage\":{\"@id\":\"https:\/\/www.cabinet-jvl.fr\/site\/2023\/09\/14\/46e-rencontres-de-lactas-a-cherbourg\/\"},\"wordCount\":181,\"commentCount\":0,\"publisher\":{\"@id\":\"https:\/\/www.cabinet-jvl.fr\/site\/#organization\"},\"image\":{\"@id\":\"https:\/\/www.cabinet-jvl.fr\/site\/2023\/09\/14\/46e-rencontres-de-lactas-a-cherbourg\/#primaryimage\"},\"thumbnailUrl\":\"https:\/\/www.cabinet-jvl.fr\/site\/wp-content\/uploads\/RencontresACTAS2023Cherbourg.jpg\",\"keywords\":[\"ACTAS\",\"Action Sociale\",\"Cherbourg\",\"Rencontres\"],\"articleSection\":[\"A la Une\",\"Coaching\",\"Consulting\",\"Formation\",\"Th\u00e9rapie\"],\"inLanguage\":\"fr-FR\",\"potentialAction\":[{\"@type\":\"CommentAction\",\"name\":\"Comment\",\"target\":[\"https:\/\/www.cabinet-jvl.fr\/site\/2023\/09\/14\/46e-rencontres-de-lactas-a-cherbourg\/#respond\"]}]},{\"@type\":\"WebPage\",\"@id\":\"https:\/\/www.cabinet-jvl.fr\/site\/2023\/09\/14\/46e-rencontres-de-lactas-a-cherbourg\/\",\"url\":\"https:\/\/www.cabinet-jvl.fr\/site\/2023\/09\/14\/46e-rencontres-de-lactas-a-cherbourg\/\",\"name\":\"46e rencontres de l'ACTAS \u00e0 Cherbourg - Cabinet JVL\",\"isPartOf\":{\"@id\":\"https:\/\/www.cabinet-jvl.fr\/site\/#website\"},\"primaryImageOfPage\":{\"@id\":\"https:\/\/www.cabinet-jvl.fr\/site\/2023\/09\/14\/46e-rencontres-de-lactas-a-cherbourg\/#primaryimage\"},\"image\":{\"@id\":\"https:\/\/www.cabinet-jvl.fr\/site\/2023\/09\/14\/46e-rencontres-de-lactas-a-cherbourg\/#primaryimage\"},\"thumbnailUrl\":\"https:\/\/www.cabinet-jvl.fr\/site\/wp-content\/uploads\/RencontresACTAS2023Cherbourg.jpg\",\"datePublished\":\"2023-09-14T10:57:00+00:00\",\"dateModified\":\"2023-10-14T11:00:31+00:00\",\"breadcrumb\":{\"@id\":\"https:\/\/www.cabinet-jvl.fr\/site\/2023\/09\/14\/46e-rencontres-de-lactas-a-cherbourg\/#breadcrumb\"},\"inLanguage\":\"fr-FR\",\"potentialAction\":[{\"@type\":\"ReadAction\",\"target\":[\"https:\/\/www.cabinet-jvl.fr\/site\/2023\/09\/14\/46e-rencontres-de-lactas-a-cherbourg\/\"]}]},{\"@type\":\"ImageObject\",\"inLanguage\":\"fr-FR\",\"@id\":\"https:\/\/www.cabinet-jvl.fr\/site\/2023\/09\/14\/46e-rencontres-de-lactas-a-cherbourg\/#primaryimage\",\"url\":\"https:\/\/www.cabinet-jvl.fr\/site\/wp-content\/uploads\/RencontresACTAS2023Cherbourg.jpg\",\"contentUrl\":\"https:\/\/www.cabinet-jvl.fr\/site\/wp-content\/uploads\/RencontresACTAS2023Cherbourg.jpg\",\"width\":1564,\"height\":1564},{\"@type\":\"BreadcrumbList\",\"@id\":\"https:\/\/www.cabinet-jvl.fr\/site\/2023\/09\/14\/46e-rencontres-de-lactas-a-cherbourg\/#breadcrumb\",\"itemListElement\":[{\"@type\":\"ListItem\",\"position\":1,\"name\":\"Accueil\",\"item\":\"https:\/\/www.cabinet-jvl.fr\/site\/\"},{\"@type\":\"ListItem\",\"position\":2,\"name\":\"46e rencontres de l&#8217;ACTAS \u00e0 Cherbourg\"}]},{\"@type\":\"WebSite\",\"@id\":\"https:\/\/www.cabinet-jvl.fr\/site\/#website\",\"url\":\"https:\/\/www.cabinet-jvl.fr\/site\/\",\"name\":\"Cabinet JVL\",\"description\":\"J\u00e9r\u00f4me Valentin-L\u00e9autaud, Th\u00e9rapeute Consultant et Formateur \u00e0 Nice\",\"publisher\":{\"@id\":\"https:\/\/www.cabinet-jvl.fr\/site\/#organization\"},\"potentialAction\":[{\"@type\":\"SearchAction\",\"target\":{\"@type\":\"EntryPoint\",\"urlTemplate\":\"https:\/\/www.cabinet-jvl.fr\/site\/?s={search_term_string}\"},\"query-input\":{\"@type\":\"PropertyValueSpecification\",\"valueRequired\":true,\"valueName\":\"search_term_string\"}}],\"inLanguage\":\"fr-FR\"},{\"@type\":\"Organization\",\"@id\":\"https:\/\/www.cabinet-jvl.fr\/site\/#organization\",\"name\":\"Cabinet J\u00e9r\u00f4me Valentin-L\u00e9autaud\",\"url\":\"https:\/\/www.cabinet-jvl.fr\/site\/\",\"logo\":{\"@type\":\"ImageObject\",\"inLanguage\":\"fr-FR\",\"@id\":\"https:\/\/www.cabinet-jvl.fr\/site\/#\/schema\/logo\/image\/\",\"url\":\"https:\/\/www.cabinet-jvl.fr\/site\/wp-content\/uploads\/logo-cabinet-jvl-s.png\",\"contentUrl\":\"https:\/\/www.cabinet-jvl.fr\/site\/wp-content\/uploads\/logo-cabinet-jvl-s.png\",\"width\":1044,\"height\":638,\"caption\":\"Cabinet J\u00e9r\u00f4me Valentin-L\u00e9autaud\"},\"image\":{\"@id\":\"https:\/\/www.cabinet-jvl.fr\/site\/#\/schema\/logo\/image\/\"},\"sameAs\":[\"https:\/\/www.facebook.com\/CabinetJVL\",\"https:\/\/x.com\/lamethodejvl\"]},{\"@type\":\"Person\",\"@id\":\"https:\/\/www.cabinet-jvl.fr\/site\/#\/schema\/person\/3f7adc0ea0ad8315a1ecc9e4d896e976\",\"name\":\"J\u00e9r\u00f4me Valentin-L\u00e9autaud\",\"image\":{\"@type\":\"ImageObject\",\"inLanguage\":\"fr-FR\",\"@id\":\"https:\/\/www.cabinet-jvl.fr\/site\/#\/schema\/person\/image\/\",\"url\":\"https:\/\/secure.gravatar.com\/avatar\/3c7df8595cbb6a5b80fff35e6641c1b2c9f037f9024948d5a5667177267c4526?s=96&d=mm&r=g\",\"contentUrl\":\"https:\/\/secure.gravatar.com\/avatar\/3c7df8595cbb6a5b80fff35e6641c1b2c9f037f9024948d5a5667177267c4526?s=96&d=mm&r=g\",\"caption\":\"J\u00e9r\u00f4me Valentin-L\u00e9autaud\"},\"sameAs\":[\"https:\/\/www.cabinet-jvl.fr\/site\"],\"url\":\"https:\/\/www.cabinet-jvl.fr\/site\/author\/hcy3e\/\"}]}<\/script>\n<!-- \/ Yoast SEO plugin. -->","yoast_head_json":{"title":"46e rencontres de l'ACTAS \u00e0 Cherbourg - Cabinet JVL","robots":{"index":"index","follow":"follow","max-snippet":"max-snippet:-1","max-image-preview":"max-image-preview:large","max-video-preview":"max-video-preview:-1"},"canonical":"https:\/\/www.cabinet-jvl.fr\/site\/2023\/09\/14\/46e-rencontres-de-lactas-a-cherbourg\/","og_locale":"fr_FR","og_type":"article","og_title":"46e rencontres de l'ACTAS \u00e0 Cherbourg - Cabinet JVL","og_description":"C&#8217;est parti pour 2 journ\u00e9es ancr\u00e9es dans la relation, l&#8217;\u00e9change et l&#8217;interaction ! C&#8217;est en effet un grand plaisir que de retrouver l&#8217;ensemble des membres de l&#8217;Association des Cadres Territoriaux de l&#8217;Action Sociale, ses administrateurs et l&#8217;ensemble des partenaires pour ces 46es Rencontres de l&#8217;ACTAS.","og_url":"https:\/\/www.cabinet-jvl.fr\/site\/2023\/09\/14\/46e-rencontres-de-lactas-a-cherbourg\/","og_site_name":"Cabinet JVL","article_publisher":"https:\/\/www.facebook.com\/CabinetJVL","article_published_time":"2023-09-14T10:57:00+00:00","article_modified_time":"2023-10-14T11:00:31+00:00","og_image":[{"width":1564,"height":1564,"url":"https:\/\/www.cabinet-jvl.fr\/site\/wp-content\/uploads\/RencontresACTAS2023Cherbourg.jpg","type":"image\/jpeg"}],"author":"J\u00e9r\u00f4me Valentin-L\u00e9autaud","twitter_card":"summary_large_image","twitter_creator":"@lamethodejvl","twitter_site":"@lamethodejvl","twitter_misc":{"\u00c9crit par":"J\u00e9r\u00f4me Valentin-L\u00e9autaud","Dur\u00e9e de lecture estim\u00e9e":"1 minute"},"schema":{"@context":"https:\/\/schema.org","@graph":[{"@type":"Article","@id":"https:\/\/www.cabinet-jvl.fr\/site\/2023\/09\/14\/46e-rencontres-de-lactas-a-cherbourg\/#article","isPartOf":{"@id":"https:\/\/www.cabinet-jvl.fr\/site\/2023\/09\/14\/46e-rencontres-de-lactas-a-cherbourg\/"},"author":{"name":"J\u00e9r\u00f4me Valentin-L\u00e9autaud","@id":"https:\/\/www.cabinet-jvl.fr\/site\/#\/schema\/person\/3f7adc0ea0ad8315a1ecc9e4d896e976"},"headline":"46e rencontres de l&#8217;ACTAS \u00e0 Cherbourg","datePublished":"2023-09-14T10:57:00+00:00","dateModified":"2023-10-14T11:00:31+00:00","mainEntityOfPage":{"@id":"https:\/\/www.cabinet-jvl.fr\/site\/2023\/09\/14\/46e-rencontres-de-lactas-a-cherbourg\/"},"wordCount":181,"commentCount":0,"publisher":{"@id":"https:\/\/www.cabinet-jvl.fr\/site\/#organization"},"image":{"@id":"https:\/\/www.cabinet-jvl.fr\/site\/2023\/09\/14\/46e-rencontres-de-lactas-a-cherbourg\/#primaryimage"},"thumbnailUrl":"https:\/\/www.cabinet-jvl.fr\/site\/wp-content\/uploads\/RencontresACTAS2023Cherbourg.jpg","keywords":["ACTAS","Action Sociale","Cherbourg","Rencontres"],"articleSection":["A la Une","Coaching","Consulting","Formation","Th\u00e9rapie"],"inLanguage":"fr-FR","potentialAction":[{"@type":"CommentAction","name":"Comment","target":["https:\/\/www.cabinet-jvl.fr\/site\/2023\/09\/14\/46e-rencontres-de-lactas-a-cherbourg\/#respond"]}]},{"@type":"WebPage","@id":"https:\/\/www.cabinet-jvl.fr\/site\/2023\/09\/14\/46e-rencontres-de-lactas-a-cherbourg\/","url":"https:\/\/www.cabinet-jvl.fr\/site\/2023\/09\/14\/46e-rencontres-de-lactas-a-cherbourg\/","name":"46e rencontres de l'ACTAS \u00e0 Cherbourg - Cabinet JVL","isPartOf":{"@id":"https:\/\/www.cabinet-jvl.fr\/site\/#website"},"primaryImageOfPage":{"@id":"https:\/\/www.cabinet-jvl.fr\/site\/2023\/09\/14\/46e-rencontres-de-lactas-a-cherbourg\/#primaryimage"},"image":{"@id":"https:\/\/www.cabinet-jvl.fr\/site\/2023\/09\/14\/46e-rencontres-de-lactas-a-cherbourg\/#primaryimage"},"thumbnailUrl":"https:\/\/www.cabinet-jvl.fr\/site\/wp-content\/uploads\/RencontresACTAS2023Cherbourg.jpg","datePublished":"2023-09-14T10:57:00+00:00","dateModified":"2023-10-14T11:00:31+00:00","breadcrumb":{"@id":"https:\/\/www.cabinet-jvl.fr\/site\/2023\/09\/14\/46e-rencontres-de-lactas-a-cherbourg\/#breadcrumb"},"inLanguage":"fr-FR","potentialAction":[{"@type":"ReadAction","target":["https:\/\/www.cabinet-jvl.fr\/site\/2023\/09\/14\/46e-rencontres-de-lactas-a-cherbourg\/"]}]},{"@type":"ImageObject","inLanguage":"fr-FR","@id":"https:\/\/www.cabinet-jvl.fr\/site\/2023\/09\/14\/46e-rencontres-de-lactas-a-cherbourg\/#primaryimage","url":"https:\/\/www.cabinet-jvl.fr\/site\/wp-content\/uploads\/RencontresACTAS2023Cherbourg.jpg","contentUrl":"https:\/\/www.cabinet-jvl.fr\/site\/wp-content\/uploads\/RencontresACTAS2023Cherbourg.jpg","width":1564,"height":1564},{"@type":"BreadcrumbList","@id":"https:\/\/www.cabinet-jvl.fr\/site\/2023\/09\/14\/46e-rencontres-de-lactas-a-cherbourg\/#breadcrumb","itemListElement":[{"@type":"ListItem","position":1,"name":"Accueil","item":"https:\/\/www.cabinet-jvl.fr\/site\/"},{"@type":"ListItem","position":2,"name":"46e rencontres de l&#8217;ACTAS \u00e0 Cherbourg"}]},{"@type":"WebSite","@id":"https:\/\/www.cabinet-jvl.fr\/site\/#website","url":"https:\/\/www.cabinet-jvl.fr\/site\/","name":"Cabinet JVL","description":"J\u00e9r\u00f4me Valentin-L\u00e9autaud, Th\u00e9rapeute Consultant et Formateur \u00e0 Nice","publisher":{"@id":"https:\/\/www.cabinet-jvl.fr\/site\/#organization"},"potentialAction":[{"@type":"SearchAction","target":{"@type":"EntryPoint","urlTemplate":"https:\/\/www.cabinet-jvl.fr\/site\/?s={search_term_string}"},"query-input":{"@type":"PropertyValueSpecification","valueRequired":true,"valueName":"search_term_string"}}],"inLanguage":"fr-FR"},{"@type":"Organization","@id":"https:\/\/www.cabinet-jvl.fr\/site\/#organization","name":"Cabinet J\u00e9r\u00f4me Valentin-L\u00e9autaud","url":"https:\/\/www.cabinet-jvl.fr\/site\/","logo":{"@type":"ImageObject","inLanguage":"fr-FR","@id":"https:\/\/www.cabinet-jvl.fr\/site\/#\/schema\/logo\/image\/","url":"https:\/\/www.cabinet-jvl.fr\/site\/wp-content\/uploads\/logo-cabinet-jvl-s.png","contentUrl":"https:\/\/www.cabinet-jvl.fr\/site\/wp-content\/uploads\/logo-cabinet-jvl-s.png","width":1044,"height":638,"caption":"Cabinet J\u00e9r\u00f4me Valentin-L\u00e9autaud"},"image":{"@id":"https:\/\/www.cabinet-jvl.fr\/site\/#\/schema\/logo\/image\/"},"sameAs":["https:\/\/www.facebook.com\/CabinetJVL","https:\/\/x.com\/lamethodejvl"]},{"@type":"Person","@id":"https:\/\/www.cabinet-jvl.fr\/site\/#\/schema\/person\/3f7adc0ea0ad8315a1ecc9e4d896e976","name":"J\u00e9r\u00f4me Valentin-L\u00e9autaud","image":{"@type":"ImageObject","inLanguage":"fr-FR","@id":"https:\/\/www.cabinet-jvl.fr\/site\/#\/schema\/person\/image\/","url":"https:\/\/secure.gravatar.com\/avatar\/3c7df8595cbb6a5b80fff35e6641c1b2c9f037f9024948d5a5667177267c4526?s=96&d=mm&r=g","contentUrl":"https:\/\/secure.gravatar.com\/avatar\/3c7df8595cbb6a5b80fff35e6641c1b2c9f037f9024948d5a5667177267c4526?s=96&d=mm&r=g","caption":"J\u00e9r\u00f4me Valentin-L\u00e9autaud"},"sameAs":["https:\/\/www.cabinet-jvl.fr\/site"],"url":"https:\/\/www.cabinet-jvl.fr\/site\/author\/hcy3e\/"}]}},"_links":{"self":[{"href":"https:\/\/www.cabinet-jvl.fr\/site\/wp-json\/wp\/v2\/posts\/1178","targetHints":{"allow":["GET"]}}],"collection":[{"href":"https:\/\/www.cabinet-jvl.fr\/site\/wp-json\/wp\/v2\/posts"}],"about":[{"href":"https:\/\/www.cabinet-jvl.fr\/site\/wp-json\/wp\/v2\/types\/post"}],"author":[{"embeddable":true,"href":"https:\/\/www.cabinet-jvl.fr\/site\/wp-json\/wp\/v2\/users\/1"}],"replies":[{"embeddable":true,"href":"https:\/\/www.cabinet-jvl.fr\/site\/wp-json\/wp\/v2\/comments?post=1178"}],"version-history":[{"count":1,"href":"https:\/\/www.cabinet-jvl.fr\/site\/wp-json\/wp\/v2\/posts\/1178\/revisions"}],"predecessor-version":[{"id":1180,"href":"https:\/\/www.cabinet-jvl.fr\/site\/wp-json\/wp\/v2\/posts\/1178\/revisions\/1180"}],"wp:featuredmedia":[{"embeddable":true,"href":"https:\/\/www.cabinet-jvl.fr\/site\/wp-json\/wp\/v2\/media\/1179"}],"wp:attachment":[{"href":"https:\/\/www.cabinet-jvl.fr\/site\/wp-json\/wp\/v2\/media?parent=1178"}],"wp:term":[{"taxonomy":"category","embeddable":true,"href":"https:\/\/www.cabinet-jvl.fr\/site\/wp-json\/wp\/v2\/categories?post=1178"},{"taxonomy":"post_tag","embeddable":true,"href":"https:\/\/www.cabinet-jvl.fr\/site\/wp-json\/wp\/v2\/tags?post=1178"}],"curies":[{"name":"wp","href":"https:\/\/api.w.org\/{rel}","templated":true}]}}