{"id":1134,"date":"2023-07-08T11:29:00","date_gmt":"2023-07-08T09:29:00","guid":{"rendered":"https:\/\/www.cabinet-jvl.fr\/site\/?p=1134"},"modified":"2023-10-14T11:31:52","modified_gmt":"2023-10-14T09:31:52","slug":"marseille-7-juillet-2023","status":"publish","type":"post","link":"https:\/\/www.cabinet-jvl.fr\/site\/2023\/07\/08\/marseille-7-juillet-2023\/","title":{"rendered":"Marseille, 7 juillet 2023"},"content":{"rendered":"\n<p>Hier \u00e9tait une journ\u00e9e importante pour Pauline Beer avec sa soutenance de th\u00e8se de doctorat en Droit public sur le th\u00e8me de la sant\u00e9 en milieu carc\u00e9ral. Grand honneur d&#8217;avoir \u00e9t\u00e9 pr\u00e9sent \u00e0 ses c\u00f4t\u00e9s avec Melanie Martel et Nicolas L\u00e9autaud, au sein un public attentif, pour ce moment initiatique o\u00f9 la doctorante devient Docteure es Droit avec les f\u00e9licitations d&#8217;un jury d&#8217;excellence ! Bravo \u00e0 elle ! Une page se tourne et d&#8217;autres commencent \u00e0 s&#8217;\u00e9crire\u2026 la suite aux prochains \u00e9pisodes !<\/p>\n","protected":false},"excerpt":{"rendered":"<p>Hier \u00e9tait une journ\u00e9e importante pour Pauline Beer avec sa soutenance de th\u00e8se de doctorat en Droit public sur le th\u00e8me de la sant\u00e9 en milieu carc\u00e9ral. Grand honneur d&#8217;avoir \u00e9t\u00e9 pr\u00e9sent \u00e0 ses c\u00f4t\u00e9s avec Melanie Martel et Nicolas L\u00e9autaud, au sein un public attentif, pour ce moment initiatique o\u00f9 la doctorante devient Docteure [&hellip;]<\/p>\n","protected":false},"author":1,"featured_media":1135,"comment_status":"open","ping_status":"open","sticky":false,"template":"","format":"standard","meta":{"footnotes":""},"categories":[8],"tags":[],"class_list":["post-1134","post","type-post","status-publish","format-standard","has-post-thumbnail","hentry","category-deplacement"],"yoast_head":"<!-- This site is optimized with the Yoast SEO plugin v23.6 - https:\/\/yoast.com\/wordpress\/plugins\/seo\/ -->\n<title>Marseille, 7 juillet 2023 - Cabinet JVL<\/title>\n<meta name=\"robots\" content=\"index, follow, max-snippet:-1, max-image-preview:large, max-video-preview:-1\" \/>\n<link rel=\"canonical\" href=\"https:\/\/www.cabinet-jvl.fr\/site\/2023\/07\/08\/marseille-7-juillet-2023\/\" \/>\n<meta property=\"og:locale\" content=\"fr_FR\" \/>\n<meta property=\"og:type\" content=\"article\" \/>\n<meta property=\"og:title\" content=\"Marseille, 7 juillet 2023 - Cabinet JVL\" \/>\n<meta property=\"og:description\" content=\"Hier \u00e9tait une journ\u00e9e importante pour Pauline Beer avec sa soutenance de th\u00e8se de doctorat en Droit public sur le th\u00e8me de la sant\u00e9 en milieu carc\u00e9ral. Grand honneur d&#8217;avoir \u00e9t\u00e9 pr\u00e9sent \u00e0 ses c\u00f4t\u00e9s avec Melanie Martel et Nicolas L\u00e9autaud, au sein un public attentif, pour ce moment initiatique o\u00f9 la doctorante devient Docteure [&hellip;]\" \/>\n<meta property=\"og:url\" content=\"https:\/\/www.cabinet-jvl.fr\/site\/2023\/07\/08\/marseille-7-juillet-2023\/\" \/>\n<meta property=\"og:site_name\" content=\"Cabinet JVL\" \/>\n<meta property=\"article:publisher\" content=\"https:\/\/www.facebook.com\/CabinetJVL\" \/>\n<meta property=\"article:published_time\" content=\"2023-07-08T09:29:00+00:00\" \/>\n<meta property=\"article:modified_time\" content=\"2023-10-14T09:31:52+00:00\" \/>\n<meta property=\"og:image\" content=\"https:\/\/www.cabinet-jvl.fr\/site\/wp-content\/uploads\/Marseille.jpg\" \/>\n\t<meta property=\"og:image:width\" content=\"1024\" \/>\n\t<meta property=\"og:image:height\" content=\"683\" \/>\n\t<meta property=\"og:image:type\" content=\"image\/jpeg\" \/>\n<meta name=\"author\" content=\"J\u00e9r\u00f4me Valentin-L\u00e9autaud\" \/>\n<meta name=\"twitter:card\" content=\"summary_large_image\" \/>\n<meta name=\"twitter:creator\" content=\"@lamethodejvl\" \/>\n<meta name=\"twitter:site\" content=\"@lamethodejvl\" \/>\n<meta name=\"twitter:label1\" content=\"\u00c9crit par\" \/>\n\t<meta name=\"twitter:data1\" content=\"J\u00e9r\u00f4me Valentin-L\u00e9autaud\" \/>\n<script type=\"application\/ld+json\" class=\"yoast-schema-graph\">{\"@context\":\"https:\/\/schema.org\",\"@graph\":[{\"@type\":\"Article\",\"@id\":\"https:\/\/www.cabinet-jvl.fr\/site\/2023\/07\/08\/marseille-7-juillet-2023\/#article\",\"isPartOf\":{\"@id\":\"https:\/\/www.cabinet-jvl.fr\/site\/2023\/07\/08\/marseille-7-juillet-2023\/\"},\"author\":{\"name\":\"J\u00e9r\u00f4me Valentin-L\u00e9autaud\",\"@id\":\"https:\/\/www.cabinet-jvl.fr\/site\/#\/schema\/person\/3f7adc0ea0ad8315a1ecc9e4d896e976\"},\"headline\":\"Marseille, 7 juillet 2023\",\"datePublished\":\"2023-07-08T09:29:00+00:00\",\"dateModified\":\"2023-10-14T09:31:52+00:00\",\"mainEntityOfPage\":{\"@id\":\"https:\/\/www.cabinet-jvl.fr\/site\/2023\/07\/08\/marseille-7-juillet-2023\/\"},\"wordCount\":93,\"commentCount\":0,\"publisher\":{\"@id\":\"https:\/\/www.cabinet-jvl.fr\/site\/#organization\"},\"image\":{\"@id\":\"https:\/\/www.cabinet-jvl.fr\/site\/2023\/07\/08\/marseille-7-juillet-2023\/#primaryimage\"},\"thumbnailUrl\":\"https:\/\/www.cabinet-jvl.fr\/site\/wp-content\/uploads\/Marseille.jpg\",\"articleSection\":[\"D\u00e9placement\"],\"inLanguage\":\"fr-FR\",\"potentialAction\":[{\"@type\":\"CommentAction\",\"name\":\"Comment\",\"target\":[\"https:\/\/www.cabinet-jvl.fr\/site\/2023\/07\/08\/marseille-7-juillet-2023\/#respond\"]}]},{\"@type\":\"WebPage\",\"@id\":\"https:\/\/www.cabinet-jvl.fr\/site\/2023\/07\/08\/marseille-7-juillet-2023\/\",\"url\":\"https:\/\/www.cabinet-jvl.fr\/site\/2023\/07\/08\/marseille-7-juillet-2023\/\",\"name\":\"Marseille, 7 juillet 2023 - Cabinet JVL\",\"isPartOf\":{\"@id\":\"https:\/\/www.cabinet-jvl.fr\/site\/#website\"},\"primaryImageOfPage\":{\"@id\":\"https:\/\/www.cabinet-jvl.fr\/site\/2023\/07\/08\/marseille-7-juillet-2023\/#primaryimage\"},\"image\":{\"@id\":\"https:\/\/www.cabinet-jvl.fr\/site\/2023\/07\/08\/marseille-7-juillet-2023\/#primaryimage\"},\"thumbnailUrl\":\"https:\/\/www.cabinet-jvl.fr\/site\/wp-content\/uploads\/Marseille.jpg\",\"datePublished\":\"2023-07-08T09:29:00+00:00\",\"dateModified\":\"2023-10-14T09:31:52+00:00\",\"breadcrumb\":{\"@id\":\"https:\/\/www.cabinet-jvl.fr\/site\/2023\/07\/08\/marseille-7-juillet-2023\/#breadcrumb\"},\"inLanguage\":\"fr-FR\",\"potentialAction\":[{\"@type\":\"ReadAction\",\"target\":[\"https:\/\/www.cabinet-jvl.fr\/site\/2023\/07\/08\/marseille-7-juillet-2023\/\"]}]},{\"@type\":\"ImageObject\",\"inLanguage\":\"fr-FR\",\"@id\":\"https:\/\/www.cabinet-jvl.fr\/site\/2023\/07\/08\/marseille-7-juillet-2023\/#primaryimage\",\"url\":\"https:\/\/www.cabinet-jvl.fr\/site\/wp-content\/uploads\/Marseille.jpg\",\"contentUrl\":\"https:\/\/www.cabinet-jvl.fr\/site\/wp-content\/uploads\/Marseille.jpg\",\"width\":1024,\"height\":683},{\"@type\":\"BreadcrumbList\",\"@id\":\"https:\/\/www.cabinet-jvl.fr\/site\/2023\/07\/08\/marseille-7-juillet-2023\/#breadcrumb\",\"itemListElement\":[{\"@type\":\"ListItem\",\"position\":1,\"name\":\"Accueil\",\"item\":\"https:\/\/www.cabinet-jvl.fr\/site\/\"},{\"@type\":\"ListItem\",\"position\":2,\"name\":\"Marseille, 7 juillet 2023\"}]},{\"@type\":\"WebSite\",\"@id\":\"https:\/\/www.cabinet-jvl.fr\/site\/#website\",\"url\":\"https:\/\/www.cabinet-jvl.fr\/site\/\",\"name\":\"Cabinet JVL\",\"description\":\"J\u00e9r\u00f4me Valentin-L\u00e9autaud, Th\u00e9rapeute Consultant et Formateur \u00e0 Nice\",\"publisher\":{\"@id\":\"https:\/\/www.cabinet-jvl.fr\/site\/#organization\"},\"potentialAction\":[{\"@type\":\"SearchAction\",\"target\":{\"@type\":\"EntryPoint\",\"urlTemplate\":\"https:\/\/www.cabinet-jvl.fr\/site\/?s={search_term_string}\"},\"query-input\":{\"@type\":\"PropertyValueSpecification\",\"valueRequired\":true,\"valueName\":\"search_term_string\"}}],\"inLanguage\":\"fr-FR\"},{\"@type\":\"Organization\",\"@id\":\"https:\/\/www.cabinet-jvl.fr\/site\/#organization\",\"name\":\"Cabinet J\u00e9r\u00f4me Valentin-L\u00e9autaud\",\"url\":\"https:\/\/www.cabinet-jvl.fr\/site\/\",\"logo\":{\"@type\":\"ImageObject\",\"inLanguage\":\"fr-FR\",\"@id\":\"https:\/\/www.cabinet-jvl.fr\/site\/#\/schema\/logo\/image\/\",\"url\":\"https:\/\/www.cabinet-jvl.fr\/site\/wp-content\/uploads\/logo-cabinet-jvl-s.png\",\"contentUrl\":\"https:\/\/www.cabinet-jvl.fr\/site\/wp-content\/uploads\/logo-cabinet-jvl-s.png\",\"width\":1044,\"height\":638,\"caption\":\"Cabinet J\u00e9r\u00f4me Valentin-L\u00e9autaud\"},\"image\":{\"@id\":\"https:\/\/www.cabinet-jvl.fr\/site\/#\/schema\/logo\/image\/\"},\"sameAs\":[\"https:\/\/www.facebook.com\/CabinetJVL\",\"https:\/\/x.com\/lamethodejvl\"]},{\"@type\":\"Person\",\"@id\":\"https:\/\/www.cabinet-jvl.fr\/site\/#\/schema\/person\/3f7adc0ea0ad8315a1ecc9e4d896e976\",\"name\":\"J\u00e9r\u00f4me Valentin-L\u00e9autaud\",\"image\":{\"@type\":\"ImageObject\",\"inLanguage\":\"fr-FR\",\"@id\":\"https:\/\/www.cabinet-jvl.fr\/site\/#\/schema\/person\/image\/\",\"url\":\"https:\/\/secure.gravatar.com\/avatar\/3c7df8595cbb6a5b80fff35e6641c1b2c9f037f9024948d5a5667177267c4526?s=96&d=mm&r=g\",\"contentUrl\":\"https:\/\/secure.gravatar.com\/avatar\/3c7df8595cbb6a5b80fff35e6641c1b2c9f037f9024948d5a5667177267c4526?s=96&d=mm&r=g\",\"caption\":\"J\u00e9r\u00f4me Valentin-L\u00e9autaud\"},\"sameAs\":[\"https:\/\/www.cabinet-jvl.fr\/site\"],\"url\":\"https:\/\/www.cabinet-jvl.fr\/site\/author\/hcy3e\/\"}]}<\/script>\n<!-- \/ Yoast SEO plugin. -->","yoast_head_json":{"title":"Marseille, 7 juillet 2023 - Cabinet JVL","robots":{"index":"index","follow":"follow","max-snippet":"max-snippet:-1","max-image-preview":"max-image-preview:large","max-video-preview":"max-video-preview:-1"},"canonical":"https:\/\/www.cabinet-jvl.fr\/site\/2023\/07\/08\/marseille-7-juillet-2023\/","og_locale":"fr_FR","og_type":"article","og_title":"Marseille, 7 juillet 2023 - Cabinet JVL","og_description":"Hier \u00e9tait une journ\u00e9e importante pour Pauline Beer avec sa soutenance de th\u00e8se de doctorat en Droit public sur le th\u00e8me de la sant\u00e9 en milieu carc\u00e9ral. Grand honneur d&#8217;avoir \u00e9t\u00e9 pr\u00e9sent \u00e0 ses c\u00f4t\u00e9s avec Melanie Martel et Nicolas L\u00e9autaud, au sein un public attentif, pour ce moment initiatique o\u00f9 la doctorante devient Docteure [&hellip;]","og_url":"https:\/\/www.cabinet-jvl.fr\/site\/2023\/07\/08\/marseille-7-juillet-2023\/","og_site_name":"Cabinet JVL","article_publisher":"https:\/\/www.facebook.com\/CabinetJVL","article_published_time":"2023-07-08T09:29:00+00:00","article_modified_time":"2023-10-14T09:31:52+00:00","og_image":[{"width":1024,"height":683,"url":"https:\/\/www.cabinet-jvl.fr\/site\/wp-content\/uploads\/Marseille.jpg","type":"image\/jpeg"}],"author":"J\u00e9r\u00f4me Valentin-L\u00e9autaud","twitter_card":"summary_large_image","twitter_creator":"@lamethodejvl","twitter_site":"@lamethodejvl","twitter_misc":{"\u00c9crit par":"J\u00e9r\u00f4me Valentin-L\u00e9autaud"},"schema":{"@context":"https:\/\/schema.org","@graph":[{"@type":"Article","@id":"https:\/\/www.cabinet-jvl.fr\/site\/2023\/07\/08\/marseille-7-juillet-2023\/#article","isPartOf":{"@id":"https:\/\/www.cabinet-jvl.fr\/site\/2023\/07\/08\/marseille-7-juillet-2023\/"},"author":{"name":"J\u00e9r\u00f4me Valentin-L\u00e9autaud","@id":"https:\/\/www.cabinet-jvl.fr\/site\/#\/schema\/person\/3f7adc0ea0ad8315a1ecc9e4d896e976"},"headline":"Marseille, 7 juillet 2023","datePublished":"2023-07-08T09:29:00+00:00","dateModified":"2023-10-14T09:31:52+00:00","mainEntityOfPage":{"@id":"https:\/\/www.cabinet-jvl.fr\/site\/2023\/07\/08\/marseille-7-juillet-2023\/"},"wordCount":93,"commentCount":0,"publisher":{"@id":"https:\/\/www.cabinet-jvl.fr\/site\/#organization"},"image":{"@id":"https:\/\/www.cabinet-jvl.fr\/site\/2023\/07\/08\/marseille-7-juillet-2023\/#primaryimage"},"thumbnailUrl":"https:\/\/www.cabinet-jvl.fr\/site\/wp-content\/uploads\/Marseille.jpg","articleSection":["D\u00e9placement"],"inLanguage":"fr-FR","potentialAction":[{"@type":"CommentAction","name":"Comment","target":["https:\/\/www.cabinet-jvl.fr\/site\/2023\/07\/08\/marseille-7-juillet-2023\/#respond"]}]},{"@type":"WebPage","@id":"https:\/\/www.cabinet-jvl.fr\/site\/2023\/07\/08\/marseille-7-juillet-2023\/","url":"https:\/\/www.cabinet-jvl.fr\/site\/2023\/07\/08\/marseille-7-juillet-2023\/","name":"Marseille, 7 juillet 2023 - Cabinet JVL","isPartOf":{"@id":"https:\/\/www.cabinet-jvl.fr\/site\/#website"},"primaryImageOfPage":{"@id":"https:\/\/www.cabinet-jvl.fr\/site\/2023\/07\/08\/marseille-7-juillet-2023\/#primaryimage"},"image":{"@id":"https:\/\/www.cabinet-jvl.fr\/site\/2023\/07\/08\/marseille-7-juillet-2023\/#primaryimage"},"thumbnailUrl":"https:\/\/www.cabinet-jvl.fr\/site\/wp-content\/uploads\/Marseille.jpg","datePublished":"2023-07-08T09:29:00+00:00","dateModified":"2023-10-14T09:31:52+00:00","breadcrumb":{"@id":"https:\/\/www.cabinet-jvl.fr\/site\/2023\/07\/08\/marseille-7-juillet-2023\/#breadcrumb"},"inLanguage":"fr-FR","potentialAction":[{"@type":"ReadAction","target":["https:\/\/www.cabinet-jvl.fr\/site\/2023\/07\/08\/marseille-7-juillet-2023\/"]}]},{"@type":"ImageObject","inLanguage":"fr-FR","@id":"https:\/\/www.cabinet-jvl.fr\/site\/2023\/07\/08\/marseille-7-juillet-2023\/#primaryimage","url":"https:\/\/www.cabinet-jvl.fr\/site\/wp-content\/uploads\/Marseille.jpg","contentUrl":"https:\/\/www.cabinet-jvl.fr\/site\/wp-content\/uploads\/Marseille.jpg","width":1024,"height":683},{"@type":"BreadcrumbList","@id":"https:\/\/www.cabinet-jvl.fr\/site\/2023\/07\/08\/marseille-7-juillet-2023\/#breadcrumb","itemListElement":[{"@type":"ListItem","position":1,"name":"Accueil","item":"https:\/\/www.cabinet-jvl.fr\/site\/"},{"@type":"ListItem","position":2,"name":"Marseille, 7 juillet 2023"}]},{"@type":"WebSite","@id":"https:\/\/www.cabinet-jvl.fr\/site\/#website","url":"https:\/\/www.cabinet-jvl.fr\/site\/","name":"Cabinet JVL","description":"J\u00e9r\u00f4me Valentin-L\u00e9autaud, Th\u00e9rapeute Consultant et Formateur \u00e0 Nice","publisher":{"@id":"https:\/\/www.cabinet-jvl.fr\/site\/#organization"},"potentialAction":[{"@type":"SearchAction","target":{"@type":"EntryPoint","urlTemplate":"https:\/\/www.cabinet-jvl.fr\/site\/?s={search_term_string}"},"query-input":{"@type":"PropertyValueSpecification","valueRequired":true,"valueName":"search_term_string"}}],"inLanguage":"fr-FR"},{"@type":"Organization","@id":"https:\/\/www.cabinet-jvl.fr\/site\/#organization","name":"Cabinet J\u00e9r\u00f4me Valentin-L\u00e9autaud","url":"https:\/\/www.cabinet-jvl.fr\/site\/","logo":{"@type":"ImageObject","inLanguage":"fr-FR","@id":"https:\/\/www.cabinet-jvl.fr\/site\/#\/schema\/logo\/image\/","url":"https:\/\/www.cabinet-jvl.fr\/site\/wp-content\/uploads\/logo-cabinet-jvl-s.png","contentUrl":"https:\/\/www.cabinet-jvl.fr\/site\/wp-content\/uploads\/logo-cabinet-jvl-s.png","width":1044,"height":638,"caption":"Cabinet J\u00e9r\u00f4me Valentin-L\u00e9autaud"},"image":{"@id":"https:\/\/www.cabinet-jvl.fr\/site\/#\/schema\/logo\/image\/"},"sameAs":["https:\/\/www.facebook.com\/CabinetJVL","https:\/\/x.com\/lamethodejvl"]},{"@type":"Person","@id":"https:\/\/www.cabinet-jvl.fr\/site\/#\/schema\/person\/3f7adc0ea0ad8315a1ecc9e4d896e976","name":"J\u00e9r\u00f4me Valentin-L\u00e9autaud","image":{"@type":"ImageObject","inLanguage":"fr-FR","@id":"https:\/\/www.cabinet-jvl.fr\/site\/#\/schema\/person\/image\/","url":"https:\/\/secure.gravatar.com\/avatar\/3c7df8595cbb6a5b80fff35e6641c1b2c9f037f9024948d5a5667177267c4526?s=96&d=mm&r=g","contentUrl":"https:\/\/secure.gravatar.com\/avatar\/3c7df8595cbb6a5b80fff35e6641c1b2c9f037f9024948d5a5667177267c4526?s=96&d=mm&r=g","caption":"J\u00e9r\u00f4me Valentin-L\u00e9autaud"},"sameAs":["https:\/\/www.cabinet-jvl.fr\/site"],"url":"https:\/\/www.cabinet-jvl.fr\/site\/author\/hcy3e\/"}]}},"_links":{"self":[{"href":"https:\/\/www.cabinet-jvl.fr\/site\/wp-json\/wp\/v2\/posts\/1134","targetHints":{"allow":["GET"]}}],"collection":[{"href":"https:\/\/www.cabinet-jvl.fr\/site\/wp-json\/wp\/v2\/posts"}],"about":[{"href":"https:\/\/www.cabinet-jvl.fr\/site\/wp-json\/wp\/v2\/types\/post"}],"author":[{"embeddable":true,"href":"https:\/\/www.cabinet-jvl.fr\/site\/wp-json\/wp\/v2\/users\/1"}],"replies":[{"embeddable":true,"href":"https:\/\/www.cabinet-jvl.fr\/site\/wp-json\/wp\/v2\/comments?post=1134"}],"version-history":[{"count":1,"href":"https:\/\/www.cabinet-jvl.fr\/site\/wp-json\/wp\/v2\/posts\/1134\/revisions"}],"predecessor-version":[{"id":1136,"href":"https:\/\/www.cabinet-jvl.fr\/site\/wp-json\/wp\/v2\/posts\/1134\/revisions\/1136"}],"wp:featuredmedia":[{"embeddable":true,"href":"https:\/\/www.cabinet-jvl.fr\/site\/wp-json\/wp\/v2\/media\/1135"}],"wp:attachment":[{"href":"https:\/\/www.cabinet-jvl.fr\/site\/wp-json\/wp\/v2\/media?parent=1134"}],"wp:term":[{"taxonomy":"category","embeddable":true,"href":"https:\/\/www.cabinet-jvl.fr\/site\/wp-json\/wp\/v2\/categories?post=1134"},{"taxonomy":"post_tag","embeddable":true,"href":"https:\/\/www.cabinet-jvl.fr\/site\/wp-json\/wp\/v2\/tags?post=1134"}],"curies":[{"name":"wp","href":"https:\/\/api.w.org\/{rel}","templated":true}]}}