{"id":1072,"date":"2023-05-09T23:36:36","date_gmt":"2023-05-09T21:36:36","guid":{"rendered":"https:\/\/www.cabinet-jvl.fr\/site\/?p=1072"},"modified":"2023-05-09T23:44:15","modified_gmt":"2023-05-09T21:44:15","slug":"sexualite-chems-et-reseaux-comprendre-pour-accompagner","status":"publish","type":"post","link":"https:\/\/www.cabinet-jvl.fr\/site\/2023\/05\/09\/sexualite-chems-et-reseaux-comprendre-pour-accompagner\/","title":{"rendered":"Sexualit\u00e9, chems et r\u00e9seaux : comprendre pour accompagner"},"content":{"rendered":"\n<h4 class=\"wp-block-heading\"><strong>A <a href=\"https:\/\/montreal.ca\/\" target=\"_blank\" rel=\"noreferrer noopener\">Montr\u00e9al<\/a> depuis lundi, c&#8217;est avec plaisir que je me pr\u00e9pare \u00e0 pr\u00e9senter deux communications durant le <a href=\"https:\/\/www.acfas.ca\/evenements\/congres\" target=\"_blank\" rel=\"noreferrer noopener\">90<sup>e<\/sup> Congr\u00e8s de l&#8217;Acfas<\/a> &#8211; <a href=\"https:\/\/www.acfas.ca\/\" target=\"_blank\" rel=\"noreferrer noopener\">Association francophone pour le savoir<\/a>  (du 8 au 12 mai 2023) au sein des locaux de l&#8217;Universit\u00e9 de Montr\u00e9al, HEC Montr\u00e9al et Polytechnique Montr\u00e9al. C&#8217;est sous la sympathique invitation de <\/strong><a href=\"https:\/\/www.acfas.ca\/user\/3332\" target=\"_blank\" rel=\"noreferrer noopener\">Gilbert \u00c9mond<\/a><strong> <em>(<a href=\"https:\/\/www.concordia.ca\/faculty\/gilbert-emond.html\" target=\"_blank\" rel=\"noreferrer noopener\">Universit\u00e9 Concordia<\/a>) <\/em>que ces projets de communication ont vu le jour. Elles seront donn\u00e9es durant le <a href=\"https:\/\/www.acfas.ca\/evenements\/congres\/programme\/90\/600\/637\/c\" target=\"_blank\" rel=\"noreferrer noopener\">Forum sur la r\u00e9duction des risques et des m\u00e9faits (RRM)<\/a><\/strong><\/h4>\n\n\n\n<!--more-->\n\n\n\n<div class=\"wp-block-media-text alignwide is-stacked-on-mobile is-vertically-aligned-top\" style=\"grid-template-columns:45% auto\"><figure class=\"wp-block-media-text__media\"><img loading=\"lazy\" decoding=\"async\" width=\"1015\" height=\"1024\" src=\"https:\/\/www.cabinet-jvl.fr\/site\/wp-content\/uploads\/20230509_133715-1015x1024.jpg\" alt=\"\" class=\"wp-image-1076 size-full\" srcset=\"https:\/\/www.cabinet-jvl.fr\/site\/wp-content\/uploads\/20230509_133715-1015x1024.jpg 1015w, https:\/\/www.cabinet-jvl.fr\/site\/wp-content\/uploads\/20230509_133715-300x303.jpg 300w, https:\/\/www.cabinet-jvl.fr\/site\/wp-content\/uploads\/20230509_133715-100x100.jpg 100w, https:\/\/www.cabinet-jvl.fr\/site\/wp-content\/uploads\/20230509_133715-600x605.jpg 600w, https:\/\/www.cabinet-jvl.fr\/site\/wp-content\/uploads\/20230509_133715-297x300.jpg 297w, https:\/\/www.cabinet-jvl.fr\/site\/wp-content\/uploads\/20230509_133715-150x150.jpg 150w, https:\/\/www.cabinet-jvl.fr\/site\/wp-content\/uploads\/20230509_133715-768x775.jpg 768w, https:\/\/www.cabinet-jvl.fr\/site\/wp-content\/uploads\/20230509_133715-1523x1536.jpg 1523w, https:\/\/www.cabinet-jvl.fr\/site\/wp-content\/uploads\/20230509_133715.jpg 1964w\" sizes=\"auto, (max-width: 1015px) 100vw, 1015px\" \/><\/figure><div class=\"wp-block-media-text__content\">\n<p><\/p>\n\n\n\n<p><strong>La premi\u00e8re communication s&#8217;intitule :<\/strong> <\/p>\n\n\n\n<p><strong><a href=\"https:\/\/www.acfas.ca\/evenements\/congres\/programme\/90\/600\/637\/c\" target=\"_blank\" rel=\"noreferrer noopener\">\u00ab Sexe &#8211; Chems &#8211; R\u00e9seaux sociaux\u00bb : analyse syst\u00e9mique d\u2019un triptyque sensible, vers un accompagnement sur mesure des usagers au service de la r\u00e9duction des risques<\/a> <\/strong><\/p>\n<\/div><\/div>\n\n\n\n<p><strong><em>R\u00e9sum\u00e9 :<\/em><\/strong> En s\u2019appuyant sur un corpus d\u2019enqu\u00eates (entretiens semi-directifs) qui repr\u00e9sentent une centaine d\u2019heures et sur des accompagnements individuels, le tout r\u00e9alis\u00e9 aupr\u00e8s d\u2019une quinzaine d\u2019usagers de Chems (3\/4MMC- CMC \u2013 Ghb \u2013 K\u00e9tamine\u2026) aux profils tr\u00e8s diff\u00e9rents (\u00e2ge, csp,\u2026) aux pratiques diverses (Sniff, Bump, Slam\u2026) et \u00e0 la sexualit\u00e9 non moins variables (du soft au hard), cette contribution proposera l\u2019articulation complexe entre : sexualit\u00e9, consommation de chems, et r\u00e9seaux sociaux au sens large. &nbsp;<\/p>\n\n\n\n<p>On s\u2019appuie sur l\u2019exp\u00e9rience terrain pour mettre l\u2019accent sur les strat\u00e9gies d\u2019accompagnement adapt\u00e9es \u00e0 la personne d\u2019un point de vue syst\u00e9mique et holistique et non seulement par une entr\u00e9e centr\u00e9e sur l\u2019usage du\/des produit(s) ou sur des types de pratiques ou encore des types de publics cibl\u00e9s par les doctrines de\u00a0RDR (R\u00e9duction des risques).\u00a0<\/p>\n\n\n\n<p>Et en s\u2019appuyant sur les parcours de vie des personnes interview\u00e9es, nous pr\u00e9senterons certains traits typologiques r\u00e9currents et \u00e9galement certaines sp\u00e9cificit\u00e9s qui emp\u00eachent d\u2019avoir une approche st\u00e9r\u00e9otyp\u00e9e et syst\u00e9matique en mati\u00e8re de r\u00e9duction des m\u00e9faits et des risques. L\u2019individualisation des d\u00e9marches d\u2019accompagnement s\u2019impose pour permettre d\u2019int\u00e9grer notamment les dimensions de chacun dans l\u2019offre d\u2019accompagnement (motivationnelles, \u00e9motionnelles, biographiques, sociales, culturelles, vuln\u00e9rabilit\u00e9s, isolement ou autre).<\/p>\n\n\n\n<div class=\"wp-block-media-text alignwide has-media-on-the-right is-stacked-on-mobile\" style=\"grid-template-columns:auto 52%\"><div class=\"wp-block-media-text__content\">\n<p><strong>La seconde communication s&#8217;intitule : <\/strong><\/p>\n\n\n\n<p><a href=\"https:\/\/www.acfas.ca\/evenements\/congres\/programme\/90\/600\/637\/c\" target=\"_blank\" rel=\"noreferrer noopener\"><strong>Accompagner les aidants et consolider l\u2019environnement psycho-affectif de l\u2019usager de produits psychoactif en contexte sexuel\u202f: une strat\u00e9gie syst\u00e9mique de r\u00e9duction des risques<\/strong><\/a><\/p>\n<\/div><figure class=\"wp-block-media-text__media\"><img loading=\"lazy\" decoding=\"async\" width=\"1024\" height=\"768\" src=\"https:\/\/www.cabinet-jvl.fr\/site\/wp-content\/uploads\/20230509_133053-1-1024x768.jpg\" alt=\"\" class=\"wp-image-1079 size-full\" srcset=\"https:\/\/www.cabinet-jvl.fr\/site\/wp-content\/uploads\/20230509_133053-1-1024x768.jpg 1024w, https:\/\/www.cabinet-jvl.fr\/site\/wp-content\/uploads\/20230509_133053-1-300x225.jpg 300w, https:\/\/www.cabinet-jvl.fr\/site\/wp-content\/uploads\/20230509_133053-1-scaled-600x450.jpg 600w, https:\/\/www.cabinet-jvl.fr\/site\/wp-content\/uploads\/20230509_133053-1-768x576.jpg 768w, https:\/\/www.cabinet-jvl.fr\/site\/wp-content\/uploads\/20230509_133053-1-1536x1152.jpg 1536w, https:\/\/www.cabinet-jvl.fr\/site\/wp-content\/uploads\/20230509_133053-1-2048x1536.jpg 2048w\" sizes=\"auto, (max-width: 1024px) 100vw, 1024px\" \/><\/figure><\/div>\n\n\n\n<p><strong><em>R\u00e9sum\u00e9 <\/em><\/strong>: \u00ab Autant on n\u2019arr\u00eate pas pour quelqu\u2019un, autant les proches ont \u00e9t\u00e9 essentiels dans mon arr\u00eat\u2026 \u00bb, cette r\u00e9flexion r\u00e9sume beaucoup le r\u00f4le des aidants aux cot\u00e9s de l\u2019usager de chems sexuels. En entrant dans la zone de turbulence qu\u2019est la confrontation \u00e0 l\u2019addiction, l\u2019entourage en ressent les cons\u00e9quences. La charge \u00e9motionnelle, et l\u2019\u00e9puisement qui en d\u00e9coule, accentue la d\u00e9stabilisation de l\u2019environnement relationnel de l\u2019usager et peut induire une aggravation de la situation (isolement, culpabilit\u00e9, d\u00e9gradation de l\u2019estime de soi, prises de risques, &#8230;)<\/p>\n\n\n\n<p>Dans une approche interactionniste, syst\u00e9mique, s\u2019appuyant sur 60 heures d\u2019entretien d\u2019accompagnement semi-directif (10 aidants non-consommateurs : conjoints, parents, amis, confr\u00e8res), nous traiterons du &#8220;burn-out&#8221; de l\u2019aidant et ses cons\u00e9quences directes sur l\u2019usager de chems.&nbsp;<\/p>\n\n\n\n<p>Avec l\u2019\u00e9puisement de l\u2019entourage viennent les ruptures dans le couple, la famille, les interactions sociales (facteurs de d\u00e9stabilisations suppl\u00e9mentaires). Comment le chemsexe \u00abprend toute la place dans la vie \u00bb et produit un repli \u201didentitaire\u201d vers la communaut\u00e9 chemsexeurs. Comment cet \u00ab enfermement \u00bb dans la pratique vient verrouiller un syst\u00e8me d\u2019addiction complexe. Et comment l\u2019abandon de toute forme d\u2019accompagnement r\u00e9pond \u00e0 un processus poussant d\u00e9j\u00e0 \u00e0 se couper d\u2019un r\u00e9el insupportable et de tout ce qui pourrait mettre \u00e0 mal l\u2019illusion associ\u00e9e au produit\u202f: illusion de libert\u00e9, de contr\u00f4le, de sociabilit\u00e9, de sexualit\u00e9 \u00e9panouie&#8230;<\/p>\n","protected":false},"excerpt":{"rendered":"<p>A Montr\u00e9al depuis lundi, c&#8217;est avec plaisir que je me pr\u00e9pare \u00e0 pr\u00e9senter deux communications durant le 90e Congr\u00e8s de l&#8217;Acfas &#8211; Association francophone pour le savoir (du 8 au 12 mai 2023) au sein des locaux de l&#8217;Universit\u00e9 de Montr\u00e9al, HEC Montr\u00e9al et Polytechnique Montr\u00e9al. C&#8217;est sous la sympathique invitation de Gilbert \u00c9mond (Universit\u00e9 [&hellip;]<\/p>\n","protected":false},"author":2,"featured_media":1074,"comment_status":"open","ping_status":"open","sticky":false,"template":"","format":"standard","meta":{"footnotes":""},"categories":[7,3,4],"tags":[],"class_list":["post-1072","post","type-post","status-publish","format-standard","has-post-thumbnail","hentry","category-a-la-une","category-formation","category-therapie"],"yoast_head":"<!-- This site is optimized with the Yoast SEO plugin v23.6 - https:\/\/yoast.com\/wordpress\/plugins\/seo\/ -->\n<title>Sexualit\u00e9, chems et r\u00e9seaux : comprendre pour accompagner - Cabinet JVL<\/title>\n<meta name=\"robots\" content=\"index, follow, max-snippet:-1, max-image-preview:large, max-video-preview:-1\" \/>\n<link rel=\"canonical\" href=\"https:\/\/www.cabinet-jvl.fr\/site\/2023\/05\/09\/sexualite-chems-et-reseaux-comprendre-pour-accompagner\/\" \/>\n<meta property=\"og:locale\" content=\"fr_FR\" \/>\n<meta property=\"og:type\" content=\"article\" \/>\n<meta property=\"og:title\" content=\"Sexualit\u00e9, chems et r\u00e9seaux : comprendre pour accompagner - Cabinet JVL\" \/>\n<meta property=\"og:description\" content=\"A Montr\u00e9al depuis lundi, c&#8217;est avec plaisir que je me pr\u00e9pare \u00e0 pr\u00e9senter deux communications durant le 90e Congr\u00e8s de l&#8217;Acfas &#8211; Association francophone pour le savoir (du 8 au 12 mai 2023) au sein des locaux de l&#8217;Universit\u00e9 de Montr\u00e9al, HEC Montr\u00e9al et Polytechnique Montr\u00e9al. C&#8217;est sous la sympathique invitation de Gilbert \u00c9mond (Universit\u00e9 [&hellip;]\" \/>\n<meta property=\"og:url\" content=\"https:\/\/www.cabinet-jvl.fr\/site\/2023\/05\/09\/sexualite-chems-et-reseaux-comprendre-pour-accompagner\/\" \/>\n<meta property=\"og:site_name\" content=\"Cabinet JVL\" \/>\n<meta property=\"article:publisher\" content=\"https:\/\/www.facebook.com\/CabinetJVL\" \/>\n<meta property=\"article:published_time\" content=\"2023-05-09T21:36:36+00:00\" \/>\n<meta property=\"article:modified_time\" content=\"2023-05-09T21:44:15+00:00\" \/>\n<meta property=\"og:image\" content=\"https:\/\/www.cabinet-jvl.fr\/site\/wp-content\/uploads\/20230509_133659-scaled.jpg\" \/>\n\t<meta property=\"og:image:width\" content=\"2560\" \/>\n\t<meta property=\"og:image:height\" content=\"1920\" \/>\n\t<meta property=\"og:image:type\" content=\"image\/jpeg\" \/>\n<meta name=\"author\" content=\"J\u00e9r\u00f4me Valentin-L\u00e9autaud\" \/>\n<meta name=\"twitter:card\" content=\"summary_large_image\" \/>\n<meta name=\"twitter:creator\" content=\"@lamethodejvl\" \/>\n<meta name=\"twitter:site\" content=\"@lamethodejvl\" \/>\n<meta name=\"twitter:label1\" content=\"\u00c9crit par\" \/>\n\t<meta name=\"twitter:data1\" content=\"J\u00e9r\u00f4me Valentin-L\u00e9autaud\" \/>\n\t<meta name=\"twitter:label2\" content=\"Dur\u00e9e de lecture estim\u00e9e\" \/>\n\t<meta name=\"twitter:data2\" content=\"3 minutes\" \/>\n<script type=\"application\/ld+json\" class=\"yoast-schema-graph\">{\"@context\":\"https:\/\/schema.org\",\"@graph\":[{\"@type\":\"Article\",\"@id\":\"https:\/\/www.cabinet-jvl.fr\/site\/2023\/05\/09\/sexualite-chems-et-reseaux-comprendre-pour-accompagner\/#article\",\"isPartOf\":{\"@id\":\"https:\/\/www.cabinet-jvl.fr\/site\/2023\/05\/09\/sexualite-chems-et-reseaux-comprendre-pour-accompagner\/\"},\"author\":{\"name\":\"J\u00e9r\u00f4me Valentin-L\u00e9autaud\",\"@id\":\"https:\/\/www.cabinet-jvl.fr\/site\/#\/schema\/person\/6e5b1c6b96e0d0add241b04222fc3c70\"},\"headline\":\"Sexualit\u00e9, chems et r\u00e9seaux : comprendre pour accompagner\",\"datePublished\":\"2023-05-09T21:36:36+00:00\",\"dateModified\":\"2023-05-09T21:44:15+00:00\",\"mainEntityOfPage\":{\"@id\":\"https:\/\/www.cabinet-jvl.fr\/site\/2023\/05\/09\/sexualite-chems-et-reseaux-comprendre-pour-accompagner\/\"},\"wordCount\":655,\"commentCount\":0,\"publisher\":{\"@id\":\"https:\/\/www.cabinet-jvl.fr\/site\/#organization\"},\"image\":{\"@id\":\"https:\/\/www.cabinet-jvl.fr\/site\/2023\/05\/09\/sexualite-chems-et-reseaux-comprendre-pour-accompagner\/#primaryimage\"},\"thumbnailUrl\":\"https:\/\/www.cabinet-jvl.fr\/site\/wp-content\/uploads\/20230509_133659-scaled.jpg\",\"articleSection\":[\"A la Une\",\"Formation\",\"Th\u00e9rapie\"],\"inLanguage\":\"fr-FR\",\"potentialAction\":[{\"@type\":\"CommentAction\",\"name\":\"Comment\",\"target\":[\"https:\/\/www.cabinet-jvl.fr\/site\/2023\/05\/09\/sexualite-chems-et-reseaux-comprendre-pour-accompagner\/#respond\"]}]},{\"@type\":\"WebPage\",\"@id\":\"https:\/\/www.cabinet-jvl.fr\/site\/2023\/05\/09\/sexualite-chems-et-reseaux-comprendre-pour-accompagner\/\",\"url\":\"https:\/\/www.cabinet-jvl.fr\/site\/2023\/05\/09\/sexualite-chems-et-reseaux-comprendre-pour-accompagner\/\",\"name\":\"Sexualit\u00e9, chems et r\u00e9seaux : comprendre pour accompagner - Cabinet JVL\",\"isPartOf\":{\"@id\":\"https:\/\/www.cabinet-jvl.fr\/site\/#website\"},\"primaryImageOfPage\":{\"@id\":\"https:\/\/www.cabinet-jvl.fr\/site\/2023\/05\/09\/sexualite-chems-et-reseaux-comprendre-pour-accompagner\/#primaryimage\"},\"image\":{\"@id\":\"https:\/\/www.cabinet-jvl.fr\/site\/2023\/05\/09\/sexualite-chems-et-reseaux-comprendre-pour-accompagner\/#primaryimage\"},\"thumbnailUrl\":\"https:\/\/www.cabinet-jvl.fr\/site\/wp-content\/uploads\/20230509_133659-scaled.jpg\",\"datePublished\":\"2023-05-09T21:36:36+00:00\",\"dateModified\":\"2023-05-09T21:44:15+00:00\",\"breadcrumb\":{\"@id\":\"https:\/\/www.cabinet-jvl.fr\/site\/2023\/05\/09\/sexualite-chems-et-reseaux-comprendre-pour-accompagner\/#breadcrumb\"},\"inLanguage\":\"fr-FR\",\"potentialAction\":[{\"@type\":\"ReadAction\",\"target\":[\"https:\/\/www.cabinet-jvl.fr\/site\/2023\/05\/09\/sexualite-chems-et-reseaux-comprendre-pour-accompagner\/\"]}]},{\"@type\":\"ImageObject\",\"inLanguage\":\"fr-FR\",\"@id\":\"https:\/\/www.cabinet-jvl.fr\/site\/2023\/05\/09\/sexualite-chems-et-reseaux-comprendre-pour-accompagner\/#primaryimage\",\"url\":\"https:\/\/www.cabinet-jvl.fr\/site\/wp-content\/uploads\/20230509_133659-scaled.jpg\",\"contentUrl\":\"https:\/\/www.cabinet-jvl.fr\/site\/wp-content\/uploads\/20230509_133659-scaled.jpg\",\"width\":2560,\"height\":1920},{\"@type\":\"BreadcrumbList\",\"@id\":\"https:\/\/www.cabinet-jvl.fr\/site\/2023\/05\/09\/sexualite-chems-et-reseaux-comprendre-pour-accompagner\/#breadcrumb\",\"itemListElement\":[{\"@type\":\"ListItem\",\"position\":1,\"name\":\"Accueil\",\"item\":\"https:\/\/www.cabinet-jvl.fr\/site\/\"},{\"@type\":\"ListItem\",\"position\":2,\"name\":\"Sexualit\u00e9, chems et r\u00e9seaux : comprendre pour accompagner\"}]},{\"@type\":\"WebSite\",\"@id\":\"https:\/\/www.cabinet-jvl.fr\/site\/#website\",\"url\":\"https:\/\/www.cabinet-jvl.fr\/site\/\",\"name\":\"Cabinet JVL\",\"description\":\"J\u00e9r\u00f4me Valentin-L\u00e9autaud, Th\u00e9rapeute Consultant et Formateur \u00e0 Nice\",\"publisher\":{\"@id\":\"https:\/\/www.cabinet-jvl.fr\/site\/#organization\"},\"potentialAction\":[{\"@type\":\"SearchAction\",\"target\":{\"@type\":\"EntryPoint\",\"urlTemplate\":\"https:\/\/www.cabinet-jvl.fr\/site\/?s={search_term_string}\"},\"query-input\":{\"@type\":\"PropertyValueSpecification\",\"valueRequired\":true,\"valueName\":\"search_term_string\"}}],\"inLanguage\":\"fr-FR\"},{\"@type\":\"Organization\",\"@id\":\"https:\/\/www.cabinet-jvl.fr\/site\/#organization\",\"name\":\"Cabinet J\u00e9r\u00f4me Valentin-L\u00e9autaud\",\"url\":\"https:\/\/www.cabinet-jvl.fr\/site\/\",\"logo\":{\"@type\":\"ImageObject\",\"inLanguage\":\"fr-FR\",\"@id\":\"https:\/\/www.cabinet-jvl.fr\/site\/#\/schema\/logo\/image\/\",\"url\":\"https:\/\/www.cabinet-jvl.fr\/site\/wp-content\/uploads\/logo-cabinet-jvl-s.png\",\"contentUrl\":\"https:\/\/www.cabinet-jvl.fr\/site\/wp-content\/uploads\/logo-cabinet-jvl-s.png\",\"width\":1044,\"height\":638,\"caption\":\"Cabinet J\u00e9r\u00f4me Valentin-L\u00e9autaud\"},\"image\":{\"@id\":\"https:\/\/www.cabinet-jvl.fr\/site\/#\/schema\/logo\/image\/\"},\"sameAs\":[\"https:\/\/www.facebook.com\/CabinetJVL\",\"https:\/\/x.com\/lamethodejvl\"]},{\"@type\":\"Person\",\"@id\":\"https:\/\/www.cabinet-jvl.fr\/site\/#\/schema\/person\/6e5b1c6b96e0d0add241b04222fc3c70\",\"name\":\"J\u00e9r\u00f4me Valentin-L\u00e9autaud\",\"image\":{\"@type\":\"ImageObject\",\"inLanguage\":\"fr-FR\",\"@id\":\"https:\/\/www.cabinet-jvl.fr\/site\/#\/schema\/person\/image\/\",\"url\":\"https:\/\/secure.gravatar.com\/avatar\/320546516242fa092184253c303851dd20d5830010cdcfb81d184d8abb5d1eed?s=96&d=mm&r=g\",\"contentUrl\":\"https:\/\/secure.gravatar.com\/avatar\/320546516242fa092184253c303851dd20d5830010cdcfb81d184d8abb5d1eed?s=96&d=mm&r=g\",\"caption\":\"J\u00e9r\u00f4me Valentin-L\u00e9autaud\"},\"url\":\"https:\/\/www.cabinet-jvl.fr\/site\/author\/jeromevl\/\"}]}<\/script>\n<!-- \/ Yoast SEO plugin. -->","yoast_head_json":{"title":"Sexualit\u00e9, chems et r\u00e9seaux : comprendre pour accompagner - Cabinet JVL","robots":{"index":"index","follow":"follow","max-snippet":"max-snippet:-1","max-image-preview":"max-image-preview:large","max-video-preview":"max-video-preview:-1"},"canonical":"https:\/\/www.cabinet-jvl.fr\/site\/2023\/05\/09\/sexualite-chems-et-reseaux-comprendre-pour-accompagner\/","og_locale":"fr_FR","og_type":"article","og_title":"Sexualit\u00e9, chems et r\u00e9seaux : comprendre pour accompagner - Cabinet JVL","og_description":"A Montr\u00e9al depuis lundi, c&#8217;est avec plaisir que je me pr\u00e9pare \u00e0 pr\u00e9senter deux communications durant le 90e Congr\u00e8s de l&#8217;Acfas &#8211; Association francophone pour le savoir (du 8 au 12 mai 2023) au sein des locaux de l&#8217;Universit\u00e9 de Montr\u00e9al, HEC Montr\u00e9al et Polytechnique Montr\u00e9al. C&#8217;est sous la sympathique invitation de Gilbert \u00c9mond (Universit\u00e9 [&hellip;]","og_url":"https:\/\/www.cabinet-jvl.fr\/site\/2023\/05\/09\/sexualite-chems-et-reseaux-comprendre-pour-accompagner\/","og_site_name":"Cabinet JVL","article_publisher":"https:\/\/www.facebook.com\/CabinetJVL","article_published_time":"2023-05-09T21:36:36+00:00","article_modified_time":"2023-05-09T21:44:15+00:00","og_image":[{"width":2560,"height":1920,"url":"https:\/\/www.cabinet-jvl.fr\/site\/wp-content\/uploads\/20230509_133659-scaled.jpg","type":"image\/jpeg"}],"author":"J\u00e9r\u00f4me Valentin-L\u00e9autaud","twitter_card":"summary_large_image","twitter_creator":"@lamethodejvl","twitter_site":"@lamethodejvl","twitter_misc":{"\u00c9crit par":"J\u00e9r\u00f4me Valentin-L\u00e9autaud","Dur\u00e9e de lecture estim\u00e9e":"3 minutes"},"schema":{"@context":"https:\/\/schema.org","@graph":[{"@type":"Article","@id":"https:\/\/www.cabinet-jvl.fr\/site\/2023\/05\/09\/sexualite-chems-et-reseaux-comprendre-pour-accompagner\/#article","isPartOf":{"@id":"https:\/\/www.cabinet-jvl.fr\/site\/2023\/05\/09\/sexualite-chems-et-reseaux-comprendre-pour-accompagner\/"},"author":{"name":"J\u00e9r\u00f4me Valentin-L\u00e9autaud","@id":"https:\/\/www.cabinet-jvl.fr\/site\/#\/schema\/person\/6e5b1c6b96e0d0add241b04222fc3c70"},"headline":"Sexualit\u00e9, chems et r\u00e9seaux : comprendre pour accompagner","datePublished":"2023-05-09T21:36:36+00:00","dateModified":"2023-05-09T21:44:15+00:00","mainEntityOfPage":{"@id":"https:\/\/www.cabinet-jvl.fr\/site\/2023\/05\/09\/sexualite-chems-et-reseaux-comprendre-pour-accompagner\/"},"wordCount":655,"commentCount":0,"publisher":{"@id":"https:\/\/www.cabinet-jvl.fr\/site\/#organization"},"image":{"@id":"https:\/\/www.cabinet-jvl.fr\/site\/2023\/05\/09\/sexualite-chems-et-reseaux-comprendre-pour-accompagner\/#primaryimage"},"thumbnailUrl":"https:\/\/www.cabinet-jvl.fr\/site\/wp-content\/uploads\/20230509_133659-scaled.jpg","articleSection":["A la Une","Formation","Th\u00e9rapie"],"inLanguage":"fr-FR","potentialAction":[{"@type":"CommentAction","name":"Comment","target":["https:\/\/www.cabinet-jvl.fr\/site\/2023\/05\/09\/sexualite-chems-et-reseaux-comprendre-pour-accompagner\/#respond"]}]},{"@type":"WebPage","@id":"https:\/\/www.cabinet-jvl.fr\/site\/2023\/05\/09\/sexualite-chems-et-reseaux-comprendre-pour-accompagner\/","url":"https:\/\/www.cabinet-jvl.fr\/site\/2023\/05\/09\/sexualite-chems-et-reseaux-comprendre-pour-accompagner\/","name":"Sexualit\u00e9, chems et r\u00e9seaux : comprendre pour accompagner - Cabinet JVL","isPartOf":{"@id":"https:\/\/www.cabinet-jvl.fr\/site\/#website"},"primaryImageOfPage":{"@id":"https:\/\/www.cabinet-jvl.fr\/site\/2023\/05\/09\/sexualite-chems-et-reseaux-comprendre-pour-accompagner\/#primaryimage"},"image":{"@id":"https:\/\/www.cabinet-jvl.fr\/site\/2023\/05\/09\/sexualite-chems-et-reseaux-comprendre-pour-accompagner\/#primaryimage"},"thumbnailUrl":"https:\/\/www.cabinet-jvl.fr\/site\/wp-content\/uploads\/20230509_133659-scaled.jpg","datePublished":"2023-05-09T21:36:36+00:00","dateModified":"2023-05-09T21:44:15+00:00","breadcrumb":{"@id":"https:\/\/www.cabinet-jvl.fr\/site\/2023\/05\/09\/sexualite-chems-et-reseaux-comprendre-pour-accompagner\/#breadcrumb"},"inLanguage":"fr-FR","potentialAction":[{"@type":"ReadAction","target":["https:\/\/www.cabinet-jvl.fr\/site\/2023\/05\/09\/sexualite-chems-et-reseaux-comprendre-pour-accompagner\/"]}]},{"@type":"ImageObject","inLanguage":"fr-FR","@id":"https:\/\/www.cabinet-jvl.fr\/site\/2023\/05\/09\/sexualite-chems-et-reseaux-comprendre-pour-accompagner\/#primaryimage","url":"https:\/\/www.cabinet-jvl.fr\/site\/wp-content\/uploads\/20230509_133659-scaled.jpg","contentUrl":"https:\/\/www.cabinet-jvl.fr\/site\/wp-content\/uploads\/20230509_133659-scaled.jpg","width":2560,"height":1920},{"@type":"BreadcrumbList","@id":"https:\/\/www.cabinet-jvl.fr\/site\/2023\/05\/09\/sexualite-chems-et-reseaux-comprendre-pour-accompagner\/#breadcrumb","itemListElement":[{"@type":"ListItem","position":1,"name":"Accueil","item":"https:\/\/www.cabinet-jvl.fr\/site\/"},{"@type":"ListItem","position":2,"name":"Sexualit\u00e9, chems et r\u00e9seaux : comprendre pour accompagner"}]},{"@type":"WebSite","@id":"https:\/\/www.cabinet-jvl.fr\/site\/#website","url":"https:\/\/www.cabinet-jvl.fr\/site\/","name":"Cabinet JVL","description":"J\u00e9r\u00f4me Valentin-L\u00e9autaud, Th\u00e9rapeute Consultant et Formateur \u00e0 Nice","publisher":{"@id":"https:\/\/www.cabinet-jvl.fr\/site\/#organization"},"potentialAction":[{"@type":"SearchAction","target":{"@type":"EntryPoint","urlTemplate":"https:\/\/www.cabinet-jvl.fr\/site\/?s={search_term_string}"},"query-input":{"@type":"PropertyValueSpecification","valueRequired":true,"valueName":"search_term_string"}}],"inLanguage":"fr-FR"},{"@type":"Organization","@id":"https:\/\/www.cabinet-jvl.fr\/site\/#organization","name":"Cabinet J\u00e9r\u00f4me Valentin-L\u00e9autaud","url":"https:\/\/www.cabinet-jvl.fr\/site\/","logo":{"@type":"ImageObject","inLanguage":"fr-FR","@id":"https:\/\/www.cabinet-jvl.fr\/site\/#\/schema\/logo\/image\/","url":"https:\/\/www.cabinet-jvl.fr\/site\/wp-content\/uploads\/logo-cabinet-jvl-s.png","contentUrl":"https:\/\/www.cabinet-jvl.fr\/site\/wp-content\/uploads\/logo-cabinet-jvl-s.png","width":1044,"height":638,"caption":"Cabinet J\u00e9r\u00f4me Valentin-L\u00e9autaud"},"image":{"@id":"https:\/\/www.cabinet-jvl.fr\/site\/#\/schema\/logo\/image\/"},"sameAs":["https:\/\/www.facebook.com\/CabinetJVL","https:\/\/x.com\/lamethodejvl"]},{"@type":"Person","@id":"https:\/\/www.cabinet-jvl.fr\/site\/#\/schema\/person\/6e5b1c6b96e0d0add241b04222fc3c70","name":"J\u00e9r\u00f4me Valentin-L\u00e9autaud","image":{"@type":"ImageObject","inLanguage":"fr-FR","@id":"https:\/\/www.cabinet-jvl.fr\/site\/#\/schema\/person\/image\/","url":"https:\/\/secure.gravatar.com\/avatar\/320546516242fa092184253c303851dd20d5830010cdcfb81d184d8abb5d1eed?s=96&d=mm&r=g","contentUrl":"https:\/\/secure.gravatar.com\/avatar\/320546516242fa092184253c303851dd20d5830010cdcfb81d184d8abb5d1eed?s=96&d=mm&r=g","caption":"J\u00e9r\u00f4me Valentin-L\u00e9autaud"},"url":"https:\/\/www.cabinet-jvl.fr\/site\/author\/jeromevl\/"}]}},"_links":{"self":[{"href":"https:\/\/www.cabinet-jvl.fr\/site\/wp-json\/wp\/v2\/posts\/1072","targetHints":{"allow":["GET"]}}],"collection":[{"href":"https:\/\/www.cabinet-jvl.fr\/site\/wp-json\/wp\/v2\/posts"}],"about":[{"href":"https:\/\/www.cabinet-jvl.fr\/site\/wp-json\/wp\/v2\/types\/post"}],"author":[{"embeddable":true,"href":"https:\/\/www.cabinet-jvl.fr\/site\/wp-json\/wp\/v2\/users\/2"}],"replies":[{"embeddable":true,"href":"https:\/\/www.cabinet-jvl.fr\/site\/wp-json\/wp\/v2\/comments?post=1072"}],"version-history":[{"count":5,"href":"https:\/\/www.cabinet-jvl.fr\/site\/wp-json\/wp\/v2\/posts\/1072\/revisions"}],"predecessor-version":[{"id":1083,"href":"https:\/\/www.cabinet-jvl.fr\/site\/wp-json\/wp\/v2\/posts\/1072\/revisions\/1083"}],"wp:featuredmedia":[{"embeddable":true,"href":"https:\/\/www.cabinet-jvl.fr\/site\/wp-json\/wp\/v2\/media\/1074"}],"wp:attachment":[{"href":"https:\/\/www.cabinet-jvl.fr\/site\/wp-json\/wp\/v2\/media?parent=1072"}],"wp:term":[{"taxonomy":"category","embeddable":true,"href":"https:\/\/www.cabinet-jvl.fr\/site\/wp-json\/wp\/v2\/categories?post=1072"},{"taxonomy":"post_tag","embeddable":true,"href":"https:\/\/www.cabinet-jvl.fr\/site\/wp-json\/wp\/v2\/tags?post=1072"}],"curies":[{"name":"wp","href":"https:\/\/api.w.org\/{rel}","templated":true}]}}